{"id":99926,"date":"2023-10-22T21:30:15","date_gmt":"2023-10-23T00:30:15","guid":{"rendered":"https:\/\/www.centraldenoticias.com.ar\/?p=99926"},"modified":"2023-10-22T22:18:05","modified_gmt":"2023-10-23T01:18:05","slug":"celeste-arouxet-somos-una-de-las-principales-fuerzas-de-olavarria","status":"publish","type":"post","link":"https:\/\/cdnoticias.com\/index.php\/2023\/10\/22\/celeste-arouxet-somos-una-de-las-principales-fuerzas-de-olavarria\/","title":{"rendered":"Celeste Arouxet: \u201cSomos una de las principales fuerzas de Olavarr\u00eda\u201d"},"content":{"rendered":"<p>La candidata de La Libertad Avanza felicit\u00f3 a Wesner y \u201cpresent\u00f3\u201d a los tres concejales que ingresar\u00e1n al HCD. \u201cNo podemos explicar lo que hemos logrado en dos a\u00f1os\u201d.<!--more--><\/p>\n<hr \/>\n<p>En una conferencia realizada en el local partidario de La Libertad Avanza, <strong>Celeste Arouxet se adjudic\u00f3 el segundo lugar en las elecciones y reconoci\u00f3 el triunfo de Maximiliano Wesner. \u201cNo podemos explicar lo que hemos logrado\u201d dijo.<\/strong><\/p>\n<p>&nbsp;<\/p>\n<p>En primera instancia, la conferencia la realiz\u00f3 con quien afirm\u00f3 ser\u00e1n los tres nuevos concejales: <strong>Guillermo Lascano, Adela Casamayor y Marcelo Petehs.<\/strong><\/p>\n<p>&nbsp;<\/p>\n<p><em>\u201cMaxi Wesner ser\u00eda el Intendente y nosotros la segunda fuerza\u201d<\/em> dijo Arouxet que reconoci\u00f3 que<strong> llamar\u00e1 al ganador \u201cpero no ir\u00e9 a su espacio, me quedar\u00e9 celebrando con mi gente\u201d.<\/strong><\/p>\n<p>&nbsp;<\/p>\n<p><img data-recalc-dims=\"1\" loading=\"lazy\" decoding=\"async\" class=\"alignnone size-large wp-image-99928\" src=\"https:\/\/i0.wp.com\/cdnoticias.com\/wp-content\/uploads\/2023\/10\/arouxet-eleccion2-1024x576.jpg?resize=800%2C450&#038;ssl=1\" alt=\"\" width=\"800\" height=\"450\" srcset=\"https:\/\/i0.wp.com\/cdnoticias.com\/wp-content\/uploads\/2023\/10\/arouxet-eleccion2.jpg?resize=1024%2C576&amp;ssl=1 1024w, https:\/\/i0.wp.com\/cdnoticias.com\/wp-content\/uploads\/2023\/10\/arouxet-eleccion2.jpg?resize=300%2C169&amp;ssl=1 300w, https:\/\/i0.wp.com\/cdnoticias.com\/wp-content\/uploads\/2023\/10\/arouxet-eleccion2.jpg?resize=768%2C432&amp;ssl=1 768w, https:\/\/i0.wp.com\/cdnoticias.com\/wp-content\/uploads\/2023\/10\/arouxet-eleccion2.jpg?resize=1536%2C864&amp;ssl=1 1536w, https:\/\/i0.wp.com\/cdnoticias.com\/wp-content\/uploads\/2023\/10\/arouxet-eleccion2.jpg?w=1599&amp;ssl=1 1599w\" sizes=\"auto, (max-width: 800px) 100vw, 800px\" \/><\/p>\n<p>&nbsp;<\/p>\n<blockquote><p>\u201cNo podemos explicar lo que hemos logrado en dos a\u00f1os, se hizo un laburo tremendo. Ver fiscales sentados, ver a mi gente, ver a mi juventud, es la mejor de toda Olavarr\u00eda\u201d dijo ante el aplauso y los cantitos de los presentes, y que adem\u00e1s gener\u00f3 el llanto de la candidata.<\/p><\/blockquote>\n<p>&nbsp;<\/p>\n<p><strong><em>\u201cSomos un espacio que quienes saben de pol\u00edtica local crecimos no algo m\u00e1s que lo normal, superamos todo en Olavarr\u00eda. El objetivo era grande, \u00edbamos contra dos gigantes: a uno lo dejamos terceros<\/em><\/strong>\u201d a\u00f1adieron.<\/p>\n<p>&nbsp;<\/p>\n<p>Agradecieron a Guillermo Lascano <em>\u201cla pata fundamental de todo esto\u201d<\/em> y Arouxet dej\u00f3 en claro que <em>\u201cno perdimos, ac\u00e1 se gan\u00f3, y lo voy a seguir demostrando. No tenemos los n\u00fameros, pero hay chances de un cuarto concejal\u201d<\/em> a\u00f1adi\u00f3 incluso.<\/p>\n<p>&nbsp;<\/p>\n<blockquote><p>\u201cNuestro cuerpo legislativo va a tener mucha fuerza, con 4 o 5 ni te cuento. Eso es gracias a ustedes, a los fiscales que nos dieron batalla, nos hicieron las mil y una y pudimos\u201d.<\/p><\/blockquote>\n<p>&nbsp;<\/p>\n<p><strong><em>\u201cEsper\u00e1bamos una mejor elecci\u00f3n con Javier Milei, pero estoy feliz, somos una de las principales fuerzas de Olavarr\u00eda. Y sin un peso\u201d<\/em><\/strong> se\u00f1al\u00f3 tambi\u00e9n.<\/p>\n","protected":false},"excerpt":{"rendered":"<p>La candidata de La Libertad Avanza felicit\u00f3 a Wesner y \u201cpresent\u00f3\u201d a los tres concejales que ingresar\u00e1n al HCD. \u201cNo<\/p>\n","protected":false},"author":1,"featured_media":99927,"comment_status":"closed","ping_status":"closed","sticky":false,"template":"","format":"standard","meta":{"_jetpack_memberships_contains_paid_content":false,"footnotes":""},"categories":[4,1],"tags":[],"class_list":["post-99926","post","type-post","status-publish","format-standard","has-post-thumbnail","hentry","category-politica","category-portada"],"jetpack_featured_media_url":"https:\/\/i0.wp.com\/cdnoticias.com\/wp-content\/uploads\/2023\/10\/arouxet-eleccion1.jpg?fit=1600%2C890&ssl=1","jetpack_sharing_enabled":true,"_links":{"self":[{"href":"https:\/\/cdnoticias.com\/index.php\/wp-json\/wp\/v2\/posts\/99926","targetHints":{"allow":["GET"]}}],"collection":[{"href":"https:\/\/cdnoticias.com\/index.php\/wp-json\/wp\/v2\/posts"}],"about":[{"href":"https:\/\/cdnoticias.com\/index.php\/wp-json\/wp\/v2\/types\/post"}],"author":[{"embeddable":true,"href":"https:\/\/cdnoticias.com\/index.php\/wp-json\/wp\/v2\/users\/1"}],"replies":[{"embeddable":true,"href":"https:\/\/cdnoticias.com\/index.php\/wp-json\/wp\/v2\/comments?post=99926"}],"version-history":[{"count":0,"href":"https:\/\/cdnoticias.com\/index.php\/wp-json\/wp\/v2\/posts\/99926\/revisions"}],"wp:featuredmedia":[{"embeddable":true,"href":"https:\/\/cdnoticias.com\/index.php\/wp-json\/wp\/v2\/media\/99927"}],"wp:attachment":[{"href":"https:\/\/cdnoticias.com\/index.php\/wp-json\/wp\/v2\/media?parent=99926"}],"wp:term":[{"taxonomy":"category","embeddable":true,"href":"https:\/\/cdnoticias.com\/index.php\/wp-json\/wp\/v2\/categories?post=99926"},{"taxonomy":"post_tag","embeddable":true,"href":"https:\/\/cdnoticias.com\/index.php\/wp-json\/wp\/v2\/tags?post=99926"}],"curies":[{"name":"wp","href":"https:\/\/api.w.org\/{rel}","templated":true}]}}