{"id":99897,"date":"2023-10-22T18:53:31","date_gmt":"2023-10-22T21:53:31","guid":{"rendered":"https:\/\/www.centraldenoticias.com.ar\/?p=99897"},"modified":"2023-10-22T20:37:46","modified_gmt":"2023-10-22T23:37:46","slug":"andres-malamud-hay-entusiasmo-democratico","status":"publish","type":"post","link":"https:\/\/cdnoticias.com\/index.php\/2023\/10\/22\/andres-malamud-hay-entusiasmo-democratico\/","title":{"rendered":"Andr\u00e9s Malamud: \u201cHay entusiasmo democr\u00e1tico\u201d"},"content":{"rendered":"<p>El polit\u00f3logo fiscaliz\u00f3 en Olavarr\u00eda. Se\u00f1al\u00f3 que \u201cla gente no viene deprimida y no viene enojada\u201d. Los espacios \u201cen shock\u201d a nivel nacional, el voto del interior y el voto joven. La clave al 10 de diciembre: \u201cqu\u00e9 esperan los mercados\u201d.<\/p>\n<p><!--more--><\/p>\n<hr \/>\n<p>El <strong>polit\u00f3logo Andr\u00e9s Malamud<\/strong> radicado en Lisboa, fue <strong>fiscal de Juntos por el Cambio en Olavarr\u00eda<\/strong>. Finalizado los comicios, habl\u00f3 con <strong>Central de Noticias<\/strong>, en el ex Colegio Nacional.<\/p>\n<p>Celebr\u00f3 la participaci\u00f3n democr\u00e1tica y <strong>se mostr\u00f3 satisfecho de \u201cque mi partido me siga permitiendo hacer esto que me encanta, que es fiscalizar y escrutar<\/strong>, la parte linda que mezcla al militante con el nerd\u201d.<\/p>\n<blockquote><p>Asimismo, describi\u00f3 la jornada y resalt\u00f3 el \u00e1nimo de los ciudadanos. \u201cLa gente no viene deprimida y no viene enojada. Hay entusiasmo democr\u00e1tico\u201d. Y agreg\u00f3 que la campa\u00f1a \u201cdel miedo\u201d en Olavarr\u00eda \u201cno se not\u00f3\u201d.<\/p><\/blockquote>\n<p>Por otra parte, se tom\u00f3 unos segundos para reflexionar sobre los<strong> posibles escenarios<\/strong> y asegur\u00f3 que <em>\u201cdepende de la distribuci\u00f3n de las preferencias y de la distribuci\u00f3n de poder en las instituciones\u201d.<\/em><\/p>\n<p><img data-recalc-dims=\"1\" loading=\"lazy\" decoding=\"async\" class=\"size-full wp-image-99899 aligncenter\" src=\"https:\/\/i0.wp.com\/cdnoticias.com\/wp-content\/uploads\/2023\/10\/malamud-andres-01.jpg?resize=800%2C445&#038;ssl=1\" alt=\"\" width=\"800\" height=\"445\" srcset=\"https:\/\/i0.wp.com\/cdnoticias.com\/wp-content\/uploads\/2023\/10\/malamud-andres-01.jpg?w=800&amp;ssl=1 800w, https:\/\/i0.wp.com\/cdnoticias.com\/wp-content\/uploads\/2023\/10\/malamud-andres-01.jpg?resize=300%2C167&amp;ssl=1 300w, https:\/\/i0.wp.com\/cdnoticias.com\/wp-content\/uploads\/2023\/10\/malamud-andres-01.jpg?resize=768%2C427&amp;ssl=1 768w\" sizes=\"auto, (max-width: 800px) 100vw, 800px\" \/><\/p>\n<p>En ese sentido, ampli\u00f3 que <strong>\u201clas preferencias podr\u00edan dictar un triple empate, pero ese triple empate no se refleja ni en el Congreso ni en las gobernaciones.<\/strong> As\u00ed que hay <strong>dos candidatos que tendr\u00edan apoyo institucional<\/strong> y un candidato que no. Y eso no lo hace ni mejor ni peor, lo hace<strong> d\u00e9bil\u201d.<\/strong><\/p>\n<blockquote><p>\u201cEso es lo que vamos a definir ahora: si el candidato d\u00e9bil institucionalmente gana las elecciones o si la ganan o quedan en el balotaje los otros dos\u201d, agreg\u00f3.<\/p><\/blockquote>\n<h2>Nuevos escenarios<\/h2>\n<p>Malamud destac\u00f3 que tras las PASO los espacios que salieron en segundo y tercer lugar a nivel nacional \u201cquedaron en shock\u201d y que <strong>\u201chay dos cosas que no previeron. Primero el voto del interior. Y lo otro, es el voto joven, arrasador\u201d.<\/strong><\/p>\n<p><img data-recalc-dims=\"1\" loading=\"lazy\" decoding=\"async\" class=\"size-full wp-image-99901 aligncenter\" src=\"https:\/\/i0.wp.com\/cdnoticias.com\/wp-content\/uploads\/2023\/10\/malamud-andres-03.jpg?resize=800%2C445&#038;ssl=1\" alt=\"\" width=\"800\" height=\"445\" srcset=\"https:\/\/i0.wp.com\/cdnoticias.com\/wp-content\/uploads\/2023\/10\/malamud-andres-03.jpg?w=800&amp;ssl=1 800w, https:\/\/i0.wp.com\/cdnoticias.com\/wp-content\/uploads\/2023\/10\/malamud-andres-03.jpg?resize=300%2C167&amp;ssl=1 300w, https:\/\/i0.wp.com\/cdnoticias.com\/wp-content\/uploads\/2023\/10\/malamud-andres-03.jpg?resize=768%2C427&amp;ssl=1 768w\" sizes=\"auto, (max-width: 800px) 100vw, 800px\" \/><\/p>\n<p>Adem\u00e1s, consider\u00f3 que \u201clo de las redes vino para quedarse, llega tarde Argentina porque ya estaba con Twitter en Estados Unidos, Trump, y con WhatsApp en Brasil, v\u00eda Bolsonaro. Ac\u00e1 llega sobre todo TikTok, que es la red en la que Milei se destaca\u201d.<\/p>\n<blockquote><p>De ac\u00e1 al 10 de diciembre se\u00f1al\u00f3 que hay que observar \u201cqu\u00e9 esperan los mercados\u201d y esto significa \u201csi hay devaluaci\u00f3n y si se dispara el d\u00f3lar. Hay candidatos que, no los califico de buenos ni malos, pero tranquilizan a los mercados. Hay candidatos que los ponen nerviosos. Sorprendentemente hay un candidato pro-mercado que pone a los nerviosos a los mercados\u201d.<\/p><\/blockquote>\n<p><em>\u201cEn funci\u00f3n de c\u00f3mo quede, no solamente qui\u00e9n gana, sino a qu\u00e9 diferencia el que lo sigue, es c\u00f3mo van a reaccionar los mercados\u201d<\/em>, concluy\u00f3.<\/p>\n","protected":false},"excerpt":{"rendered":"<p>El polit\u00f3logo fiscaliz\u00f3 en Olavarr\u00eda. Se\u00f1al\u00f3 que \u201cla gente no viene deprimida y no viene enojada\u201d. Los espacios \u201cen shock\u201d<\/p>\n","protected":false},"author":1,"featured_media":99900,"comment_status":"closed","ping_status":"closed","sticky":false,"template":"","format":"standard","meta":{"_jetpack_memberships_contains_paid_content":false,"footnotes":""},"categories":[4,1],"tags":[],"class_list":["post-99897","post","type-post","status-publish","format-standard","has-post-thumbnail","hentry","category-politica","category-portada"],"jetpack_featured_media_url":"https:\/\/i0.wp.com\/cdnoticias.com\/wp-content\/uploads\/2023\/10\/malamud-andres-02.jpg?fit=800%2C445&ssl=1","jetpack_sharing_enabled":true,"_links":{"self":[{"href":"https:\/\/cdnoticias.com\/index.php\/wp-json\/wp\/v2\/posts\/99897","targetHints":{"allow":["GET"]}}],"collection":[{"href":"https:\/\/cdnoticias.com\/index.php\/wp-json\/wp\/v2\/posts"}],"about":[{"href":"https:\/\/cdnoticias.com\/index.php\/wp-json\/wp\/v2\/types\/post"}],"author":[{"embeddable":true,"href":"https:\/\/cdnoticias.com\/index.php\/wp-json\/wp\/v2\/users\/1"}],"replies":[{"embeddable":true,"href":"https:\/\/cdnoticias.com\/index.php\/wp-json\/wp\/v2\/comments?post=99897"}],"version-history":[{"count":0,"href":"https:\/\/cdnoticias.com\/index.php\/wp-json\/wp\/v2\/posts\/99897\/revisions"}],"wp:featuredmedia":[{"embeddable":true,"href":"https:\/\/cdnoticias.com\/index.php\/wp-json\/wp\/v2\/media\/99900"}],"wp:attachment":[{"href":"https:\/\/cdnoticias.com\/index.php\/wp-json\/wp\/v2\/media?parent=99897"}],"wp:term":[{"taxonomy":"category","embeddable":true,"href":"https:\/\/cdnoticias.com\/index.php\/wp-json\/wp\/v2\/categories?post=99897"},{"taxonomy":"post_tag","embeddable":true,"href":"https:\/\/cdnoticias.com\/index.php\/wp-json\/wp\/v2\/tags?post=99897"}],"curies":[{"name":"wp","href":"https:\/\/api.w.org\/{rel}","templated":true}]}}