{"id":99894,"date":"2023-10-22T18:19:01","date_gmt":"2023-10-22T21:19:01","guid":{"rendered":"https:\/\/www.centraldenoticias.com.ar\/?p=99894"},"modified":"2023-10-22T19:50:48","modified_gmt":"2023-10-22T22:50:48","slug":"cerro-la-votacion-en-olavarria-participo-un-76-del-electorado","status":"publish","type":"post","link":"https:\/\/cdnoticias.com\/index.php\/2023\/10\/22\/cerro-la-votacion-en-olavarria-participo-un-76-del-electorado\/","title":{"rendered":"Cerr\u00f3 la votaci\u00f3n en Olavarr\u00eda: particip\u00f3 un 76% del electorado"},"content":{"rendered":"<p>Es al menos 6% m\u00e1s que las PASO. Quedaban pocas colas de votantes en establecimientos pero las puertas ya cerraron. <!--more--><\/p>\n<hr \/>\n<p>En una jornada de fiesta de la democracia en Olavarr\u00eda, <strong>fuentes oficiales informaron que alrededor del 76% del padr\u00f3n del Partido fueron a votar a los diversos establecimientos educativos de la ciudad y las localidades.<\/strong><\/p>\n<p>&nbsp;<\/p>\n<p>Fue informado minutos despu\u00e9s de las 18:00 horas, <strong>a tono con lo sucedido a nivel nacional. En Argentina, particip\u00f3 el 74% del padr\u00f3n total, con la misma particularidad: a\u00fan quedaban mesas abiertas pero las colas eran cada vez m\u00e1s cortas.<\/strong><\/p>\n<p>&nbsp;<\/p>\n<blockquote><p>En la comparativa con las PASO, hubo cerca del 6% m\u00e1s de participaci\u00f3n electoral.<\/p><\/blockquote>\n<p>&nbsp;<\/p>\n<p>En la ciudad,<strong> restaban algunas colas de ciudadanos que llegaron \u201csobre la hora\u201d para emitir su sufragio.<\/strong> Si bien las puertas se cerraron, las filas puertas para adentro se mantuvieron para votar y <strong>finalizar una jornada con algunos puntos a destacar pero sin grandes inconvenientes.<\/strong><\/p>\n<p>&nbsp;<\/p>\n<p>Tal como dijeron los candidatos,<strong> se prev\u00e9 que entre las 20:30 y las 21:00 horas se conozcan las primeras tendencias<\/strong> que permitan conocer si el Intendente lograr\u00e1 una nueva reelecci\u00f3n, o si habr\u00e1 nuevo intendente o intendenta: Maximiliano Wesner, Celeste Arouxet y m\u00e1s atr\u00e1s Agust\u00edn Mestralet.<\/p>\n","protected":false},"excerpt":{"rendered":"<p>Es al menos 6% m\u00e1s que las PASO. Quedaban pocas colas de votantes en establecimientos pero las puertas ya cerraron.<\/p>\n","protected":false},"author":1,"featured_media":99895,"comment_status":"closed","ping_status":"closed","sticky":false,"template":"","format":"standard","meta":{"_jetpack_memberships_contains_paid_content":false,"footnotes":""},"categories":[4,1],"tags":[],"class_list":["post-99894","post","type-post","status-publish","format-standard","has-post-thumbnail","hentry","category-politica","category-portada"],"jetpack_featured_media_url":"https:\/\/i0.wp.com\/cdnoticias.com\/wp-content\/uploads\/2023\/10\/elecciones2023-scaled.jpg?fit=2560%2C1424&ssl=1","jetpack_sharing_enabled":true,"_links":{"self":[{"href":"https:\/\/cdnoticias.com\/index.php\/wp-json\/wp\/v2\/posts\/99894","targetHints":{"allow":["GET"]}}],"collection":[{"href":"https:\/\/cdnoticias.com\/index.php\/wp-json\/wp\/v2\/posts"}],"about":[{"href":"https:\/\/cdnoticias.com\/index.php\/wp-json\/wp\/v2\/types\/post"}],"author":[{"embeddable":true,"href":"https:\/\/cdnoticias.com\/index.php\/wp-json\/wp\/v2\/users\/1"}],"replies":[{"embeddable":true,"href":"https:\/\/cdnoticias.com\/index.php\/wp-json\/wp\/v2\/comments?post=99894"}],"version-history":[{"count":0,"href":"https:\/\/cdnoticias.com\/index.php\/wp-json\/wp\/v2\/posts\/99894\/revisions"}],"wp:featuredmedia":[{"embeddable":true,"href":"https:\/\/cdnoticias.com\/index.php\/wp-json\/wp\/v2\/media\/99895"}],"wp:attachment":[{"href":"https:\/\/cdnoticias.com\/index.php\/wp-json\/wp\/v2\/media?parent=99894"}],"wp:term":[{"taxonomy":"category","embeddable":true,"href":"https:\/\/cdnoticias.com\/index.php\/wp-json\/wp\/v2\/categories?post=99894"},{"taxonomy":"post_tag","embeddable":true,"href":"https:\/\/cdnoticias.com\/index.php\/wp-json\/wp\/v2\/tags?post=99894"}],"curies":[{"name":"wp","href":"https:\/\/api.w.org\/{rel}","templated":true}]}}