{"id":99876,"date":"2023-10-22T16:02:11","date_gmt":"2023-10-22T19:02:11","guid":{"rendered":"https:\/\/www.centraldenoticias.com.ar\/?p=99876"},"modified":"2023-10-22T18:54:17","modified_gmt":"2023-10-22T21:54:17","slug":"wesner-mucha-esperanza-porque-sabemos-que-esta-en-juego-el-destino-de-olavarria","status":"publish","type":"post","link":"https:\/\/cdnoticias.com\/index.php\/2023\/10\/22\/wesner-mucha-esperanza-porque-sabemos-que-esta-en-juego-el-destino-de-olavarria\/","title":{"rendered":"Wesner: \u201cmucha esperanza porque sabemos que est\u00e1 en juego el destino de Olavarr\u00eda\u201d"},"content":{"rendered":"<p>El candidato de Uni\u00f3n por la Patria vot\u00f3 en la tarde de este domingo. Dijo que salvo \u201ccuestiones menores\u201d se desarrolla todo con normalidad y adelant\u00f3 que habr\u00e1 resultados \u201cpasadas las 21 horas\u201d. <!--more--><\/p>\n<hr \/>\n<p>En la tarde de este domingo,<strong> el \u00faltimo de los candidatos a Intendente en emitir su voto fue el postulante de Uni\u00f3n por la Patria, Maximiliano Wesner, quien vot\u00f3 en la Escuela 49 pasadas las 15:00 horas.<\/strong><\/p>\n<p>&nbsp;<\/p>\n<p><img data-recalc-dims=\"1\" loading=\"lazy\" decoding=\"async\" class=\"aligncenter size-full wp-image-99882\" src=\"https:\/\/i0.wp.com\/cdnoticias.com\/wp-content\/uploads\/2023\/10\/wesner-eleccion6-scaled.jpg?resize=800%2C445&#038;ssl=1\" alt=\"\" width=\"800\" height=\"445\" srcset=\"https:\/\/i0.wp.com\/cdnoticias.com\/wp-content\/uploads\/2023\/10\/wesner-eleccion6-scaled.jpg?w=2560&amp;ssl=1 2560w, https:\/\/i0.wp.com\/cdnoticias.com\/wp-content\/uploads\/2023\/10\/wesner-eleccion6-scaled.jpg?resize=300%2C167&amp;ssl=1 300w, https:\/\/i0.wp.com\/cdnoticias.com\/wp-content\/uploads\/2023\/10\/wesner-eleccion6-scaled.jpg?resize=1024%2C570&amp;ssl=1 1024w, https:\/\/i0.wp.com\/cdnoticias.com\/wp-content\/uploads\/2023\/10\/wesner-eleccion6-scaled.jpg?resize=768%2C427&amp;ssl=1 768w, https:\/\/i0.wp.com\/cdnoticias.com\/wp-content\/uploads\/2023\/10\/wesner-eleccion6-scaled.jpg?resize=1536%2C854&amp;ssl=1 1536w, https:\/\/i0.wp.com\/cdnoticias.com\/wp-content\/uploads\/2023\/10\/wesner-eleccion6-scaled.jpg?resize=2048%2C1139&amp;ssl=1 2048w, https:\/\/i0.wp.com\/cdnoticias.com\/wp-content\/uploads\/2023\/10\/wesner-eleccion6-scaled.jpg?resize=800%2C445&amp;ssl=1 800w, https:\/\/i0.wp.com\/cdnoticias.com\/wp-content\/uploads\/2023\/10\/wesner-eleccion6-scaled.jpg?w=1600&amp;ssl=1 1600w, https:\/\/i0.wp.com\/cdnoticias.com\/wp-content\/uploads\/2023\/10\/wesner-eleccion6-scaled.jpg?w=2400&amp;ssl=1 2400w\" sizes=\"auto, (max-width: 800px) 100vw, 800px\" \/><\/p>\n<p>&nbsp;<\/p>\n<p>En di\u00e1logo con los medios tras el acto (en el que dej\u00f3 algo para comer a las autoridades de mesa y los fiscales) Wesner manifest\u00f3<em> \u201cmucha alegr\u00eda, no s\u00f3lo por votar sino por esta conmemoraci\u00f3n de 40 a\u00f1os de recuperaci\u00f3n de la democracia y tambi\u00e9n por todo lo que venimos haciendo desde el espacio para fortalecer el acto democr\u00e1tico\u201d.<\/em><\/p>\n<p>&nbsp;<\/p>\n<p>Indic\u00f3 que est\u00e1n participando<strong><em> \u201cm\u00e1s de 500 personas trabajando para no solamente garantizar el cuidado de la boleta sino tambi\u00e9n para garantizar el acto democr\u00e1tico porque la colaboraci\u00f3n desde nuestro espacio con los fiscales es para el acto en general tambi\u00e9n. As\u00ed que con mucha responsabilidad, con mucha seriedad, que es la seriedad y la responsabilidad con la cual venimos transitando toda esta campa\u00f1a que se hizo larga, pero la verdad que muy pero muy contento\u201d.<\/em><\/strong><\/p>\n<p>&nbsp;<\/p>\n<p><img data-recalc-dims=\"1\" loading=\"lazy\" decoding=\"async\" class=\"aligncenter size-full wp-image-99877\" src=\"https:\/\/i0.wp.com\/cdnoticias.com\/wp-content\/uploads\/2023\/10\/wesner-eleccion1-scaled.jpg?resize=800%2C445&#038;ssl=1\" alt=\"\" width=\"800\" height=\"445\" srcset=\"https:\/\/i0.wp.com\/cdnoticias.com\/wp-content\/uploads\/2023\/10\/wesner-eleccion1-scaled.jpg?w=2560&amp;ssl=1 2560w, https:\/\/i0.wp.com\/cdnoticias.com\/wp-content\/uploads\/2023\/10\/wesner-eleccion1-scaled.jpg?resize=300%2C167&amp;ssl=1 300w, https:\/\/i0.wp.com\/cdnoticias.com\/wp-content\/uploads\/2023\/10\/wesner-eleccion1-scaled.jpg?resize=1024%2C570&amp;ssl=1 1024w, https:\/\/i0.wp.com\/cdnoticias.com\/wp-content\/uploads\/2023\/10\/wesner-eleccion1-scaled.jpg?resize=768%2C427&amp;ssl=1 768w, https:\/\/i0.wp.com\/cdnoticias.com\/wp-content\/uploads\/2023\/10\/wesner-eleccion1-scaled.jpg?resize=1536%2C855&amp;ssl=1 1536w, https:\/\/i0.wp.com\/cdnoticias.com\/wp-content\/uploads\/2023\/10\/wesner-eleccion1-scaled.jpg?resize=2048%2C1140&amp;ssl=1 2048w, https:\/\/i0.wp.com\/cdnoticias.com\/wp-content\/uploads\/2023\/10\/wesner-eleccion1-scaled.jpg?resize=800%2C445&amp;ssl=1 800w, https:\/\/i0.wp.com\/cdnoticias.com\/wp-content\/uploads\/2023\/10\/wesner-eleccion1-scaled.jpg?w=1600&amp;ssl=1 1600w, https:\/\/i0.wp.com\/cdnoticias.com\/wp-content\/uploads\/2023\/10\/wesner-eleccion1-scaled.jpg?w=2400&amp;ssl=1 2400w\" sizes=\"auto, (max-width: 800px) 100vw, 800px\" \/><\/p>\n<p>&nbsp;<\/p>\n<blockquote><p>\u00a0A su vez, dijo que en l\u00edneas generales todo transcurre con normalidad: \u201cse denuncia alguna escondida de boleta, alg\u00fan bollo en el piso, pero en t\u00e9rminos generales con mucha normalidad, con tranquilidad y por sobre todas las cuestiones con mucha esperanza porque sabemos que est\u00e1 en juego los destinos de Olavarr\u00eda\u201d.<\/p><\/blockquote>\n<p>&nbsp;<\/p>\n<p>Adelant\u00f3 que gracias a la tecnolog\u00eda<strong> podr\u00e1n empezar a conocer \u201ctendencias\u201d pasadas las 19 horas pero fue prudente y dijo que \u201clos resultados definitivos van a estar m\u00e1s cerca pasadas las 21:00 horas\u201d.<\/strong><\/p>\n<p>&nbsp;<\/p>\n<p>Tambi\u00e9n remarc\u00f3 que \u201cde diferentes mesas y establecimientos\u201d se\u00f1al\u00f3 que hay corte de boleta: <strong><em>\u201cno s\u00e9 si la misma cuant\u00eda, pero s\u00ed que hay\u201d.<\/em><\/strong><\/p>\n<p>&nbsp;<\/p>\n<p><img data-recalc-dims=\"1\" loading=\"lazy\" decoding=\"async\" class=\"aligncenter size-full wp-image-99881\" src=\"https:\/\/i0.wp.com\/cdnoticias.com\/wp-content\/uploads\/2023\/10\/wesner-eleccion5-scaled.jpg?resize=800%2C445&#038;ssl=1\" alt=\"\" width=\"800\" height=\"445\" srcset=\"https:\/\/i0.wp.com\/cdnoticias.com\/wp-content\/uploads\/2023\/10\/wesner-eleccion5-scaled.jpg?w=2560&amp;ssl=1 2560w, https:\/\/i0.wp.com\/cdnoticias.com\/wp-content\/uploads\/2023\/10\/wesner-eleccion5-scaled.jpg?resize=300%2C167&amp;ssl=1 300w, https:\/\/i0.wp.com\/cdnoticias.com\/wp-content\/uploads\/2023\/10\/wesner-eleccion5-scaled.jpg?resize=1024%2C570&amp;ssl=1 1024w, https:\/\/i0.wp.com\/cdnoticias.com\/wp-content\/uploads\/2023\/10\/wesner-eleccion5-scaled.jpg?resize=768%2C427&amp;ssl=1 768w, https:\/\/i0.wp.com\/cdnoticias.com\/wp-content\/uploads\/2023\/10\/wesner-eleccion5-scaled.jpg?resize=1536%2C855&amp;ssl=1 1536w, https:\/\/i0.wp.com\/cdnoticias.com\/wp-content\/uploads\/2023\/10\/wesner-eleccion5-scaled.jpg?resize=2048%2C1139&amp;ssl=1 2048w, https:\/\/i0.wp.com\/cdnoticias.com\/wp-content\/uploads\/2023\/10\/wesner-eleccion5-scaled.jpg?resize=800%2C445&amp;ssl=1 800w, https:\/\/i0.wp.com\/cdnoticias.com\/wp-content\/uploads\/2023\/10\/wesner-eleccion5-scaled.jpg?w=1600&amp;ssl=1 1600w, https:\/\/i0.wp.com\/cdnoticias.com\/wp-content\/uploads\/2023\/10\/wesner-eleccion5-scaled.jpg?w=2400&amp;ssl=1 2400w\" sizes=\"auto, (max-width: 800px) 100vw, 800px\" \/><\/p>\n<p>&nbsp;<\/p>\n<p>Tambi\u00e9n se\u00f1al\u00f3 que aparecieron varias boletas de su espacio con fecha del 13 de agosto, pero que trabajan en controlar al detalle ese tema: <em>\u201clas personas que est\u00e1n fiscalizando del equipo tienen vasta experiencia, tenemos generales, tenemos fiscales de mesa, tenemos fiscales suplentes, tenemos fiscales de apoyo para cuando van a almorzar o para cuando van a merendar o cuando necesitan ir al ba\u00f1o, estamos muy bien preparados, hemos garantizado este cuidado, no solamente de la boleta sino de todo el acto eleccionario\u201d.<\/em><\/p>\n","protected":false},"excerpt":{"rendered":"<p>El candidato de Uni\u00f3n por la Patria vot\u00f3 en la tarde de este domingo. Dijo que salvo \u201ccuestiones menores\u201d se<\/p>\n","protected":false},"author":1,"featured_media":99878,"comment_status":"closed","ping_status":"closed","sticky":false,"template":"","format":"standard","meta":{"_jetpack_memberships_contains_paid_content":false,"footnotes":""},"categories":[4,1],"tags":[],"class_list":["post-99876","post","type-post","status-publish","format-standard","has-post-thumbnail","hentry","category-politica","category-portada"],"jetpack_featured_media_url":"https:\/\/i0.wp.com\/cdnoticias.com\/wp-content\/uploads\/2023\/10\/wesner-eleccion2-scaled.jpg?fit=2560%2C1424&ssl=1","jetpack_sharing_enabled":true,"_links":{"self":[{"href":"https:\/\/cdnoticias.com\/index.php\/wp-json\/wp\/v2\/posts\/99876","targetHints":{"allow":["GET"]}}],"collection":[{"href":"https:\/\/cdnoticias.com\/index.php\/wp-json\/wp\/v2\/posts"}],"about":[{"href":"https:\/\/cdnoticias.com\/index.php\/wp-json\/wp\/v2\/types\/post"}],"author":[{"embeddable":true,"href":"https:\/\/cdnoticias.com\/index.php\/wp-json\/wp\/v2\/users\/1"}],"replies":[{"embeddable":true,"href":"https:\/\/cdnoticias.com\/index.php\/wp-json\/wp\/v2\/comments?post=99876"}],"version-history":[{"count":0,"href":"https:\/\/cdnoticias.com\/index.php\/wp-json\/wp\/v2\/posts\/99876\/revisions"}],"wp:featuredmedia":[{"embeddable":true,"href":"https:\/\/cdnoticias.com\/index.php\/wp-json\/wp\/v2\/media\/99878"}],"wp:attachment":[{"href":"https:\/\/cdnoticias.com\/index.php\/wp-json\/wp\/v2\/media?parent=99876"}],"wp:term":[{"taxonomy":"category","embeddable":true,"href":"https:\/\/cdnoticias.com\/index.php\/wp-json\/wp\/v2\/categories?post=99876"},{"taxonomy":"post_tag","embeddable":true,"href":"https:\/\/cdnoticias.com\/index.php\/wp-json\/wp\/v2\/tags?post=99876"}],"curies":[{"name":"wp","href":"https:\/\/api.w.org\/{rel}","templated":true}]}}