{"id":99806,"date":"2023-10-22T11:43:13","date_gmt":"2023-10-22T14:43:13","guid":{"rendered":"https:\/\/www.centraldenoticias.com.ar\/?p=99806"},"modified":"2023-10-22T13:28:02","modified_gmt":"2023-10-22T16:28:02","slug":"arouxet-hoy-lo-que-queda-es-la-esperanza-de-que-las-cosas-cambien","status":"publish","type":"post","link":"https:\/\/cdnoticias.com\/index.php\/2023\/10\/22\/arouxet-hoy-lo-que-queda-es-la-esperanza-de-que-las-cosas-cambien\/","title":{"rendered":"Arouxet: \u201cHoy lo que queda es la esperanza de que las cosas cambien\u201d"},"content":{"rendered":"<p>La candidata a la intendencia, Celeste Arouxet analiz\u00f3 el inicio de la jornada, destac\u00f3 la participaci\u00f3n de fiscales y present\u00f3 al espacio como \u201cla alternativa\u201d.<!--more--><\/p>\n<hr \/>\n<p>Pasadas las 11:30 de este domingo emiti\u00f3 su voto en la Escuela Primaria N\u00b0 24 la<strong> candidata a la intendencia de Ahora Olavarr\u00eda, Celeste Arouxet.<\/strong><\/p>\n<p>&nbsp;<\/p>\n<p>Destac\u00f3 el inici\u00f3 de la jornada con <strong>\u201calgunos problemitas con las boletas\u201d<\/strong> pero \u201cun d\u00eda muy lindo y ver a los fiscales sentados en las mesas es una emoci\u00f3n muy grande porque nunca lo hab\u00edamos logrado\u201d.<\/p>\n<p>&nbsp;<\/p>\n<p>La referente local de Javier Milei se\u00f1al\u00f3 que \u201csi bien decimos que con el crecimiento del espacio ya ganamos, <strong>hoy sentimos que la gente nos va a acompa\u00f1ar y el gran objetivo es ser primeros<\/strong>\u201d.<\/p>\n<p>&nbsp;<\/p>\n<blockquote><p>Asegur\u00f3 que \u201cla gente vota con esperanza, la bronca la est\u00e1 dejando de lado y hoy lo que le queda es la esperanza de que las cosas cambien\u201d y agreg\u00f3: \u201cel miedo qued\u00f3 atr\u00e1s el 13 de agosto. A partir de ah\u00ed no pudieron m\u00e1s con eso, hoy en Olavarr\u00eda saben que no nos puede gobernar La C\u00e1mpora ni nos puede gobernar la corrupci\u00f3n. Saben que somos la alternativa\u201d.<\/p><\/blockquote>\n<p>&nbsp;<\/p>\n<p>Respecto al desarrollo del acto electoral hasta el momento, indic\u00f3 que \u201cvemos que las boletas <strong>se est\u00e1n moviendo much\u00edsimo<\/strong>, el corte que vimos en las PASO hoy no se ve. La tendencia viene mucho mejor de lo pensado\u201d.<\/p>\n<p>&nbsp;<\/p>\n<p>Luego del voto se\u00f1al\u00f3 que recorrer\u00e1 escuelas de Olavarr\u00eda y las localidades y luego esperar\u00e1 \u201cla decisi\u00f3n de los olavarrienses\u201d que \u201cesperemos que nos elijan porque<strong> hoy decide la gente y las decisiones hay que respetarlas a partir de ma\u00f1ana<\/strong>\u201d.<\/p>\n","protected":false},"excerpt":{"rendered":"<p>La candidata a la intendencia, Celeste Arouxet analiz\u00f3 el inicio de la jornada, destac\u00f3 la participaci\u00f3n de fiscales y present\u00f3<\/p>\n","protected":false},"author":1,"featured_media":99825,"comment_status":"closed","ping_status":"closed","sticky":false,"template":"","format":"standard","meta":{"_jetpack_memberships_contains_paid_content":false,"footnotes":""},"categories":[4,1],"tags":[],"class_list":["post-99806","post","type-post","status-publish","format-standard","has-post-thumbnail","hentry","category-politica","category-portada"],"jetpack_featured_media_url":"https:\/\/i0.wp.com\/cdnoticias.com\/wp-content\/uploads\/2023\/10\/celeste-eleccion5-scaled.jpg?fit=2560%2C1424&ssl=1","jetpack_sharing_enabled":true,"_links":{"self":[{"href":"https:\/\/cdnoticias.com\/index.php\/wp-json\/wp\/v2\/posts\/99806","targetHints":{"allow":["GET"]}}],"collection":[{"href":"https:\/\/cdnoticias.com\/index.php\/wp-json\/wp\/v2\/posts"}],"about":[{"href":"https:\/\/cdnoticias.com\/index.php\/wp-json\/wp\/v2\/types\/post"}],"author":[{"embeddable":true,"href":"https:\/\/cdnoticias.com\/index.php\/wp-json\/wp\/v2\/users\/1"}],"replies":[{"embeddable":true,"href":"https:\/\/cdnoticias.com\/index.php\/wp-json\/wp\/v2\/comments?post=99806"}],"version-history":[{"count":0,"href":"https:\/\/cdnoticias.com\/index.php\/wp-json\/wp\/v2\/posts\/99806\/revisions"}],"wp:featuredmedia":[{"embeddable":true,"href":"https:\/\/cdnoticias.com\/index.php\/wp-json\/wp\/v2\/media\/99825"}],"wp:attachment":[{"href":"https:\/\/cdnoticias.com\/index.php\/wp-json\/wp\/v2\/media?parent=99806"}],"wp:term":[{"taxonomy":"category","embeddable":true,"href":"https:\/\/cdnoticias.com\/index.php\/wp-json\/wp\/v2\/categories?post=99806"},{"taxonomy":"post_tag","embeddable":true,"href":"https:\/\/cdnoticias.com\/index.php\/wp-json\/wp\/v2\/tags?post=99806"}],"curies":[{"name":"wp","href":"https:\/\/api.w.org\/{rel}","templated":true}]}}