{"id":998,"date":"2020-09-07T18:40:19","date_gmt":"2020-09-07T21:40:19","guid":{"rendered":"http:\/\/www.centraldenoticias.com.ar\/?p=998"},"modified":"2020-09-07T18:40:19","modified_gmt":"2020-09-07T21:40:19","slug":"ruben-edgardo-zouza-q-e-p-d","status":"publish","type":"post","link":"https:\/\/cdnoticias.com\/index.php\/2020\/09\/07\/ruben-edgardo-zouza-q-e-p-d\/","title":{"rendered":"Rub\u00e9n Edgardo Zouza (Q.E.P.D.)"},"content":{"rendered":"<p>Falleci\u00f3 en Tandil a los 64 a\u00f1os de edad. Sus restos ser\u00e1n inhumados en el Cementerio Municipal el martes a las 10:30. Oriundo de Ensenada. Jubilado docente.<\/p>\n","protected":false},"excerpt":{"rendered":"<p>Falleci\u00f3 en Tandil a los 64 a\u00f1os de edad. Sus restos ser\u00e1n inhumados en el Cementerio Municipal el martes a<\/p>\n","protected":false},"author":5,"featured_media":0,"comment_status":"closed","ping_status":"closed","sticky":false,"template":"","format":"standard","meta":{"_jetpack_memberships_contains_paid_content":false,"footnotes":""},"categories":[10],"tags":[],"class_list":["post-998","post","type-post","status-publish","format-standard","hentry","category-necrologicas"],"jetpack_featured_media_url":"","jetpack_sharing_enabled":true,"_links":{"self":[{"href":"https:\/\/cdnoticias.com\/index.php\/wp-json\/wp\/v2\/posts\/998","targetHints":{"allow":["GET"]}}],"collection":[{"href":"https:\/\/cdnoticias.com\/index.php\/wp-json\/wp\/v2\/posts"}],"about":[{"href":"https:\/\/cdnoticias.com\/index.php\/wp-json\/wp\/v2\/types\/post"}],"author":[{"embeddable":true,"href":"https:\/\/cdnoticias.com\/index.php\/wp-json\/wp\/v2\/users\/5"}],"replies":[{"embeddable":true,"href":"https:\/\/cdnoticias.com\/index.php\/wp-json\/wp\/v2\/comments?post=998"}],"version-history":[{"count":0,"href":"https:\/\/cdnoticias.com\/index.php\/wp-json\/wp\/v2\/posts\/998\/revisions"}],"wp:attachment":[{"href":"https:\/\/cdnoticias.com\/index.php\/wp-json\/wp\/v2\/media?parent=998"}],"wp:term":[{"taxonomy":"category","embeddable":true,"href":"https:\/\/cdnoticias.com\/index.php\/wp-json\/wp\/v2\/categories?post=998"},{"taxonomy":"post_tag","embeddable":true,"href":"https:\/\/cdnoticias.com\/index.php\/wp-json\/wp\/v2\/tags?post=998"}],"curies":[{"name":"wp","href":"https:\/\/api.w.org\/{rel}","templated":true}]}}