{"id":9975,"date":"2020-12-26T19:20:17","date_gmt":"2020-12-26T22:20:17","guid":{"rendered":"http:\/\/www.centraldenoticias.com.ar\/?p=9975"},"modified":"2020-12-27T09:21:27","modified_gmt":"2020-12-27T12:21:27","slug":"tras-el-parate-por-navidad-confirman-24-nuevos-casos-de-covid-19","status":"publish","type":"post","link":"https:\/\/cdnoticias.com\/index.php\/2020\/12\/26\/tras-el-parate-por-navidad-confirman-24-nuevos-casos-de-covid-19\/","title":{"rendered":"Luego del parate por Navidad, confirman 24 nuevos casos de COVID-19"},"content":{"rendered":"<p>Hubo 69 pacientes que fueron dados de alta. Actualmente hay 223 casos activos. Este s\u00e1bado realizaron 87 testeos.<!--more--><\/p>\n<hr \/>\n<p>En la jornada de este s\u00e1bado, y tras el parate por Navidad, <strong>la Secretar\u00eda de Salud inform\u00f3 24 nuevos casos de COVID-19 en Olavarr\u00eda, mientras que en paralelo 69 pacientes recibieron el alta m\u00e9dica.<\/strong><\/p>\n<p>&nbsp;<\/p>\n<blockquote><p>En un total de 87 testeos, se descartaron 63 muestras y, actualmente, hay 223 pacientes activos en la ciudad y las localidades. Desde el inicio de la pandemia, se realizaron casi 14 mil testeos.<\/p><\/blockquote>\n<p>&nbsp;<\/p>\n<p>La secretar\u00eda de Salud inform\u00f3 que los positivos corresponden a<strong><em> \u201cpersonal de comercios, reuniones sociales y a nexos con positivos anteriores&#8221;.<\/em><\/strong> Vale recordar que los positivos de hoy<em> \u201cson de personas que presentaron s\u00edntomas el jueves, el viernes y este s\u00e1bado\u201d.<\/em><\/p>\n<p>&nbsp;<\/p>\n<p><img data-recalc-dims=\"1\" loading=\"lazy\" decoding=\"async\" class=\"alignnone size-full wp-image-9977\" src=\"https:\/\/i0.wp.com\/cdnoticias.com\/wp-content\/uploads\/2020\/12\/WhatsApp-Image-2020-12-26-at-19.08.02.jpeg?resize=800%2C799&#038;ssl=1\" alt=\"\" width=\"800\" height=\"799\" srcset=\"https:\/\/i0.wp.com\/cdnoticias.com\/wp-content\/uploads\/2020\/12\/WhatsApp-Image-2020-12-26-at-19.08.02.jpeg?w=1280&amp;ssl=1 1280w, https:\/\/i0.wp.com\/cdnoticias.com\/wp-content\/uploads\/2020\/12\/WhatsApp-Image-2020-12-26-at-19.08.02.jpeg?resize=150%2C150&amp;ssl=1 150w, https:\/\/i0.wp.com\/cdnoticias.com\/wp-content\/uploads\/2020\/12\/WhatsApp-Image-2020-12-26-at-19.08.02.jpeg?resize=300%2C300&amp;ssl=1 300w, https:\/\/i0.wp.com\/cdnoticias.com\/wp-content\/uploads\/2020\/12\/WhatsApp-Image-2020-12-26-at-19.08.02.jpeg?resize=768%2C767&amp;ssl=1 768w, https:\/\/i0.wp.com\/cdnoticias.com\/wp-content\/uploads\/2020\/12\/WhatsApp-Image-2020-12-26-at-19.08.02.jpeg?resize=1024%2C1024&amp;ssl=1 1024w\" sizes=\"auto, (max-width: 800px) 100vw, 800px\" \/><\/p>\n<p>&nbsp;<\/p>\n<p>Con respecto a la ocupaci\u00f3n hospitalaria, en tanto,<strong> hay dos pacientes en Unidad de Terapia Intensiva y seis en Cuidados Generales. No hay internados en el sector de Pediatr\u00eda.<\/strong><\/p>\n<p>&nbsp;<\/p>\n<p>En este sentido, desde la Secretar\u00eda de Salud Municipal aseguraron que<strong> el 82% de los casos positivos corresponden a personas con menos de 60 a\u00f1os<\/strong> y el 18% a mayores de 60 a\u00f1os.<\/p>\n<p>&nbsp;<\/p>\n<p><img data-recalc-dims=\"1\" loading=\"lazy\" decoding=\"async\" class=\"alignnone size-full wp-image-9976\" src=\"https:\/\/i0.wp.com\/cdnoticias.com\/wp-content\/uploads\/2020\/12\/WhatsApp-Image-2020-12-26-at-19.08.04.jpeg?resize=800%2C800&#038;ssl=1\" alt=\"\" width=\"800\" height=\"800\" srcset=\"https:\/\/i0.wp.com\/cdnoticias.com\/wp-content\/uploads\/2020\/12\/WhatsApp-Image-2020-12-26-at-19.08.04.jpeg?w=1280&amp;ssl=1 1280w, https:\/\/i0.wp.com\/cdnoticias.com\/wp-content\/uploads\/2020\/12\/WhatsApp-Image-2020-12-26-at-19.08.04.jpeg?resize=150%2C150&amp;ssl=1 150w, https:\/\/i0.wp.com\/cdnoticias.com\/wp-content\/uploads\/2020\/12\/WhatsApp-Image-2020-12-26-at-19.08.04.jpeg?resize=300%2C300&amp;ssl=1 300w, https:\/\/i0.wp.com\/cdnoticias.com\/wp-content\/uploads\/2020\/12\/WhatsApp-Image-2020-12-26-at-19.08.04.jpeg?resize=768%2C768&amp;ssl=1 768w, https:\/\/i0.wp.com\/cdnoticias.com\/wp-content\/uploads\/2020\/12\/WhatsApp-Image-2020-12-26-at-19.08.04.jpeg?resize=1024%2C1024&amp;ssl=1 1024w\" sizes=\"auto, (max-width: 800px) 100vw, 800px\" \/><\/p>\n","protected":false},"excerpt":{"rendered":"<p>Hubo 69 pacientes que fueron dados de alta. Actualmente hay 223 casos activos. Este s\u00e1bado realizaron 87 testeos.<\/p>\n","protected":false},"author":2,"featured_media":5659,"comment_status":"closed","ping_status":"closed","sticky":false,"template":"","format":"standard","meta":{"_jetpack_memberships_contains_paid_content":false,"footnotes":""},"categories":[5,1],"tags":[],"class_list":["post-9975","post","type-post","status-publish","format-standard","has-post-thumbnail","hentry","category-informacion-general","category-portada"],"jetpack_featured_media_url":"https:\/\/i0.wp.com\/cdnoticias.com\/wp-content\/uploads\/2020\/11\/Salud-Testeos-Intensivos-T6-CIC-1-1024x682.jpg?fit=1024%2C682&ssl=1","jetpack_sharing_enabled":true,"_links":{"self":[{"href":"https:\/\/cdnoticias.com\/index.php\/wp-json\/wp\/v2\/posts\/9975","targetHints":{"allow":["GET"]}}],"collection":[{"href":"https:\/\/cdnoticias.com\/index.php\/wp-json\/wp\/v2\/posts"}],"about":[{"href":"https:\/\/cdnoticias.com\/index.php\/wp-json\/wp\/v2\/types\/post"}],"author":[{"embeddable":true,"href":"https:\/\/cdnoticias.com\/index.php\/wp-json\/wp\/v2\/users\/2"}],"replies":[{"embeddable":true,"href":"https:\/\/cdnoticias.com\/index.php\/wp-json\/wp\/v2\/comments?post=9975"}],"version-history":[{"count":0,"href":"https:\/\/cdnoticias.com\/index.php\/wp-json\/wp\/v2\/posts\/9975\/revisions"}],"wp:featuredmedia":[{"embeddable":true,"href":"https:\/\/cdnoticias.com\/index.php\/wp-json\/wp\/v2\/media\/5659"}],"wp:attachment":[{"href":"https:\/\/cdnoticias.com\/index.php\/wp-json\/wp\/v2\/media?parent=9975"}],"wp:term":[{"taxonomy":"category","embeddable":true,"href":"https:\/\/cdnoticias.com\/index.php\/wp-json\/wp\/v2\/categories?post=9975"},{"taxonomy":"post_tag","embeddable":true,"href":"https:\/\/cdnoticias.com\/index.php\/wp-json\/wp\/v2\/tags?post=9975"}],"curies":[{"name":"wp","href":"https:\/\/api.w.org\/{rel}","templated":true}]}}