{"id":99746,"date":"2023-10-21T21:19:31","date_gmt":"2023-10-22T00:19:31","guid":{"rendered":"https:\/\/www.centraldenoticias.com.ar\/?p=99746"},"modified":"2023-10-21T21:45:33","modified_gmt":"2023-10-22T00:45:33","slug":"feria-a-beneficio-de-las-bailarinas-de-aguer-gym","status":"publish","type":"post","link":"https:\/\/cdnoticias.com\/index.php\/2023\/10\/21\/feria-a-beneficio-de-las-bailarinas-de-aguer-gym\/","title":{"rendered":"Feria a beneficio de las bailarinas de Aguer Gym"},"content":{"rendered":"<p>Tuvo lugar en la Sociedad de Fomento 25 de Noviembre. Los fondos recaudados se destinar\u00e1n a un viaje a Mar del Plata donde participar\u00e1n de una competencia.<\/p>\n<p><!--more--><\/p>\n<hr \/>\n<p>El d\u00eda <strong>s\u00e1bado 14 de octubre<\/strong> en la<strong> Sociedad de Fomento 25 de Noviembre<\/strong> en la calle Hip\u00f3lito Yrigoyen 3575 donde <strong>funciona la Academia de Baile \u201cAguer Gym\u201d<\/strong> se realiz\u00f3 una <strong>feria a beneficio de las bailarinas.<\/strong><\/p>\n<p>&nbsp;<\/p>\n<p>El objetivo fue <strong>recaudar fondos para viajar a Mar del Plata<\/strong> el d\u00eda 3 de diciembre donde van a competir en el<strong> Torneo Nacional The World Dance.<\/strong><\/p>\n<p>&nbsp;<\/p>\n<blockquote><p>Desde Olavarr\u00eda son 90 bailarinas quienes van a participar con la academia a cargo de la instructora Daniela Aguer.<\/p><\/blockquote>\n<p>&nbsp;<\/p>\n<p><img data-recalc-dims=\"1\" loading=\"lazy\" decoding=\"async\" class=\"size-full wp-image-99748 aligncenter\" src=\"https:\/\/i0.wp.com\/cdnoticias.com\/wp-content\/uploads\/2023\/10\/aguer-gym-01.jpg?resize=800%2C445&#038;ssl=1\" alt=\"\" width=\"800\" height=\"445\" srcset=\"https:\/\/i0.wp.com\/cdnoticias.com\/wp-content\/uploads\/2023\/10\/aguer-gym-01.jpg?w=800&amp;ssl=1 800w, https:\/\/i0.wp.com\/cdnoticias.com\/wp-content\/uploads\/2023\/10\/aguer-gym-01.jpg?resize=300%2C167&amp;ssl=1 300w, https:\/\/i0.wp.com\/cdnoticias.com\/wp-content\/uploads\/2023\/10\/aguer-gym-01.jpg?resize=768%2C427&amp;ssl=1 768w\" sizes=\"auto, (max-width: 800px) 100vw, 800px\" \/><\/p>\n<p>&nbsp;<\/p>\n<p>\u201cNuestras bailarinas<strong> hicieron exhibiciones de muestreo infantiles, juveniles, adultas<\/strong>. Hubo <strong>menciones especiales a los padres de comisi\u00f3n<\/strong> que est\u00e1n codo a codo ayudando en todo\u201d se destac\u00f3 desde la academia sobre la actividad del fin de semana pasado.<\/p>\n<p>&nbsp;<\/p>\n<p>Adem\u00e1s, se entregaron <strong>menciones por agradecimiento a las bandas musicales<\/strong> que ayudan con su participaci\u00f3n a beneficio. <em>\u201cAgradecemos a los vecinos que se acercaron a la feria\u201d<\/em> remarc\u00f3 adem\u00e1s la instituci\u00f3n.<\/p>\n<p><img data-recalc-dims=\"1\" loading=\"lazy\" decoding=\"async\" class=\"size-full wp-image-99749 aligncenter\" src=\"https:\/\/i0.wp.com\/cdnoticias.com\/wp-content\/uploads\/2023\/10\/aguer-gym-02.jpg?resize=800%2C445&#038;ssl=1\" alt=\"\" width=\"800\" height=\"445\" srcset=\"https:\/\/i0.wp.com\/cdnoticias.com\/wp-content\/uploads\/2023\/10\/aguer-gym-02.jpg?w=800&amp;ssl=1 800w, https:\/\/i0.wp.com\/cdnoticias.com\/wp-content\/uploads\/2023\/10\/aguer-gym-02.jpg?resize=300%2C167&amp;ssl=1 300w, https:\/\/i0.wp.com\/cdnoticias.com\/wp-content\/uploads\/2023\/10\/aguer-gym-02.jpg?resize=768%2C427&amp;ssl=1 768w\" sizes=\"auto, (max-width: 800px) 100vw, 800px\" \/><\/p>\n","protected":false},"excerpt":{"rendered":"<p>Tuvo lugar en la Sociedad de Fomento 25 de Noviembre. Los fondos recaudados se destinar\u00e1n a un viaje a Mar<\/p>\n","protected":false},"author":1,"featured_media":99747,"comment_status":"closed","ping_status":"closed","sticky":false,"template":"","format":"standard","meta":{"_jetpack_memberships_contains_paid_content":false,"footnotes":""},"categories":[9,1],"tags":[],"class_list":["post-99746","post","type-post","status-publish","format-standard","has-post-thumbnail","hentry","category-cultura","category-portada"],"jetpack_featured_media_url":"https:\/\/i0.wp.com\/cdnoticias.com\/wp-content\/uploads\/2023\/10\/aguer-gym-00.jpg?fit=800%2C445&ssl=1","jetpack_sharing_enabled":true,"_links":{"self":[{"href":"https:\/\/cdnoticias.com\/index.php\/wp-json\/wp\/v2\/posts\/99746","targetHints":{"allow":["GET"]}}],"collection":[{"href":"https:\/\/cdnoticias.com\/index.php\/wp-json\/wp\/v2\/posts"}],"about":[{"href":"https:\/\/cdnoticias.com\/index.php\/wp-json\/wp\/v2\/types\/post"}],"author":[{"embeddable":true,"href":"https:\/\/cdnoticias.com\/index.php\/wp-json\/wp\/v2\/users\/1"}],"replies":[{"embeddable":true,"href":"https:\/\/cdnoticias.com\/index.php\/wp-json\/wp\/v2\/comments?post=99746"}],"version-history":[{"count":0,"href":"https:\/\/cdnoticias.com\/index.php\/wp-json\/wp\/v2\/posts\/99746\/revisions"}],"wp:featuredmedia":[{"embeddable":true,"href":"https:\/\/cdnoticias.com\/index.php\/wp-json\/wp\/v2\/media\/99747"}],"wp:attachment":[{"href":"https:\/\/cdnoticias.com\/index.php\/wp-json\/wp\/v2\/media?parent=99746"}],"wp:term":[{"taxonomy":"category","embeddable":true,"href":"https:\/\/cdnoticias.com\/index.php\/wp-json\/wp\/v2\/categories?post=99746"},{"taxonomy":"post_tag","embeddable":true,"href":"https:\/\/cdnoticias.com\/index.php\/wp-json\/wp\/v2\/tags?post=99746"}],"curies":[{"name":"wp","href":"https:\/\/api.w.org\/{rel}","templated":true}]}}