{"id":9972,"date":"2020-12-26T18:36:18","date_gmt":"2020-12-26T21:36:18","guid":{"rendered":"http:\/\/www.centraldenoticias.com.ar\/?p=9972"},"modified":"2020-12-26T19:20:28","modified_gmt":"2020-12-26T22:20:28","slug":"tras-fiestas-de-navidad-la-diputada-liliana-schwindt-senalo-desidia-y-reuniones-en-respuesta","status":"publish","type":"post","link":"https:\/\/cdnoticias.com\/index.php\/2020\/12\/26\/tras-fiestas-de-navidad-la-diputada-liliana-schwindt-senalo-desidia-y-reuniones-en-respuesta\/","title":{"rendered":"Tras fiestas de Navidad, Liliana Schwindt se\u00f1al\u00f3 \u201cdesidia\u201d y \u201creuniones en respuesta\u201d"},"content":{"rendered":"<p>Indic\u00f3 que hubo una \u201cimportante\u201d fiesta en la zona del Centro Cultural y se quej\u00f3 como vecina damnificada. Este s\u00e1bado hubo una reuni\u00f3n de funcionarios municipales en el lugar y valor\u00f3 a Daniel Manuel: \u201cPor lo menos un funcionario que pone la cara y lo valoro\u201d.<!--more--><\/p>\n<hr \/>\n<p>Tras los <a href=\"https:\/\/cdnoticias.com\/index.php\/2020\/12\/25\/celebraciones-hasta-la-manana-y-sin-incidentes-asi-fue-la-navidad-en-la-ciudad\/\" target=\"_blank\" rel=\"noopener\">festejos de Navidad, con epicentro en la zona del Centro Cultural \u201cSan Jos\u00e9\u201d<\/a>,<strong> la diputada nacional Liliana Schwindt se quej\u00f3 como vecina \u201cdamnificada\u201d por la falta de controles \u2013sanitarios y de seguridad- y valor\u00f3, en paralelo, una reuni\u00f3n de funcionarios con vecinos este s\u00e1bado.<\/strong><\/p>\n<p>&nbsp;<\/p>\n<blockquote><p>Primero se quej\u00f3 por las complicaciones sanitarias que pueden acarrear las conglomeraciones en el lugar: \u201cmientras tanto despu\u00e9s le ponen me gusta a las publicaciones de m\u00e9dicxs y enfermerxs que muestran el trabajo y esfuerzo que hacen en el frente de batalla\u201d.<\/p><\/blockquote>\n<p>&nbsp;<\/p>\n<p>Sin embargo, hizo \u00e9nfasis en <em>\u201cla falta de respeto por el vecino\u201d<\/em> y mencion\u00f3 la <strong><em>\u201cocupaci\u00f3n de veredas, utilizar las ventanas de barra de tragos, y como el caso de mis vecinos orinarle hasta adentro de la casa\u201d<\/em><\/strong>. All\u00ed, apunt\u00f3 directamente a Ezequiel Galli:<em>\u00a0\u201cPonele que todo esto el Municipio en la persona del intendente \u2018entienda\u2019 que como viv\u00eds ac\u00e1 aguantatelo\u2026algo as\u00ed como \u2018si te gusta el durazno aguantate la pelusa\u2019 y te deja librado a una horda de maleducados e irrespetuosos\u201d.<\/em><\/p>\n<p>&nbsp;<\/p>\n<blockquote><p>Valor\u00f3, en paralelo, \u201cel esfuerzo y buen trabajo de Ojos en Alerta y Daniel Manuel\u201d que \u201clamentablemente no se puede apreciar porque luego todo depende de decisiones que est\u00e1n m\u00e1s all\u00e1 de ellos\u201d. \u201cSe preocupan de \u2018fiestas clandestinas\u2019 y el intendente municipal permite una mega fiesta en la calle, sin ning\u00fan tipo de control, en la cara de la polic\u00eda bonaerense\u201d.<\/p><\/blockquote>\n<p>&nbsp;<\/p>\n<p>A continuaci\u00f3n, en otro posteo se\u00f1al\u00f3 que en la ma\u00f1ana de este s\u00e1bado <strong>acudieron al barrio <em>\u201cel jefe de monitoreo Daniel Manuel y los jefes locales de la polic\u00eda bonaerense\u201d.<\/em><\/strong><\/p>\n<p>&nbsp;<\/p>\n<p>All\u00ed <em>\u201cse reunieron con algunos vecinos\u201d<\/em> y la diputada nacional valor\u00f3 que <em>\u201cpor lo menos un funcionario pone la cara y lo valoro\u201d. \u201c<a href=\"https:\/\/cdnoticias.com\/index.php\/2020\/12\/25\/navidad-no-hubo-grandes-problemas-solo-algunas-rinas-menores\/\" target=\"_blank\" rel=\"noopener\">Gracias Daniel Manuel, repito mucha voluntad de resolver los problemas<\/a>, lo mismo que el jefe policial Landoni, despu\u00e9s l\u00f3gicamente est\u00e1 la realidad\u201d<\/em> cerr\u00f3.<\/p>\n","protected":false},"excerpt":{"rendered":"<p>Indic\u00f3 que hubo una \u201cimportante\u201d fiesta en la zona del Centro Cultural y se quej\u00f3 como vecina damnificada. Este s\u00e1bado<\/p>\n","protected":false},"author":2,"featured_media":9973,"comment_status":"closed","ping_status":"closed","sticky":false,"template":"","format":"standard","meta":{"_jetpack_memberships_contains_paid_content":false,"footnotes":""},"categories":[5,1],"tags":[],"class_list":["post-9972","post","type-post","status-publish","format-standard","has-post-thumbnail","hentry","category-informacion-general","category-portada"],"jetpack_featured_media_url":"https:\/\/i0.wp.com\/cdnoticias.com\/wp-content\/uploads\/2020\/12\/reunion-liliana-schwindt.jpg?fit=960%2C524&ssl=1","jetpack_sharing_enabled":true,"_links":{"self":[{"href":"https:\/\/cdnoticias.com\/index.php\/wp-json\/wp\/v2\/posts\/9972","targetHints":{"allow":["GET"]}}],"collection":[{"href":"https:\/\/cdnoticias.com\/index.php\/wp-json\/wp\/v2\/posts"}],"about":[{"href":"https:\/\/cdnoticias.com\/index.php\/wp-json\/wp\/v2\/types\/post"}],"author":[{"embeddable":true,"href":"https:\/\/cdnoticias.com\/index.php\/wp-json\/wp\/v2\/users\/2"}],"replies":[{"embeddable":true,"href":"https:\/\/cdnoticias.com\/index.php\/wp-json\/wp\/v2\/comments?post=9972"}],"version-history":[{"count":0,"href":"https:\/\/cdnoticias.com\/index.php\/wp-json\/wp\/v2\/posts\/9972\/revisions"}],"wp:featuredmedia":[{"embeddable":true,"href":"https:\/\/cdnoticias.com\/index.php\/wp-json\/wp\/v2\/media\/9973"}],"wp:attachment":[{"href":"https:\/\/cdnoticias.com\/index.php\/wp-json\/wp\/v2\/media?parent=9972"}],"wp:term":[{"taxonomy":"category","embeddable":true,"href":"https:\/\/cdnoticias.com\/index.php\/wp-json\/wp\/v2\/categories?post=9972"},{"taxonomy":"post_tag","embeddable":true,"href":"https:\/\/cdnoticias.com\/index.php\/wp-json\/wp\/v2\/tags?post=9972"}],"curies":[{"name":"wp","href":"https:\/\/api.w.org\/{rel}","templated":true}]}}