{"id":99709,"date":"2023-10-21T19:08:15","date_gmt":"2023-10-21T22:08:15","guid":{"rendered":"https:\/\/www.centraldenoticias.com.ar\/?p=99709"},"modified":"2023-10-21T19:11:56","modified_gmt":"2023-10-21T22:11:56","slug":"se-reprogramara-la-jornada-de-prevencion-del-cancer-de-mama","status":"publish","type":"post","link":"https:\/\/cdnoticias.com\/index.php\/2023\/10\/21\/se-reprogramara-la-jornada-de-prevencion-del-cancer-de-mama\/","title":{"rendered":"Se reprogramar\u00e1 la jornada de prevenci\u00f3n del C\u00e1ncer de Mama"},"content":{"rendered":"<p>La actividad iba a realizarse este s\u00e1bado en el monumento al Bombero Voluntario. Qued\u00f3 suspendida por las condiciones clim\u00e1ticas.<\/p>\n<p><!--more--><\/p>\n<hr \/>\n<p>Desde la <strong>Asociaci\u00f3n de Bomberos Voluntarios<\/strong> se inform\u00f3 la <strong>suspensi\u00f3n de la jornada de prevenci\u00f3n de C\u00e1ncer de Mama<\/strong> que iba a concretarse este s\u00e1bado.<\/p>\n<p>&nbsp;<\/p>\n<blockquote><p>Debido a las malas condiciones clim\u00e1ticas, la entidad dio a conocer que la propuesta ser\u00e1 reprogramada.<\/p><\/blockquote>\n<p>&nbsp;<\/p>\n<p>La actividad<strong> iba a llevarse a cabo esta tarde en el monumento al Bombero Voluntario<\/strong>, ubicado en Brown y avenida Col\u00f3n.<\/p>\n<p>&nbsp;<\/p>\n<p><a href=\"https:\/\/cdnoticias.com\/index.php\/2023\/10\/21\/jornada-de-prevencion-del-cancer-de-mama\/\" target=\"_blank\" rel=\"noopener\">Se record\u00f3<\/a> que con una buena prevenci\u00f3n y detecci\u00f3n a tiempo, <strong>el c\u00e1ncer de mama es curable en el 95% de los casos<\/strong>, es por este motivo que fomentar en este tipo de actividades y jornadas el autoexamen y los ex\u00e1menes con profesionales de la salud es de suma importancia.<\/p>\n<p>&nbsp;<\/p>\n","protected":false},"excerpt":{"rendered":"<p>La actividad iba a realizarse este s\u00e1bado en el monumento al Bombero Voluntario. Qued\u00f3 suspendida por las condiciones clim\u00e1ticas.<\/p>\n","protected":false},"author":1,"featured_media":99661,"comment_status":"closed","ping_status":"closed","sticky":false,"template":"","format":"standard","meta":{"_jetpack_memberships_contains_paid_content":false,"footnotes":""},"categories":[5,1],"tags":[],"class_list":["post-99709","post","type-post","status-publish","format-standard","has-post-thumbnail","hentry","category-informacion-general","category-portada"],"jetpack_featured_media_url":"https:\/\/i0.wp.com\/cdnoticias.com\/wp-content\/uploads\/2023\/10\/cancer-de-mama.jpeg?fit=1001%2C1001&ssl=1","jetpack_sharing_enabled":true,"_links":{"self":[{"href":"https:\/\/cdnoticias.com\/index.php\/wp-json\/wp\/v2\/posts\/99709","targetHints":{"allow":["GET"]}}],"collection":[{"href":"https:\/\/cdnoticias.com\/index.php\/wp-json\/wp\/v2\/posts"}],"about":[{"href":"https:\/\/cdnoticias.com\/index.php\/wp-json\/wp\/v2\/types\/post"}],"author":[{"embeddable":true,"href":"https:\/\/cdnoticias.com\/index.php\/wp-json\/wp\/v2\/users\/1"}],"replies":[{"embeddable":true,"href":"https:\/\/cdnoticias.com\/index.php\/wp-json\/wp\/v2\/comments?post=99709"}],"version-history":[{"count":0,"href":"https:\/\/cdnoticias.com\/index.php\/wp-json\/wp\/v2\/posts\/99709\/revisions"}],"wp:featuredmedia":[{"embeddable":true,"href":"https:\/\/cdnoticias.com\/index.php\/wp-json\/wp\/v2\/media\/99661"}],"wp:attachment":[{"href":"https:\/\/cdnoticias.com\/index.php\/wp-json\/wp\/v2\/media?parent=99709"}],"wp:term":[{"taxonomy":"category","embeddable":true,"href":"https:\/\/cdnoticias.com\/index.php\/wp-json\/wp\/v2\/categories?post=99709"},{"taxonomy":"post_tag","embeddable":true,"href":"https:\/\/cdnoticias.com\/index.php\/wp-json\/wp\/v2\/tags?post=99709"}],"curies":[{"name":"wp","href":"https:\/\/api.w.org\/{rel}","templated":true}]}}