{"id":99698,"date":"2023-10-23T17:30:03","date_gmt":"2023-10-23T20:30:03","guid":{"rendered":"https:\/\/www.centraldenoticias.com.ar\/?p=99698"},"modified":"2023-10-23T17:33:23","modified_gmt":"2023-10-23T20:33:23","slug":"octubre-rosa-mas-de-130-estudios-realizados-en-el-dia-internacional-del-cancer-de-mama","status":"publish","type":"post","link":"https:\/\/cdnoticias.com\/index.php\/2023\/10\/23\/octubre-rosa-mas-de-130-estudios-realizados-en-el-dia-internacional-del-cancer-de-mama\/","title":{"rendered":"Octubre Rosa: m\u00e1s de 130 estudios realizados en el D\u00eda Internacional del C\u00e1ncer de Mama"},"content":{"rendered":"<p>En este marco, este jueves 19 de octubre, el Hospital Municipal \u201cDr. H\u00e9ctor M. Cura\u201d fue sede de la realizaci\u00f3n de mamograf\u00edas y ecograf\u00edas mamarias.<!--more--><\/p>\n<hr \/>\n<p><strong>Octubre Rosa<\/strong> es un mes de concientizaci\u00f3n, que tiene por objetivo la <strong>visibilizaci\u00f3n y sensibilizaci\u00f3n<\/strong> sobre la importancia de la <strong>prevenci\u00f3n temprana del C\u00e1ncer de Mama.<\/strong><\/p>\n<p>&nbsp;<\/p>\n<p>Organizado por el Municipio, junto a LALCEC, Ola Rosa y dem\u00e1s instituciones alusivas, mediante dicha campa\u00f1a se hace hincapi\u00e9 en la importancia tanto de prevenir la enfermedad, como de <strong>mantener al d\u00eda los controles m\u00e9dicos<\/strong> para registrar de forma temprana cualquier anomal\u00eda, lo que permita llegar a un diagn\u00f3stico certero y al tratamiento adecuado.<\/p>\n<p>&nbsp;<\/p>\n<p>En este marco, este<strong> jueves 19 de octubre,<\/strong> el Hospital Municipal \u201cDr. H\u00e9ctor M. Cura\u201d fue sede de la <strong>realizaci\u00f3n de mamograf\u00edas y ecograf\u00edas mamarias.<\/strong><\/p>\n<p>&nbsp;<\/p>\n<p><img data-recalc-dims=\"1\" loading=\"lazy\" decoding=\"async\" class=\"aligncenter wp-image-99699 size-large\" src=\"https:\/\/i0.wp.com\/cdnoticias.com\/wp-content\/uploads\/2023\/10\/Salud-Octubre-Rosa-1-1.jpg?resize=800%2C533&#038;ssl=1\" alt=\"\" width=\"800\" height=\"533\" srcset=\"https:\/\/i0.wp.com\/cdnoticias.com\/wp-content\/uploads\/2023\/10\/Salud-Octubre-Rosa-1-1.jpg?resize=1024%2C682&amp;ssl=1 1024w, https:\/\/i0.wp.com\/cdnoticias.com\/wp-content\/uploads\/2023\/10\/Salud-Octubre-Rosa-1-1.jpg?resize=300%2C200&amp;ssl=1 300w, https:\/\/i0.wp.com\/cdnoticias.com\/wp-content\/uploads\/2023\/10\/Salud-Octubre-Rosa-1-1.jpg?resize=768%2C512&amp;ssl=1 768w, https:\/\/i0.wp.com\/cdnoticias.com\/wp-content\/uploads\/2023\/10\/Salud-Octubre-Rosa-1-1.jpg?resize=1536%2C1024&amp;ssl=1 1536w, https:\/\/i0.wp.com\/cdnoticias.com\/wp-content\/uploads\/2023\/10\/Salud-Octubre-Rosa-1-1.jpg?w=1772&amp;ssl=1 1772w, https:\/\/i0.wp.com\/cdnoticias.com\/wp-content\/uploads\/2023\/10\/Salud-Octubre-Rosa-1-1.jpg?w=1600&amp;ssl=1 1600w\" sizes=\"auto, (max-width: 800px) 100vw, 800px\" \/><\/p>\n<p>&nbsp;<\/p>\n<p>\u201cCada persona se retir\u00f3 con el correspondiente informe luego de realizarse la pr\u00e1ctica. Estas campa\u00f1as, con la particularidad de la demanda espont\u00e1nea, cumplen el objetivo que pregonamos siempre al respecto del C\u00e1ncer de Mama: la detecci\u00f3n temprana\u201d, indicaron las profesionales que fueron parte de la actividad.<\/p>\n<p>&nbsp;<\/p>\n<p>Adem\u00e1s se resalt\u00f3 que durante la jornada, en el nosocomio, se dispusieron diferentes stands desde los cuales se<strong> brind\u00f3 material informativo<\/strong> y se desarrollaron <strong>talleres sobre la tem\u00e1tica.<\/strong><\/p>\n<p>&nbsp;<\/p>\n<p>La jornada estuvo a cargo de la Secretar\u00eda de Salud, a trav\u00e9s de los servicios de\u00a0 Diagn\u00f3stico por Im\u00e1genes, Ginecolog\u00eda, PMSSyR y Residencias de Medicina General, Ginecolog\u00eda y Diagn\u00f3stico por Im\u00e1genes.<\/p>\n","protected":false},"excerpt":{"rendered":"<p>En este marco, este jueves 19 de octubre, el Hospital Municipal \u201cDr. H\u00e9ctor M. Cura\u201d fue sede de la realizaci\u00f3n<\/p>\n","protected":false},"author":1,"featured_media":100041,"comment_status":"closed","ping_status":"closed","sticky":false,"template":"","format":"standard","meta":{"_jetpack_memberships_contains_paid_content":false,"footnotes":""},"categories":[5,1],"tags":[],"class_list":["post-99698","post","type-post","status-publish","format-standard","has-post-thumbnail","hentry","category-informacion-general","category-portada"],"jetpack_featured_media_url":"https:\/\/i0.wp.com\/cdnoticias.com\/wp-content\/uploads\/2023\/10\/octubre-rosa-1.jpg?fit=1920%2C1080&ssl=1","jetpack_sharing_enabled":true,"_links":{"self":[{"href":"https:\/\/cdnoticias.com\/index.php\/wp-json\/wp\/v2\/posts\/99698","targetHints":{"allow":["GET"]}}],"collection":[{"href":"https:\/\/cdnoticias.com\/index.php\/wp-json\/wp\/v2\/posts"}],"about":[{"href":"https:\/\/cdnoticias.com\/index.php\/wp-json\/wp\/v2\/types\/post"}],"author":[{"embeddable":true,"href":"https:\/\/cdnoticias.com\/index.php\/wp-json\/wp\/v2\/users\/1"}],"replies":[{"embeddable":true,"href":"https:\/\/cdnoticias.com\/index.php\/wp-json\/wp\/v2\/comments?post=99698"}],"version-history":[{"count":0,"href":"https:\/\/cdnoticias.com\/index.php\/wp-json\/wp\/v2\/posts\/99698\/revisions"}],"wp:featuredmedia":[{"embeddable":true,"href":"https:\/\/cdnoticias.com\/index.php\/wp-json\/wp\/v2\/media\/100041"}],"wp:attachment":[{"href":"https:\/\/cdnoticias.com\/index.php\/wp-json\/wp\/v2\/media?parent=99698"}],"wp:term":[{"taxonomy":"category","embeddable":true,"href":"https:\/\/cdnoticias.com\/index.php\/wp-json\/wp\/v2\/categories?post=99698"},{"taxonomy":"post_tag","embeddable":true,"href":"https:\/\/cdnoticias.com\/index.php\/wp-json\/wp\/v2\/tags?post=99698"}],"curies":[{"name":"wp","href":"https:\/\/api.w.org\/{rel}","templated":true}]}}