{"id":99691,"date":"2023-10-21T12:00:40","date_gmt":"2023-10-21T15:00:40","guid":{"rendered":"https:\/\/www.centraldenoticias.com.ar\/?p=99691"},"modified":"2023-10-21T21:31:45","modified_gmt":"2023-10-22T00:31:45","slug":"el-correo-comenzo-a-repartir-las-urnas-en-los-lugares-de-votacion-de-olavarria","status":"publish","type":"post","link":"https:\/\/cdnoticias.com\/index.php\/2023\/10\/21\/el-correo-comenzo-a-repartir-las-urnas-en-los-lugares-de-votacion-de-olavarria\/","title":{"rendered":"El correo comenz\u00f3 a repartir las urnas en los lugares de votaci\u00f3n de Olavarr\u00eda"},"content":{"rendered":"<p>La log\u00edstica comenz\u00f3 en la previa de este domingo 22 de octubre donde se llevar\u00e1n a cabo las elecciones generales. Este s\u00e1bado, las primeras urnas fueron para Recalde y Espigas.<br \/>\n<!--more--><\/p>\n<hr \/>\n<p>Este<strong> domingo 22 de octubre <\/strong>se llevar\u00e1n cabo las <strong>elecciones generales<\/strong> en todo el pa\u00eds.<\/p>\n<p>&nbsp;<\/p>\n<p>En nuestra ciudad, el <strong>Correo Argentino<\/strong> ya comenz\u00f3 a<strong> repartir las urnas<\/strong> en los lugares de votaci\u00f3n correspondientes, espec\u00edficamente, en <strong>63 escuelas que cuentan con 296 urnas en total.\u00a0<\/strong><\/p>\n<p>&nbsp;<\/p>\n<p><img data-recalc-dims=\"1\" loading=\"lazy\" decoding=\"async\" class=\"aligncenter wp-image-99694 size-large\" src=\"https:\/\/i0.wp.com\/cdnoticias.com\/wp-content\/uploads\/2023\/10\/correo-argentino-urnas-4.jpeg?resize=800%2C600&#038;ssl=1\" alt=\"\" width=\"800\" height=\"600\" srcset=\"https:\/\/i0.wp.com\/cdnoticias.com\/wp-content\/uploads\/2023\/10\/correo-argentino-urnas-4.jpeg?resize=1024%2C768&amp;ssl=1 1024w, https:\/\/i0.wp.com\/cdnoticias.com\/wp-content\/uploads\/2023\/10\/correo-argentino-urnas-4.jpeg?resize=300%2C225&amp;ssl=1 300w, https:\/\/i0.wp.com\/cdnoticias.com\/wp-content\/uploads\/2023\/10\/correo-argentino-urnas-4.jpeg?resize=768%2C576&amp;ssl=1 768w, https:\/\/i0.wp.com\/cdnoticias.com\/wp-content\/uploads\/2023\/10\/correo-argentino-urnas-4.jpeg?resize=1536%2C1152&amp;ssl=1 1536w, https:\/\/i0.wp.com\/cdnoticias.com\/wp-content\/uploads\/2023\/10\/correo-argentino-urnas-4.jpeg?w=1600&amp;ssl=1 1600w\" sizes=\"auto, (max-width: 800px) 100vw, 800px\" \/><\/p>\n<p>&nbsp;<\/p>\n<p><em>Central de Noticias<\/em> pudo saber que las <strong>primeras urnas<\/strong> llegaron hace unas semanas y fueron para las localidades de<strong> Recalde y Espigas.<\/strong><\/p>\n<p>&nbsp;<\/p>\n<p>Participan del operativo <strong>76.170 empleados del Correo y 16.265 veh\u00edculos<\/strong> que transportar\u00e1n <strong>104.520 urnas<\/strong> para que lleguen a 16.942 locales de comicios con la finalidad de que los electores puedan ir a votar.<\/p>\n<p>&nbsp;<\/p>\n<p><img data-recalc-dims=\"1\" loading=\"lazy\" decoding=\"async\" class=\"wp-image-99693 size-large aligncenter\" src=\"https:\/\/i0.wp.com\/cdnoticias.com\/wp-content\/uploads\/2023\/10\/correo-argentino-urnas-2.jpeg?resize=800%2C600&#038;ssl=1\" alt=\"\" width=\"800\" height=\"600\" srcset=\"https:\/\/i0.wp.com\/cdnoticias.com\/wp-content\/uploads\/2023\/10\/correo-argentino-urnas-2.jpeg?resize=1024%2C768&amp;ssl=1 1024w, https:\/\/i0.wp.com\/cdnoticias.com\/wp-content\/uploads\/2023\/10\/correo-argentino-urnas-2.jpeg?resize=300%2C225&amp;ssl=1 300w, https:\/\/i0.wp.com\/cdnoticias.com\/wp-content\/uploads\/2023\/10\/correo-argentino-urnas-2.jpeg?resize=768%2C576&amp;ssl=1 768w, https:\/\/i0.wp.com\/cdnoticias.com\/wp-content\/uploads\/2023\/10\/correo-argentino-urnas-2.jpeg?resize=1536%2C1152&amp;ssl=1 1536w, https:\/\/i0.wp.com\/cdnoticias.com\/wp-content\/uploads\/2023\/10\/correo-argentino-urnas-2.jpeg?w=1600&amp;ssl=1 1600w\" sizes=\"auto, (max-width: 800px) 100vw, 800px\" \/><\/p>\n","protected":false},"excerpt":{"rendered":"<p>La log\u00edstica comenz\u00f3 en la previa de este domingo 22 de octubre donde se llevar\u00e1n a cabo las elecciones generales.<\/p>\n","protected":false},"author":1,"featured_media":99692,"comment_status":"closed","ping_status":"closed","sticky":false,"template":"","format":"standard","meta":{"_jetpack_memberships_contains_paid_content":false,"footnotes":""},"categories":[4,1],"tags":[],"class_list":["post-99691","post","type-post","status-publish","format-standard","has-post-thumbnail","hentry","category-politica","category-portada"],"jetpack_featured_media_url":"https:\/\/i0.wp.com\/cdnoticias.com\/wp-content\/uploads\/2023\/10\/correo-argentino-urnas-1.jpeg?fit=1599%2C899&ssl=1","jetpack_sharing_enabled":true,"_links":{"self":[{"href":"https:\/\/cdnoticias.com\/index.php\/wp-json\/wp\/v2\/posts\/99691","targetHints":{"allow":["GET"]}}],"collection":[{"href":"https:\/\/cdnoticias.com\/index.php\/wp-json\/wp\/v2\/posts"}],"about":[{"href":"https:\/\/cdnoticias.com\/index.php\/wp-json\/wp\/v2\/types\/post"}],"author":[{"embeddable":true,"href":"https:\/\/cdnoticias.com\/index.php\/wp-json\/wp\/v2\/users\/1"}],"replies":[{"embeddable":true,"href":"https:\/\/cdnoticias.com\/index.php\/wp-json\/wp\/v2\/comments?post=99691"}],"version-history":[{"count":0,"href":"https:\/\/cdnoticias.com\/index.php\/wp-json\/wp\/v2\/posts\/99691\/revisions"}],"wp:featuredmedia":[{"embeddable":true,"href":"https:\/\/cdnoticias.com\/index.php\/wp-json\/wp\/v2\/media\/99692"}],"wp:attachment":[{"href":"https:\/\/cdnoticias.com\/index.php\/wp-json\/wp\/v2\/media?parent=99691"}],"wp:term":[{"taxonomy":"category","embeddable":true,"href":"https:\/\/cdnoticias.com\/index.php\/wp-json\/wp\/v2\/categories?post=99691"},{"taxonomy":"post_tag","embeddable":true,"href":"https:\/\/cdnoticias.com\/index.php\/wp-json\/wp\/v2\/tags?post=99691"}],"curies":[{"name":"wp","href":"https:\/\/api.w.org\/{rel}","templated":true}]}}