{"id":99677,"date":"2023-10-21T09:45:52","date_gmt":"2023-10-21T12:45:52","guid":{"rendered":"https:\/\/www.centraldenoticias.com.ar\/?p=99677"},"modified":"2023-10-21T09:45:53","modified_gmt":"2023-10-21T12:45:53","slug":"florencia-natali-de-los-milagros-rojas-q-e-p-d","status":"publish","type":"post","link":"https:\/\/cdnoticias.com\/index.php\/2023\/10\/21\/florencia-natali-de-los-milagros-rojas-q-e-p-d\/","title":{"rendered":"Florencia Natali de los Milagros Rojas (Q.E.P.D.)"},"content":{"rendered":"<p>Falleci\u00f3 en Olavarr\u00eda el d\u00eda 20 de octubre de 2023 a los 20 a\u00f1os.<\/p>\n<p>&nbsp;<\/p>\n<p>Velatorio: Espa\u00f1a 2942 departamento &#8220;B&#8221; 20 de octubre de 2023 23:30. Inhumaci\u00f3n: Cementerio Loma de Paz, s\u00e1bado 21 a las 10:30. Servicio cubierto por el Sindicato de Trabajadores Municipales de Olavarr\u00eda.<\/p>\n<p>&nbsp;<\/p>\n<p>Actividad que desarrollaba: Pensionada<\/p>\n","protected":false},"excerpt":{"rendered":"<p>Falleci\u00f3 en Olavarr\u00eda el d\u00eda 20 de octubre de 2023 a los 20 a\u00f1os. &nbsp; Velatorio: Espa\u00f1a 2942 departamento &#8220;B&#8221;<\/p>\n","protected":false},"author":1,"featured_media":67646,"comment_status":"closed","ping_status":"closed","sticky":false,"template":"","format":"standard","meta":{"_jetpack_memberships_contains_paid_content":false,"footnotes":""},"categories":[10],"tags":[],"class_list":["post-99677","post","type-post","status-publish","format-standard","has-post-thumbnail","hentry","category-necrologicas"],"jetpack_featured_media_url":"https:\/\/i0.wp.com\/cdnoticias.com\/wp-content\/uploads\/2022\/10\/necrologicas-390-x-240.jpg?fit=390%2C240&ssl=1","jetpack_sharing_enabled":true,"_links":{"self":[{"href":"https:\/\/cdnoticias.com\/index.php\/wp-json\/wp\/v2\/posts\/99677","targetHints":{"allow":["GET"]}}],"collection":[{"href":"https:\/\/cdnoticias.com\/index.php\/wp-json\/wp\/v2\/posts"}],"about":[{"href":"https:\/\/cdnoticias.com\/index.php\/wp-json\/wp\/v2\/types\/post"}],"author":[{"embeddable":true,"href":"https:\/\/cdnoticias.com\/index.php\/wp-json\/wp\/v2\/users\/1"}],"replies":[{"embeddable":true,"href":"https:\/\/cdnoticias.com\/index.php\/wp-json\/wp\/v2\/comments?post=99677"}],"version-history":[{"count":0,"href":"https:\/\/cdnoticias.com\/index.php\/wp-json\/wp\/v2\/posts\/99677\/revisions"}],"wp:featuredmedia":[{"embeddable":true,"href":"https:\/\/cdnoticias.com\/index.php\/wp-json\/wp\/v2\/media\/67646"}],"wp:attachment":[{"href":"https:\/\/cdnoticias.com\/index.php\/wp-json\/wp\/v2\/media?parent=99677"}],"wp:term":[{"taxonomy":"category","embeddable":true,"href":"https:\/\/cdnoticias.com\/index.php\/wp-json\/wp\/v2\/categories?post=99677"},{"taxonomy":"post_tag","embeddable":true,"href":"https:\/\/cdnoticias.com\/index.php\/wp-json\/wp\/v2\/tags?post=99677"}],"curies":[{"name":"wp","href":"https:\/\/api.w.org\/{rel}","templated":true}]}}