{"id":99652,"date":"2023-10-21T18:26:50","date_gmt":"2023-10-21T21:26:50","guid":{"rendered":"https:\/\/www.centraldenoticias.com.ar\/?p=99652"},"modified":"2023-10-21T19:41:11","modified_gmt":"2023-10-21T22:41:11","slug":"avanza-la-instalacion-de-luminaria-led-en-pueblo-nuevo","status":"publish","type":"post","link":"https:\/\/cdnoticias.com\/index.php\/2023\/10\/21\/avanza-la-instalacion-de-luminaria-led-en-pueblo-nuevo\/","title":{"rendered":"Avanza la instalaci\u00f3n de luminaria LED en Pueblo Nuevo"},"content":{"rendered":"<p>&#8220;La nueva iluminaci\u00f3n implica un salto tecnol\u00f3gico, energ\u00e9tico y sustentable para la ciudad&#8221; indicaron desde el Municipio. <!--more--><\/p>\n<hr \/>\n<p>Desde el Municipio se avanza con el proyecto de lograr una <strong>Olavarr\u00eda 100% LED<\/strong> con una importante <strong>renovaci\u00f3n en el alumbrado p\u00fablico de la ciudad<\/strong> que se encuentra en marcha.<\/p>\n<p>&nbsp;<\/p>\n<blockquote><p>A las 3.000 nuevas luminarias instaladas, se incorporaron 465 en zona c\u00e9ntrica y San Vicente, en la zona comprendida por avenida Avellaneda, avenida Pringles avenida Pueyrred\u00f3n y Lavalle, que abarc\u00f3 adem\u00e1s los barrios Mariano Moreno, Roca Merlo, Parque Mitre, Plaza Aguada y la zona del Club Ferro.<\/p><\/blockquote>\n<p>&nbsp;<\/p>\n<p>En <strong>Pueblo Nuevo se sumar\u00e1n un total de 884 nuevas luminarias,<\/strong> en el sector que incluye <strong>avenida Del Valle, avenida Ituzaing\u00f3, avenida Col\u00f3n y Riobamba<\/strong>. En la actualidad se completaron las calles perpendiculares de Col\u00f3n hasta Del Valle y ahora se avanza desde Ituzaing\u00f3 hacia Riobamba, a la fecha llega hasta calle Ayacucho.<\/p>\n<p>&nbsp;<\/p>\n<p><em>&#8220;La nueva iluminaci\u00f3n implica un salto tecnol\u00f3gico, energ\u00e9tico y sustentable para la ciudad, siguiendo los lineamientos de los distintos proyectos que fueron realizados por la Secretar\u00eda de Mantenimiento y Obras P\u00fablicas de la Municipalidad&#8221;<\/em> se indic\u00f3.<\/p>\n<p>&nbsp;<\/p>\n<p>&#8220;La iluminaci\u00f3n p\u00fablica led, en definitiva, contribuye a la eficiencia energ\u00e9tica y a reducir los costos, con un ahorro inmediato, adem\u00e1s de cambiar sustancialmente la iluminaci\u00f3n y brindar mejores condiciones de seguridad&#8221; cerraron.<\/p>\n","protected":false},"excerpt":{"rendered":"<p>&#8220;La nueva iluminaci\u00f3n implica un salto tecnol\u00f3gico, energ\u00e9tico y sustentable para la ciudad&#8221; indicaron desde el Municipio.<\/p>\n","protected":false},"author":1,"featured_media":99653,"comment_status":"closed","ping_status":"closed","sticky":false,"template":"","format":"standard","meta":{"_jetpack_memberships_contains_paid_content":false,"footnotes":""},"categories":[5,1],"tags":[],"class_list":["post-99652","post","type-post","status-publish","format-standard","has-post-thumbnail","hentry","category-informacion-general","category-portada"],"jetpack_featured_media_url":"https:\/\/i0.wp.com\/cdnoticias.com\/wp-content\/uploads\/2023\/10\/Obras-Colocacion-Luces-Led-Pueblo-Nuevo-2.jpg?fit=1772%2C1181&ssl=1","jetpack_sharing_enabled":true,"_links":{"self":[{"href":"https:\/\/cdnoticias.com\/index.php\/wp-json\/wp\/v2\/posts\/99652","targetHints":{"allow":["GET"]}}],"collection":[{"href":"https:\/\/cdnoticias.com\/index.php\/wp-json\/wp\/v2\/posts"}],"about":[{"href":"https:\/\/cdnoticias.com\/index.php\/wp-json\/wp\/v2\/types\/post"}],"author":[{"embeddable":true,"href":"https:\/\/cdnoticias.com\/index.php\/wp-json\/wp\/v2\/users\/1"}],"replies":[{"embeddable":true,"href":"https:\/\/cdnoticias.com\/index.php\/wp-json\/wp\/v2\/comments?post=99652"}],"version-history":[{"count":0,"href":"https:\/\/cdnoticias.com\/index.php\/wp-json\/wp\/v2\/posts\/99652\/revisions"}],"wp:featuredmedia":[{"embeddable":true,"href":"https:\/\/cdnoticias.com\/index.php\/wp-json\/wp\/v2\/media\/99653"}],"wp:attachment":[{"href":"https:\/\/cdnoticias.com\/index.php\/wp-json\/wp\/v2\/media?parent=99652"}],"wp:term":[{"taxonomy":"category","embeddable":true,"href":"https:\/\/cdnoticias.com\/index.php\/wp-json\/wp\/v2\/categories?post=99652"},{"taxonomy":"post_tag","embeddable":true,"href":"https:\/\/cdnoticias.com\/index.php\/wp-json\/wp\/v2\/tags?post=99652"}],"curies":[{"name":"wp","href":"https:\/\/api.w.org\/{rel}","templated":true}]}}