{"id":99647,"date":"2023-10-20T19:07:20","date_gmt":"2023-10-20T22:07:20","guid":{"rendered":"https:\/\/www.centraldenoticias.com.ar\/?p=99647"},"modified":"2023-10-20T19:12:53","modified_gmt":"2023-10-20T22:12:53","slug":"retiraran-carteleria-de-las-fuerzas-politicas-cerca-de-las-escuelas-donde-se-votara","status":"publish","type":"post","link":"https:\/\/cdnoticias.com\/index.php\/2023\/10\/20\/retiraran-carteleria-de-las-fuerzas-politicas-cerca-de-las-escuelas-donde-se-votara\/","title":{"rendered":"Retirar\u00e1n carteler\u00eda de las fuerzas pol\u00edticas cerca de las escuelas donde se votar\u00e1"},"content":{"rendered":"<p>Fue informado por la comuna en las \u00faltimas horas. Es para que no haya carteler\u00eda o elementos que inciten a votar por un espacio en particular.<!--more--><\/p>\n<hr \/>\n<p>El Municipio inform\u00f3 en el inicio de la veda electoral que<strong> desde este viernes y hasta el domingo retirar\u00e1 carteler\u00eda de las distintas fuerzas pol\u00edticas ubicadas cerca de los establecimientos donde se votar\u00e1.<\/strong><\/p>\n<p>&nbsp;<\/p>\n<blockquote><p>La carteler\u00eda ser\u00e1 exclusivamente las \u201cque se encuentren ubicadas dentro del radio de 80 metros alrededor de establecimientos educativos en los que se realice la votaci\u00f3n del domingo\u201d.<\/p><\/blockquote>\n<p>&nbsp;<\/p>\n<p>Esto incluye <strong>no solo escuelas y jardines, sino tambi\u00e9n clubes y espacios alternativos que la Justicia Electoral puso a disposici\u00f3n para los casi 100 mil votantes habilitados<\/strong> en el Partido de Olavarr\u00eda.<\/p>\n","protected":false},"excerpt":{"rendered":"<p>Fue informado por la comuna en las \u00faltimas horas. Es para que no haya carteler\u00eda o elementos que inciten a<\/p>\n","protected":false},"author":1,"featured_media":98079,"comment_status":"closed","ping_status":"closed","sticky":false,"template":"","format":"standard","meta":{"_jetpack_memberships_contains_paid_content":false,"footnotes":""},"categories":[4,1],"tags":[],"class_list":["post-99647","post","type-post","status-publish","format-standard","has-post-thumbnail","hentry","category-politica","category-portada"],"jetpack_featured_media_url":"https:\/\/i0.wp.com\/cdnoticias.com\/wp-content\/uploads\/2023\/10\/campana-carteles-galli-wesner-2.jpg?fit=1000%2C556&ssl=1","jetpack_sharing_enabled":true,"_links":{"self":[{"href":"https:\/\/cdnoticias.com\/index.php\/wp-json\/wp\/v2\/posts\/99647","targetHints":{"allow":["GET"]}}],"collection":[{"href":"https:\/\/cdnoticias.com\/index.php\/wp-json\/wp\/v2\/posts"}],"about":[{"href":"https:\/\/cdnoticias.com\/index.php\/wp-json\/wp\/v2\/types\/post"}],"author":[{"embeddable":true,"href":"https:\/\/cdnoticias.com\/index.php\/wp-json\/wp\/v2\/users\/1"}],"replies":[{"embeddable":true,"href":"https:\/\/cdnoticias.com\/index.php\/wp-json\/wp\/v2\/comments?post=99647"}],"version-history":[{"count":0,"href":"https:\/\/cdnoticias.com\/index.php\/wp-json\/wp\/v2\/posts\/99647\/revisions"}],"wp:featuredmedia":[{"embeddable":true,"href":"https:\/\/cdnoticias.com\/index.php\/wp-json\/wp\/v2\/media\/98079"}],"wp:attachment":[{"href":"https:\/\/cdnoticias.com\/index.php\/wp-json\/wp\/v2\/media?parent=99647"}],"wp:term":[{"taxonomy":"category","embeddable":true,"href":"https:\/\/cdnoticias.com\/index.php\/wp-json\/wp\/v2\/categories?post=99647"},{"taxonomy":"post_tag","embeddable":true,"href":"https:\/\/cdnoticias.com\/index.php\/wp-json\/wp\/v2\/tags?post=99647"}],"curies":[{"name":"wp","href":"https:\/\/api.w.org\/{rel}","templated":true}]}}