{"id":99636,"date":"2023-10-20T18:08:43","date_gmt":"2023-10-20T21:08:43","guid":{"rendered":"https:\/\/www.centraldenoticias.com.ar\/?p=99636"},"modified":"2023-10-20T18:08:43","modified_gmt":"2023-10-20T21:08:43","slug":"maria-elena-ventura-de-timpanaro-q-e-p-d","status":"publish","type":"post","link":"https:\/\/cdnoticias.com\/index.php\/2023\/10\/20\/maria-elena-ventura-de-timpanaro-q-e-p-d\/","title":{"rendered":"Mar\u00eda Elena Ventura de Timpanaro (Q.E.P.D)"},"content":{"rendered":"<p>Falleci\u00f3 en Olavarr\u00eda el d\u00eda 20 de octubre de 2023 a los 65 a\u00f1os. Su esposo Luis Timpanaro. Sus hijos Cecilia, Carolina. Sus hijos pol\u00edticos Fernando, Francisco, y Cristina. Sus nietos Micaela, Camila, Felipe, Luisina<br \/>\ny Jerem\u00edas. Su bisnieta Emma. Su hermano Jos\u00e9 Ventura. Sus hermanos pol\u00edticos. Sus sobrinos y dem\u00e1s deudos participan su fallecimiento.<\/p>\n<p>&nbsp;<\/p>\n<p>Velatorio: Espa\u00f1a 2942 departamento &#8220;D&#8221;. La sala cierra a las 0:00 horas y reabre a las 8:00 horas. Responso: Capilla Ardiente. Inhumaci\u00f3n: Cementerio Loma de Paz, s\u00e1bado 21 de Octubre a las 11:30. Servicio adherido a Coopelectric.<\/p>\n<p>&nbsp;<\/p>\n<p>Barrio en el que viv\u00eda: Vecina de Villa Alfredo Fortabat.<\/p>\n<p>Lugar de nacimiento: Nacida en Olavarr\u00eda.<\/p>\n<p>Actividad que desarrollaba: Ama de Casa.<\/p>\n","protected":false},"excerpt":{"rendered":"<p>Falleci\u00f3 en Olavarr\u00eda el d\u00eda 20 de octubre de 2023 a los 65 a\u00f1os. Su esposo Luis Timpanaro. Sus hijos<\/p>\n","protected":false},"author":1,"featured_media":67646,"comment_status":"closed","ping_status":"closed","sticky":false,"template":"","format":"standard","meta":{"_jetpack_memberships_contains_paid_content":false,"footnotes":""},"categories":[10],"tags":[],"class_list":["post-99636","post","type-post","status-publish","format-standard","has-post-thumbnail","hentry","category-necrologicas"],"jetpack_featured_media_url":"https:\/\/i0.wp.com\/cdnoticias.com\/wp-content\/uploads\/2022\/10\/necrologicas-390-x-240.jpg?fit=390%2C240&ssl=1","jetpack_sharing_enabled":true,"_links":{"self":[{"href":"https:\/\/cdnoticias.com\/index.php\/wp-json\/wp\/v2\/posts\/99636","targetHints":{"allow":["GET"]}}],"collection":[{"href":"https:\/\/cdnoticias.com\/index.php\/wp-json\/wp\/v2\/posts"}],"about":[{"href":"https:\/\/cdnoticias.com\/index.php\/wp-json\/wp\/v2\/types\/post"}],"author":[{"embeddable":true,"href":"https:\/\/cdnoticias.com\/index.php\/wp-json\/wp\/v2\/users\/1"}],"replies":[{"embeddable":true,"href":"https:\/\/cdnoticias.com\/index.php\/wp-json\/wp\/v2\/comments?post=99636"}],"version-history":[{"count":0,"href":"https:\/\/cdnoticias.com\/index.php\/wp-json\/wp\/v2\/posts\/99636\/revisions"}],"wp:featuredmedia":[{"embeddable":true,"href":"https:\/\/cdnoticias.com\/index.php\/wp-json\/wp\/v2\/media\/67646"}],"wp:attachment":[{"href":"https:\/\/cdnoticias.com\/index.php\/wp-json\/wp\/v2\/media?parent=99636"}],"wp:term":[{"taxonomy":"category","embeddable":true,"href":"https:\/\/cdnoticias.com\/index.php\/wp-json\/wp\/v2\/categories?post=99636"},{"taxonomy":"post_tag","embeddable":true,"href":"https:\/\/cdnoticias.com\/index.php\/wp-json\/wp\/v2\/tags?post=99636"}],"curies":[{"name":"wp","href":"https:\/\/api.w.org\/{rel}","templated":true}]}}