{"id":99634,"date":"2023-10-21T14:17:01","date_gmt":"2023-10-21T17:17:01","guid":{"rendered":"https:\/\/www.centraldenoticias.com.ar\/?p=99634"},"modified":"2023-10-21T14:17:16","modified_gmt":"2023-10-21T17:17:16","slug":"almaceneros-bonaerenses-advierten-por-precios-y-dificultades-en-el-abastecimiento","status":"publish","type":"post","link":"https:\/\/cdnoticias.com\/index.php\/2023\/10\/21\/almaceneros-bonaerenses-advierten-por-precios-y-dificultades-en-el-abastecimiento\/","title":{"rendered":"Almaceneros bonaerenses advierten por precios y dificultades en el abastecimiento"},"content":{"rendered":"<p>&#8220;No tenemos norte, no tenemos precios, vamos al mayorista y no tenemos mercader\u00eda&#8221;, alert\u00f3 el presidente de la Federaci\u00f3n de Almaceneros, Fernando Savore.<!--more--><\/p>\n<hr \/>\n<p>El presidente de la Federaci\u00f3n de Almaceneros de la provincia de Buenos Aires, Fernando Savore, advirti\u00f3 que el s<strong>ector del almaceneros no tiene precios de referencia y sufre escasez de productos,<\/strong> a ra\u00edz del<strong> impacto de la inflaci\u00f3n y la incertidumbre sobre el d\u00f3lar.<\/strong><\/p>\n<p>&nbsp;<\/p>\n<p><em><strong>\u201cLa situaci\u00f3n actual es un desastre. Si la mercader\u00eda sigue aumentando, se puede ir reponiendo, pero ahora el problema es que no conseguimos en el mayorista, con lo cual no tenemos precios\u201d,<\/strong><\/em> se quej\u00f3 el dirigente.<\/p>\n<p>&nbsp;<\/p>\n<blockquote><p>Seg\u00fan Savore, \u201cla incertidumbre est\u00e1: no tenemos norte, no tenemos precios, vamos al mayorista y no tenemos mercader\u00eda. Si este domingo es electo un nuevo presidente veremos c\u00f3mo se estabiliza, pero si hay segunda vuelta no s\u00e9 c\u00f3mo va a seguir el pa\u00eds\u201d.<\/p><\/blockquote>\n<p>&nbsp;<\/p>\n<p>En declaraciones al programa \u201cPan y circo\u201d de radio Rivadavia, el directivo ejemplific\u00f3 que algunos productos, como el arroz, aumentaron m\u00e1s del doble durante el \u00faltimo mes: <em><strong>\u201cHoy est\u00e1 casi $1.000 el kilo de arroz m\u00e1s econ\u00f3mico, cuando un mes atr\u00e1s estaba $400 . Los fideos, pasaron de $300 a $690 en la \u00faltima semana; el az\u00facar, de $340 por kilo a $900 en diez d\u00edas. Y en galletitas faltan un mont\u00f3n de marcas. Es algo insostenible\u201d<\/strong><\/em>, cerr\u00f3 Savore.<\/p>\n<p>&nbsp;<\/p>\n<p><em>Fuente: DIB\u00a0<\/em><\/p>\n<p>&nbsp;<\/p>\n","protected":false},"excerpt":{"rendered":"<p>&#8220;No tenemos norte, no tenemos precios, vamos al mayorista y no tenemos mercader\u00eda&#8221;, alert\u00f3 el presidente de la Federaci\u00f3n de<\/p>\n","protected":false},"author":1,"featured_media":83972,"comment_status":"closed","ping_status":"closed","sticky":false,"template":"","format":"standard","meta":{"_jetpack_memberships_contains_paid_content":false,"footnotes":""},"categories":[6,1],"tags":[],"class_list":["post-99634","post","type-post","status-publish","format-standard","has-post-thumbnail","hentry","category-nacionales","category-portada"],"jetpack_featured_media_url":"https:\/\/i0.wp.com\/cdnoticias.com\/wp-content\/uploads\/2023\/05\/comercios-almacen-kiosco.jpg?fit=800%2C445&ssl=1","jetpack_sharing_enabled":true,"_links":{"self":[{"href":"https:\/\/cdnoticias.com\/index.php\/wp-json\/wp\/v2\/posts\/99634","targetHints":{"allow":["GET"]}}],"collection":[{"href":"https:\/\/cdnoticias.com\/index.php\/wp-json\/wp\/v2\/posts"}],"about":[{"href":"https:\/\/cdnoticias.com\/index.php\/wp-json\/wp\/v2\/types\/post"}],"author":[{"embeddable":true,"href":"https:\/\/cdnoticias.com\/index.php\/wp-json\/wp\/v2\/users\/1"}],"replies":[{"embeddable":true,"href":"https:\/\/cdnoticias.com\/index.php\/wp-json\/wp\/v2\/comments?post=99634"}],"version-history":[{"count":0,"href":"https:\/\/cdnoticias.com\/index.php\/wp-json\/wp\/v2\/posts\/99634\/revisions"}],"wp:featuredmedia":[{"embeddable":true,"href":"https:\/\/cdnoticias.com\/index.php\/wp-json\/wp\/v2\/media\/83972"}],"wp:attachment":[{"href":"https:\/\/cdnoticias.com\/index.php\/wp-json\/wp\/v2\/media?parent=99634"}],"wp:term":[{"taxonomy":"category","embeddable":true,"href":"https:\/\/cdnoticias.com\/index.php\/wp-json\/wp\/v2\/categories?post=99634"},{"taxonomy":"post_tag","embeddable":true,"href":"https:\/\/cdnoticias.com\/index.php\/wp-json\/wp\/v2\/tags?post=99634"}],"curies":[{"name":"wp","href":"https:\/\/api.w.org\/{rel}","templated":true}]}}