{"id":99624,"date":"2023-10-20T18:18:59","date_gmt":"2023-10-20T21:18:59","guid":{"rendered":"https:\/\/www.centraldenoticias.com.ar\/?p=99624"},"modified":"2023-10-20T18:19:08","modified_gmt":"2023-10-20T21:19:08","slug":"wesner-se-reunio-con-mas-de-100-integrantes-de-la-comunidad-universitaria-local","status":"publish","type":"post","link":"https:\/\/cdnoticias.com\/index.php\/2023\/10\/20\/wesner-se-reunio-con-mas-de-100-integrantes-de-la-comunidad-universitaria-local\/","title":{"rendered":"Wesner se reuni\u00f3 con m\u00e1s de 100 integrantes de la comunidad universitaria local"},"content":{"rendered":"<p>Participaron investigadores, investigadoras, docentes, no docentes, estudiantes, extensionistas y profesionales de las Facultades de Ciencias de la Salud, Ingenier\u00eda y Sociales de la UNICEN.<!--more--><\/p>\n<hr \/>\n<p>El candidato a Intendente, <strong>Maximiliano Wesner<\/strong>, se reuni\u00f3 con <strong>m\u00e1s de 100 integrantes de la comunidad universitaria<\/strong> local en el encuentro &#8220;<strong>Universidad y pol\u00edticas p\u00fablicas locales&#8221;.<\/strong><\/p>\n<p>&nbsp;<\/p>\n<p>Wesner plasm\u00f3 <strong>propuestas para avanzar con una articulaci\u00f3n entre el Municipio y las facultades locales.<\/strong> Tambi\u00e9n plante\u00f3 la necesidad de convocar a los investigadores locales para desarrollar un plan estrat\u00e9gico de desarrollo para Olavarr\u00eda.<\/p>\n<p>&nbsp;<\/p>\n<p><em>&#8220;Muchas gracias por este encuentro que es clave para pensar juntos la articulaci\u00f3n de pol\u00edticas p\u00fablicas y la Olavarr\u00eda del futuro<\/em>&#8220;, expres\u00f3 el candidato a Intendente ante investigadores, investigadoras, docentes, no docentes, estudiantes, extensionistas y profesionales de las Facultades de Ciencias de la Salud, Ingenier\u00eda y Sociales de la UNICEN.<\/p>\n<p>&nbsp;<\/p>\n<p><img data-recalc-dims=\"1\" loading=\"lazy\" decoding=\"async\" class=\"aligncenter wp-image-99627 size-full\" src=\"https:\/\/i0.wp.com\/cdnoticias.com\/wp-content\/uploads\/2023\/10\/wesner-comunidad-educativa-5.png?resize=800%2C445&#038;ssl=1\" alt=\"\" width=\"800\" height=\"445\" srcset=\"https:\/\/i0.wp.com\/cdnoticias.com\/wp-content\/uploads\/2023\/10\/wesner-comunidad-educativa-5.png?w=1000&amp;ssl=1 1000w, https:\/\/i0.wp.com\/cdnoticias.com\/wp-content\/uploads\/2023\/10\/wesner-comunidad-educativa-5.png?resize=300%2C167&amp;ssl=1 300w, https:\/\/i0.wp.com\/cdnoticias.com\/wp-content\/uploads\/2023\/10\/wesner-comunidad-educativa-5.png?resize=768%2C427&amp;ssl=1 768w, https:\/\/i0.wp.com\/cdnoticias.com\/wp-content\/uploads\/2023\/10\/wesner-comunidad-educativa-5.png?resize=800%2C445&amp;ssl=1 800w\" sizes=\"auto, (max-width: 800px) 100vw, 800px\" \/><\/p>\n<p>&nbsp;<\/p>\n<p>Al mismo tiempo, Wesner destac\u00f3: &#8220;<strong>Tenemos tres unidades acad\u00e9micas de prestigio y las vamos a convocar porque tienen mucho para aportar en la planificaci\u00f3n estrat\u00e9gica del Partido de Olavarr\u00eda y en el desarrollo de pol\u00edticas p\u00fablicas que aborden la vida cotidiana de los y las olavarrienses&#8221;.<\/strong><\/p>\n<p>&nbsp;<\/p>\n<blockquote><p>El candidato a Intendente dividi\u00f3 su presentaci\u00f3n en cuatro ejes: articulaci\u00f3n Universidad- Municipio; Municipio como nexo entre las unidades acad\u00e9micas con el Estado provincial y nacional; apoyo a los proyectos de extensi\u00f3n universitaria; y promoci\u00f3n de la investigaci\u00f3n a trav\u00e9s de foros, seminarios y congresos.<\/p><\/blockquote>\n<p>&nbsp;<\/p>\n<p>Del mismo modo, Wesner anticip\u00f3 la intenci\u00f3n de presentar un proyecto de ordenanza para<strong> crear un &#8220;Consejo Consultivo&#8221;<\/strong> que permita institucionalizar la articulaci\u00f3n del Municipio con la Universidad.<\/p>\n<p>&nbsp;<\/p>\n<p><img data-recalc-dims=\"1\" loading=\"lazy\" decoding=\"async\" class=\"aligncenter wp-image-99628 size-full\" src=\"https:\/\/i0.wp.com\/cdnoticias.com\/wp-content\/uploads\/2023\/10\/wesner-comunidad-educativa-4.png?resize=800%2C445&#038;ssl=1\" alt=\"\" width=\"800\" height=\"445\" srcset=\"https:\/\/i0.wp.com\/cdnoticias.com\/wp-content\/uploads\/2023\/10\/wesner-comunidad-educativa-4.png?w=1000&amp;ssl=1 1000w, https:\/\/i0.wp.com\/cdnoticias.com\/wp-content\/uploads\/2023\/10\/wesner-comunidad-educativa-4.png?resize=300%2C167&amp;ssl=1 300w, https:\/\/i0.wp.com\/cdnoticias.com\/wp-content\/uploads\/2023\/10\/wesner-comunidad-educativa-4.png?resize=768%2C427&amp;ssl=1 768w, https:\/\/i0.wp.com\/cdnoticias.com\/wp-content\/uploads\/2023\/10\/wesner-comunidad-educativa-4.png?resize=800%2C445&amp;ssl=1 800w\" sizes=\"auto, (max-width: 800px) 100vw, 800px\" \/><\/p>\n<p>&nbsp;<\/p>\n<p>El candidato tambi\u00e9n expres\u00f3 su voluntad de<strong> articular con profesionales de las facultades locales<\/strong> el desarrollo de propuestas que ya integran su plataforma de gobierno como la creaci\u00f3n del Polo Tecnol\u00f3gico, un frigor\u00edfico municipal, el Instituto Municipal de la Vivienda y la Incubadora de Empresas, entre otras.<\/p>\n<p>&nbsp;<\/p>\n<p><img data-recalc-dims=\"1\" loading=\"lazy\" decoding=\"async\" class=\"aligncenter wp-image-99626 size-full\" src=\"https:\/\/i0.wp.com\/cdnoticias.com\/wp-content\/uploads\/2023\/10\/wesner-comunidad-educativa-6.png?resize=800%2C445&#038;ssl=1\" alt=\"\" width=\"800\" height=\"445\" srcset=\"https:\/\/i0.wp.com\/cdnoticias.com\/wp-content\/uploads\/2023\/10\/wesner-comunidad-educativa-6.png?w=1000&amp;ssl=1 1000w, https:\/\/i0.wp.com\/cdnoticias.com\/wp-content\/uploads\/2023\/10\/wesner-comunidad-educativa-6.png?resize=300%2C167&amp;ssl=1 300w, https:\/\/i0.wp.com\/cdnoticias.com\/wp-content\/uploads\/2023\/10\/wesner-comunidad-educativa-6.png?resize=768%2C427&amp;ssl=1 768w, https:\/\/i0.wp.com\/cdnoticias.com\/wp-content\/uploads\/2023\/10\/wesner-comunidad-educativa-6.png?resize=800%2C445&amp;ssl=1 800w\" sizes=\"auto, (max-width: 800px) 100vw, 800px\" \/><\/p>\n","protected":false},"excerpt":{"rendered":"<p>Participaron investigadores, investigadoras, docentes, no docentes, estudiantes, extensionistas y profesionales de las Facultades de Ciencias de la Salud, Ingenier\u00eda y<\/p>\n","protected":false},"author":1,"featured_media":99629,"comment_status":"closed","ping_status":"closed","sticky":false,"template":"","format":"standard","meta":{"_jetpack_memberships_contains_paid_content":false,"footnotes":""},"categories":[4],"tags":[],"class_list":["post-99624","post","type-post","status-publish","format-standard","has-post-thumbnail","hentry","category-politica"],"jetpack_featured_media_url":"https:\/\/i0.wp.com\/cdnoticias.com\/wp-content\/uploads\/2023\/10\/wesner-comunidad-educativa-1.png?fit=1000%2C556&ssl=1","jetpack_sharing_enabled":true,"_links":{"self":[{"href":"https:\/\/cdnoticias.com\/index.php\/wp-json\/wp\/v2\/posts\/99624","targetHints":{"allow":["GET"]}}],"collection":[{"href":"https:\/\/cdnoticias.com\/index.php\/wp-json\/wp\/v2\/posts"}],"about":[{"href":"https:\/\/cdnoticias.com\/index.php\/wp-json\/wp\/v2\/types\/post"}],"author":[{"embeddable":true,"href":"https:\/\/cdnoticias.com\/index.php\/wp-json\/wp\/v2\/users\/1"}],"replies":[{"embeddable":true,"href":"https:\/\/cdnoticias.com\/index.php\/wp-json\/wp\/v2\/comments?post=99624"}],"version-history":[{"count":0,"href":"https:\/\/cdnoticias.com\/index.php\/wp-json\/wp\/v2\/posts\/99624\/revisions"}],"wp:featuredmedia":[{"embeddable":true,"href":"https:\/\/cdnoticias.com\/index.php\/wp-json\/wp\/v2\/media\/99629"}],"wp:attachment":[{"href":"https:\/\/cdnoticias.com\/index.php\/wp-json\/wp\/v2\/media?parent=99624"}],"wp:term":[{"taxonomy":"category","embeddable":true,"href":"https:\/\/cdnoticias.com\/index.php\/wp-json\/wp\/v2\/categories?post=99624"},{"taxonomy":"post_tag","embeddable":true,"href":"https:\/\/cdnoticias.com\/index.php\/wp-json\/wp\/v2\/tags?post=99624"}],"curies":[{"name":"wp","href":"https:\/\/api.w.org\/{rel}","templated":true}]}}