{"id":99621,"date":"2023-10-21T21:06:08","date_gmt":"2023-10-22T00:06:08","guid":{"rendered":"https:\/\/www.centraldenoticias.com.ar\/?p=99621"},"modified":"2023-10-21T21:09:11","modified_gmt":"2023-10-22T00:09:11","slug":"como-va-a-estar-el-clima-para-ir-a-votar-el-domingo","status":"publish","type":"post","link":"https:\/\/cdnoticias.com\/index.php\/2023\/10\/21\/como-va-a-estar-el-clima-para-ir-a-votar-el-domingo\/","title":{"rendered":"\u00bfC\u00f3mo va a estar el clima para ir a votar el domingo?"},"content":{"rendered":"<p class=\"td-post-sub-title\">Se esperan lluvias y tormentas en gran parte del pa\u00eds. Afectar\u00e1n especialmente al centro y el norte bonaerense. Durante este s\u00e1bado, se registraron 40,5 mil\u00edmetros de agua ca\u00edda hasta las 21 horas en Olavarr\u00eda.<!--more--><\/p>\n<hr \/>\n<div class=\"td-module-meta-info\">\n<p>El domingo<strong> habr\u00e1 que votar con paraguas en todo el norte de la provincia de Buenos Aires,<\/strong> incluido el \u00c1rea Metropolitana o AMBA.<\/p>\n<p>El Servicio Meteorol\u00f3gico Nacional (SMN) actualiz\u00f3 sus previsiones y si d\u00edas atr\u00e1s se hablaba de que pod\u00eda llover en la franja oeste, ahora lo que aparece bajo<strong> lluvias y tormentas<\/strong> en los mapas del organismo es una <strong>amplia zona del centro y el norte bonaerense,<\/strong> que incluye a Trenque Lauquen, Bol\u00edvar, Las Flores y Dolores.<\/p>\n<p>El momento m\u00e1s complicado ser\u00e1 el s\u00e1bado a la tarde, cuando se prev\u00e9n lluvias y tormentas en todo el territorio bonaerense, incluyendo la costa atl\u00e1ntica. De hecho, la lluvia afectar\u00e1 a gran parte del pa\u00eds, desde el norte de C\u00f3rdoba hasta R\u00edo Negro.<\/p>\n<\/div>\n<p><img data-recalc-dims=\"1\" loading=\"lazy\" decoding=\"async\" class=\"aligncenter wp-image-99622 size-full\" src=\"https:\/\/i0.wp.com\/cdnoticias.com\/wp-content\/uploads\/2023\/10\/lluvia-domingo.jpg?resize=761%2C543&#038;ssl=1\" alt=\"\" width=\"761\" height=\"543\" srcset=\"https:\/\/i0.wp.com\/cdnoticias.com\/wp-content\/uploads\/2023\/10\/lluvia-domingo.jpg?w=761&amp;ssl=1 761w, https:\/\/i0.wp.com\/cdnoticias.com\/wp-content\/uploads\/2023\/10\/lluvia-domingo.jpg?resize=300%2C214&amp;ssl=1 300w\" sizes=\"auto, (max-width: 761px) 100vw, 761px\" \/><\/p>\n<div class=\"td-module-meta-info\">\n<p>Al d\u00eda siguiente las condiciones en la provincia de Buenos Aires ir\u00edan mejorando, a excepci\u00f3n de la mencionada zona del centro y el norte. <strong>En el AMBA, que incluye a la ciudad de La Plata, el SMN prev\u00e9 que las malas condiciones del tiempo<\/strong> sigan hasta el lunes inclusive, con temperaturas que oscilar\u00e1n entre los 18\u00ba de m\u00ednima y 25\u00ba de m\u00e1xima para el domingo electoral. As\u00ed que habr\u00e1 que ir a cumplir con el deber c\u00edvico preparado para mojarse pero sin mucho abrigo.<\/p>\n<p>La misma situaci\u00f3n se ver\u00e1 en, entre otras, Trenque Lauquen, General Villegas, Bol\u00edvar, Pehuaj\u00f3, 9 de Julio y Chacabuco. Mientras tanto, <strong>el domingo por la ma\u00f1ana ya habr\u00e1 sol en Azul, Olavarr\u00eda, Tandil, Benito Ju\u00e1rez,<\/strong> la costa y el resto de las localidades m\u00e1s al sur, por nombrar algunas.<\/p>\n<\/div>\n<p><img data-recalc-dims=\"1\" loading=\"lazy\" decoding=\"async\" class=\"alignnone size-full wp-image-99716\" src=\"https:\/\/i0.wp.com\/cdnoticias.com\/wp-content\/uploads\/2023\/10\/lluvia-00.jpg?resize=800%2C445&#038;ssl=1\" alt=\"\" width=\"800\" height=\"445\" srcset=\"https:\/\/i0.wp.com\/cdnoticias.com\/wp-content\/uploads\/2023\/10\/lluvia-00.jpg?w=1000&amp;ssl=1 1000w, https:\/\/i0.wp.com\/cdnoticias.com\/wp-content\/uploads\/2023\/10\/lluvia-00.jpg?resize=300%2C167&amp;ssl=1 300w, https:\/\/i0.wp.com\/cdnoticias.com\/wp-content\/uploads\/2023\/10\/lluvia-00.jpg?resize=768%2C427&amp;ssl=1 768w, https:\/\/i0.wp.com\/cdnoticias.com\/wp-content\/uploads\/2023\/10\/lluvia-00.jpg?resize=800%2C445&amp;ssl=1 800w\" sizes=\"auto, (max-width: 800px) 100vw, 800px\" \/><\/p>\n<blockquote><p>Respecto de los registros de este s\u00e1bado en Olavarr\u00eda, la Estaci\u00f3n Meteorol\u00f3gica local inform\u00f3 que se registraron 40,5 mil\u00edmetros de agua ca\u00edda hasta las 21 horas y el pron\u00f3stico indica que seguir\u00e1n las lluvias durante la madrugada. Las probabilidades de precipitaci\u00f3n para la ma\u00f1ana y la tarde del s\u00e1bado son bajas seg\u00fan el SMN.<\/p><\/blockquote>\n<p><em>Fuente: DIB\u00a0<\/em><\/p>\n","protected":false},"excerpt":{"rendered":"<p>Se esperan lluvias y tormentas en gran parte del pa\u00eds. Afectar\u00e1n especialmente al centro y el norte bonaerense. Durante este<\/p>\n","protected":false},"author":1,"featured_media":99717,"comment_status":"closed","ping_status":"closed","sticky":false,"template":"","format":"standard","meta":{"_jetpack_memberships_contains_paid_content":false,"footnotes":""},"categories":[6,1],"tags":[],"class_list":["post-99621","post","type-post","status-publish","format-standard","has-post-thumbnail","hentry","category-nacionales","category-portada"],"jetpack_featured_media_url":"https:\/\/i0.wp.com\/cdnoticias.com\/wp-content\/uploads\/2023\/10\/lluvia.jpg?fit=1040%2C578&ssl=1","jetpack_sharing_enabled":true,"_links":{"self":[{"href":"https:\/\/cdnoticias.com\/index.php\/wp-json\/wp\/v2\/posts\/99621","targetHints":{"allow":["GET"]}}],"collection":[{"href":"https:\/\/cdnoticias.com\/index.php\/wp-json\/wp\/v2\/posts"}],"about":[{"href":"https:\/\/cdnoticias.com\/index.php\/wp-json\/wp\/v2\/types\/post"}],"author":[{"embeddable":true,"href":"https:\/\/cdnoticias.com\/index.php\/wp-json\/wp\/v2\/users\/1"}],"replies":[{"embeddable":true,"href":"https:\/\/cdnoticias.com\/index.php\/wp-json\/wp\/v2\/comments?post=99621"}],"version-history":[{"count":0,"href":"https:\/\/cdnoticias.com\/index.php\/wp-json\/wp\/v2\/posts\/99621\/revisions"}],"wp:featuredmedia":[{"embeddable":true,"href":"https:\/\/cdnoticias.com\/index.php\/wp-json\/wp\/v2\/media\/99717"}],"wp:attachment":[{"href":"https:\/\/cdnoticias.com\/index.php\/wp-json\/wp\/v2\/media?parent=99621"}],"wp:term":[{"taxonomy":"category","embeddable":true,"href":"https:\/\/cdnoticias.com\/index.php\/wp-json\/wp\/v2\/categories?post=99621"},{"taxonomy":"post_tag","embeddable":true,"href":"https:\/\/cdnoticias.com\/index.php\/wp-json\/wp\/v2\/tags?post=99621"}],"curies":[{"name":"wp","href":"https:\/\/api.w.org\/{rel}","templated":true}]}}