{"id":99619,"date":"2023-10-21T09:00:07","date_gmt":"2023-10-21T12:00:07","guid":{"rendered":"https:\/\/www.centraldenoticias.com.ar\/?p=99619"},"modified":"2023-10-21T18:30:57","modified_gmt":"2023-10-21T21:30:57","slug":"transporte-publico-sera-gratuito-en-todo-el-pais-para-ir-a-votar","status":"publish","type":"post","link":"https:\/\/cdnoticias.com\/index.php\/2023\/10\/21\/transporte-publico-sera-gratuito-en-todo-el-pais-para-ir-a-votar\/","title":{"rendered":"Transporte p\u00fablico: ser\u00e1 gratuito en todo el pa\u00eds para ir a votar"},"content":{"rendered":"<p>Lo dispuso el gobierno nacional para facilitar el acto eleccionario.<!--more--><\/p>\n<hr \/>\n<p>Este domingo 22 de octubre <strong>el transporte p\u00fablico ser\u00e1 gratuito<\/strong> para ir a votar <strong>en todo el pa\u00eds. <\/strong>As\u00ed lo resolvi\u00f3 el Ministerio de Transporte de la Naci\u00f3n, que inform\u00f3 sobre la gratuidad del transporte p\u00fablico de jurisdicci\u00f3n nacional y del transporte p\u00fablico de 21 provincias y la Ciudad de Buenos Aires, con el objetivo de facilitar el traslado de los ciudadanos y ciudadanas en trenes y colectivos para que puedan ejercer su deber c\u00edvico y garantizar la mayor concurrencia a las urnas.<\/p>\n<p>&nbsp;<\/p>\n<p>La decisi\u00f3n se estableci\u00f3 a trav\u00e9s de la resoluci\u00f3n 435\/2023, estableciendo una frecuencia m\u00ednima de d\u00eda s\u00e1bado en los servicios. \u201c<em><strong>Este domingo, cuando vayas a votar, hemos dispuesto transporte gratuito en toda la Argentina. Es una manera de facilitar el derecho a elegir que tenemos los argentinos y las argentinas\u201d<\/strong><\/em>, dijo el ministro de Transporte Diego Giuliano.<\/p>\n<p>&nbsp;<\/p>\n<p>El Gobierno nacional financiar\u00e1 el servicio y distribuir\u00e1 las compensaciones econ\u00f3micas en base de datos estad\u00edsticos disponibles a partir del Sistema \u00danico de Boleto Electr\u00f3nico (SUBE) y, en el caso de que no hayan implementado a\u00fan el sistema SUBE, ser\u00e1 complementada con la informaci\u00f3n disponible.<\/p>\n<p>&nbsp;<\/p>\n<p>Solo las provincias de <strong>Jujuy y de Tierra del Fuego<\/strong> no contar\u00e1n con transporte p\u00fablico gratis. El gobierno de Jujuy rechaz\u00f3 la medida impulsada y financiada por el gobierno nacional; mientras que Tierra del Fuego se vio imposibilitada para adherir ya que la competencia del transporte es municipal.<\/p>\n<p>&nbsp;<\/p>\n<p><em>Fuente: DIB\u00a0<\/em><\/p>\n","protected":false},"excerpt":{"rendered":"<p>Lo dispuso el gobierno nacional para facilitar el acto eleccionario.<\/p>\n","protected":false},"author":1,"featured_media":51077,"comment_status":"closed","ping_status":"closed","sticky":false,"template":"","format":"standard","meta":{"_jetpack_memberships_contains_paid_content":false,"footnotes":""},"categories":[5,1],"tags":[],"class_list":["post-99619","post","type-post","status-publish","format-standard","has-post-thumbnail","hentry","category-informacion-general","category-portada"],"jetpack_featured_media_url":"https:\/\/i0.wp.com\/cdnoticias.com\/wp-content\/uploads\/2022\/04\/colectivo-boleto-tu-bus-1.jpg?fit=800%2C445&ssl=1","jetpack_sharing_enabled":true,"_links":{"self":[{"href":"https:\/\/cdnoticias.com\/index.php\/wp-json\/wp\/v2\/posts\/99619","targetHints":{"allow":["GET"]}}],"collection":[{"href":"https:\/\/cdnoticias.com\/index.php\/wp-json\/wp\/v2\/posts"}],"about":[{"href":"https:\/\/cdnoticias.com\/index.php\/wp-json\/wp\/v2\/types\/post"}],"author":[{"embeddable":true,"href":"https:\/\/cdnoticias.com\/index.php\/wp-json\/wp\/v2\/users\/1"}],"replies":[{"embeddable":true,"href":"https:\/\/cdnoticias.com\/index.php\/wp-json\/wp\/v2\/comments?post=99619"}],"version-history":[{"count":0,"href":"https:\/\/cdnoticias.com\/index.php\/wp-json\/wp\/v2\/posts\/99619\/revisions"}],"wp:featuredmedia":[{"embeddable":true,"href":"https:\/\/cdnoticias.com\/index.php\/wp-json\/wp\/v2\/media\/51077"}],"wp:attachment":[{"href":"https:\/\/cdnoticias.com\/index.php\/wp-json\/wp\/v2\/media?parent=99619"}],"wp:term":[{"taxonomy":"category","embeddable":true,"href":"https:\/\/cdnoticias.com\/index.php\/wp-json\/wp\/v2\/categories?post=99619"},{"taxonomy":"post_tag","embeddable":true,"href":"https:\/\/cdnoticias.com\/index.php\/wp-json\/wp\/v2\/tags?post=99619"}],"curies":[{"name":"wp","href":"https:\/\/api.w.org\/{rel}","templated":true}]}}