{"id":99600,"date":"2023-10-20T17:41:51","date_gmt":"2023-10-20T20:41:51","guid":{"rendered":"https:\/\/www.centraldenoticias.com.ar\/?p=99600"},"modified":"2023-10-21T18:30:33","modified_gmt":"2023-10-21T21:30:33","slug":"hallaron-una-moto-y-una-bicicleta-la-policia-busca-a-sus-duenos","status":"publish","type":"post","link":"https:\/\/cdnoticias.com\/index.php\/2023\/10\/20\/hallaron-una-moto-y-una-bicicleta-la-policia-busca-a-sus-duenos\/","title":{"rendered":"Hallaron una moto y una bicicleta: la Polic\u00eda busca a sus due\u00f1os"},"content":{"rendered":"<p>Se solicit\u00f3 a quien lo reconozca como de su propiedad, que se acerque a la sede de Belgrano N\u00b0 2439.<\/p>\n<p><!--more--><\/p>\n<hr \/>\n<p>Desde la <strong>Comisar\u00eda Primera de Olavarr\u00eda<\/strong> se dio a conocer el <strong>hallazgo de una moto y una bicicleta.<\/strong><\/p>\n<p>&nbsp;<\/p>\n<blockquote><p>Se trata de una motocicleta marca Brava, modelo Nevada 110 cc, color azul y una bicicleta marca Danger, tipo playera, color amarillo con rodado 26.<\/p><\/blockquote>\n<p>&nbsp;<\/p>\n<p><img data-recalc-dims=\"1\" loading=\"lazy\" decoding=\"async\" class=\"size-full wp-image-99601 aligncenter\" src=\"https:\/\/i0.wp.com\/cdnoticias.com\/wp-content\/uploads\/2023\/10\/hallazgo-bicicleta-recuperada-00.jpg?resize=800%2C445&#038;ssl=1\" alt=\"\" width=\"800\" height=\"445\" srcset=\"https:\/\/i0.wp.com\/cdnoticias.com\/wp-content\/uploads\/2023\/10\/hallazgo-bicicleta-recuperada-00.jpg?w=1000&amp;ssl=1 1000w, https:\/\/i0.wp.com\/cdnoticias.com\/wp-content\/uploads\/2023\/10\/hallazgo-bicicleta-recuperada-00.jpg?resize=300%2C167&amp;ssl=1 300w, https:\/\/i0.wp.com\/cdnoticias.com\/wp-content\/uploads\/2023\/10\/hallazgo-bicicleta-recuperada-00.jpg?resize=768%2C427&amp;ssl=1 768w, https:\/\/i0.wp.com\/cdnoticias.com\/wp-content\/uploads\/2023\/10\/hallazgo-bicicleta-recuperada-00.jpg?resize=800%2C445&amp;ssl=1 800w\" sizes=\"auto, (max-width: 800px) 100vw, 800px\" \/><\/p>\n<p>&nbsp;<\/p>\n<p>Se solicit\u00f3 a quien lo reconozca como de su propiedad, que se acerque a la sede de Belgrano N\u00b0 2439, o se comunique al 423968, de lunes a viernes 8 a 12 horas para entrevistarse con personal de la Oficina de Judiciales.<\/p>\n<p>&nbsp;<\/p>\n<p>En ambos casos, las actuaciones fueron caratuladas \u201challazgo\u201d con intervenci\u00f3n de la UFI N\u00ba 4.<\/p>\n<p>&nbsp;<\/p>\n","protected":false},"excerpt":{"rendered":"<p>Se solicit\u00f3 a quien lo reconozca como de su propiedad, que se acerque a la sede de Belgrano N\u00b0 2439.<\/p>\n","protected":false},"author":1,"featured_media":99602,"comment_status":"closed","ping_status":"closed","sticky":false,"template":"","format":"standard","meta":{"_jetpack_memberships_contains_paid_content":false,"footnotes":""},"categories":[14,1],"tags":[],"class_list":["post-99600","post","type-post","status-publish","format-standard","has-post-thumbnail","hentry","category-policiales","category-portada"],"jetpack_featured_media_url":"https:\/\/i0.wp.com\/cdnoticias.com\/wp-content\/uploads\/2023\/10\/hallazgo-moto-recuperada-00.jpg?fit=1000%2C556&ssl=1","jetpack_sharing_enabled":true,"_links":{"self":[{"href":"https:\/\/cdnoticias.com\/index.php\/wp-json\/wp\/v2\/posts\/99600","targetHints":{"allow":["GET"]}}],"collection":[{"href":"https:\/\/cdnoticias.com\/index.php\/wp-json\/wp\/v2\/posts"}],"about":[{"href":"https:\/\/cdnoticias.com\/index.php\/wp-json\/wp\/v2\/types\/post"}],"author":[{"embeddable":true,"href":"https:\/\/cdnoticias.com\/index.php\/wp-json\/wp\/v2\/users\/1"}],"replies":[{"embeddable":true,"href":"https:\/\/cdnoticias.com\/index.php\/wp-json\/wp\/v2\/comments?post=99600"}],"version-history":[{"count":0,"href":"https:\/\/cdnoticias.com\/index.php\/wp-json\/wp\/v2\/posts\/99600\/revisions"}],"wp:featuredmedia":[{"embeddable":true,"href":"https:\/\/cdnoticias.com\/index.php\/wp-json\/wp\/v2\/media\/99602"}],"wp:attachment":[{"href":"https:\/\/cdnoticias.com\/index.php\/wp-json\/wp\/v2\/media?parent=99600"}],"wp:term":[{"taxonomy":"category","embeddable":true,"href":"https:\/\/cdnoticias.com\/index.php\/wp-json\/wp\/v2\/categories?post=99600"},{"taxonomy":"post_tag","embeddable":true,"href":"https:\/\/cdnoticias.com\/index.php\/wp-json\/wp\/v2\/tags?post=99600"}],"curies":[{"name":"wp","href":"https:\/\/api.w.org\/{rel}","templated":true}]}}