{"id":9959,"date":"2020-12-26T12:02:18","date_gmt":"2020-12-26T15:02:18","guid":{"rendered":"http:\/\/www.centraldenoticias.com.ar\/?p=9959"},"modified":"2020-12-26T12:02:18","modified_gmt":"2020-12-26T15:02:18","slug":"aprehendieron-a-un-joven-por-amenazar-a-un-hombre","status":"publish","type":"post","link":"https:\/\/cdnoticias.com\/index.php\/2020\/12\/26\/aprehendieron-a-un-joven-por-amenazar-a-un-hombre\/","title":{"rendered":"Aprehendieron a un joven por amenazar a un hombre"},"content":{"rendered":"<p>Fue en la jornada del viernes en la zona de Dean Funes y Roque S\u00e1enz Pe\u00f1a.<!--more--><\/p>\n<hr \/>\n<p>En la jornada del viernes, en plena Navidad, <strong>personal de Comando de Patrullas aprehendi\u00f3 a un joven de 23 a\u00f1os por amenazar a un ciudadano.<\/strong><\/p>\n<p>&nbsp;<\/p>\n<blockquote><p>Seg\u00fan se logr\u00f3 saber, la polic\u00eda intercept\u00f3 al joven minutos despu\u00e9s de haber amenazado de muerte al vecino que se encontraba en una vivienda del lugar.<\/p><\/blockquote>\n<p>&nbsp;<\/p>\n<p>Tras el hecho y corroborar las amenazas,<strong> el joven fue apresado y trasladado a la Comisar\u00eda Segunda<\/strong>, donde qued\u00f3 a disposici\u00f3n de la fiscal Viviana Beyt\u00eda, titular de la UFI N\u00b0 10.<\/p>\n","protected":false},"excerpt":{"rendered":"<p>Fue en la jornada del viernes en la zona de Dean Funes y Roque S\u00e1enz Pe\u00f1a.<\/p>\n","protected":false},"author":2,"featured_media":9960,"comment_status":"closed","ping_status":"closed","sticky":false,"template":"","format":"standard","meta":{"_jetpack_memberships_contains_paid_content":false,"footnotes":""},"categories":[14,1],"tags":[],"class_list":["post-9959","post","type-post","status-publish","format-standard","has-post-thumbnail","hentry","category-policiales","category-portada"],"jetpack_featured_media_url":"https:\/\/i0.wp.com\/cdnoticias.com\/wp-content\/uploads\/2020\/12\/WhatsApp-Image-2020-12-25-at-15.33.55.jpeg?fit=763%2C438&ssl=1","jetpack_sharing_enabled":true,"_links":{"self":[{"href":"https:\/\/cdnoticias.com\/index.php\/wp-json\/wp\/v2\/posts\/9959","targetHints":{"allow":["GET"]}}],"collection":[{"href":"https:\/\/cdnoticias.com\/index.php\/wp-json\/wp\/v2\/posts"}],"about":[{"href":"https:\/\/cdnoticias.com\/index.php\/wp-json\/wp\/v2\/types\/post"}],"author":[{"embeddable":true,"href":"https:\/\/cdnoticias.com\/index.php\/wp-json\/wp\/v2\/users\/2"}],"replies":[{"embeddable":true,"href":"https:\/\/cdnoticias.com\/index.php\/wp-json\/wp\/v2\/comments?post=9959"}],"version-history":[{"count":0,"href":"https:\/\/cdnoticias.com\/index.php\/wp-json\/wp\/v2\/posts\/9959\/revisions"}],"wp:featuredmedia":[{"embeddable":true,"href":"https:\/\/cdnoticias.com\/index.php\/wp-json\/wp\/v2\/media\/9960"}],"wp:attachment":[{"href":"https:\/\/cdnoticias.com\/index.php\/wp-json\/wp\/v2\/media?parent=9959"}],"wp:term":[{"taxonomy":"category","embeddable":true,"href":"https:\/\/cdnoticias.com\/index.php\/wp-json\/wp\/v2\/categories?post=9959"},{"taxonomy":"post_tag","embeddable":true,"href":"https:\/\/cdnoticias.com\/index.php\/wp-json\/wp\/v2\/tags?post=9959"}],"curies":[{"name":"wp","href":"https:\/\/api.w.org\/{rel}","templated":true}]}}