{"id":99561,"date":"2023-10-19T20:38:39","date_gmt":"2023-10-19T23:38:39","guid":{"rendered":"https:\/\/www.centraldenoticias.com.ar\/?p=99561"},"modified":"2023-10-20T12:40:21","modified_gmt":"2023-10-20T15:40:21","slug":"la-voz-de-los-jovenes-estara-presente-en-mi-gestion","status":"publish","type":"post","link":"https:\/\/cdnoticias.com\/index.php\/2023\/10\/19\/la-voz-de-los-jovenes-estara-presente-en-mi-gestion\/","title":{"rendered":"\u201cLa voz de los j\u00f3venes estar\u00e1 presente en mi gesti\u00f3n&#8221;"},"content":{"rendered":"<p>As\u00ed lo expres\u00f3 el candidato a Intendente Maximiliano Wesner en el encuentro con un centenar de j\u00f3venes que permiti\u00f3 que cuente sus propuestas para las juventudes.<!--more--><\/p>\n<hr \/>\n<p>Este mi\u00e9rcoles, el candidato a <strong>Intendente Maximiliano Wesner<\/strong> visit\u00f3 el skatepark para tener una <strong>charla con los j\u00f3venes<\/strong> quienes, de forma espont\u00e1nea, tomaron la palabra y comentaron sus inquietudes y demandas hacia el Municipio.<\/p>\n<p>&nbsp;<\/p>\n<p>En respuesta, el candidato adelant\u00f3 que, en caso de ser elegido Intendente, avanzar\u00e1 con &#8220;<em><strong>pol\u00edticas p\u00fablicas que pensaremos en conjunto, que los abracen y traigan soluciones concretas en distintos \u00e1mbitos&#8221;.<\/strong><\/em><\/p>\n<p>&nbsp;<\/p>\n<p>Wesner destac\u00f3 la creaci\u00f3n, en coordinaci\u00f3n con el gobierno provincial, del Centro Juvenil &#8220;La Cantera&#8221; y anticip\u00f3 que de ser gesti\u00f3n concretar\u00e1n una &#8220;mesa&#8221; en la que todos se puedan &#8220;sentar a proyectar iniciativas para las y los j\u00f3venes&#8221;.<\/p>\n<p>&nbsp;<\/p>\n<p><img data-recalc-dims=\"1\" loading=\"lazy\" decoding=\"async\" class=\"aligncenter wp-image-99562 size-large\" src=\"https:\/\/i0.wp.com\/cdnoticias.com\/wp-content\/uploads\/2023\/10\/wesner-encuentro-de-jovenes-1.jpeg?resize=800%2C532&#038;ssl=1\" alt=\"\" width=\"800\" height=\"532\" srcset=\"https:\/\/i0.wp.com\/cdnoticias.com\/wp-content\/uploads\/2023\/10\/wesner-encuentro-de-jovenes-1.jpeg?resize=1024%2C681&amp;ssl=1 1024w, https:\/\/i0.wp.com\/cdnoticias.com\/wp-content\/uploads\/2023\/10\/wesner-encuentro-de-jovenes-1.jpeg?resize=300%2C200&amp;ssl=1 300w, https:\/\/i0.wp.com\/cdnoticias.com\/wp-content\/uploads\/2023\/10\/wesner-encuentro-de-jovenes-1.jpeg?resize=768%2C511&amp;ssl=1 768w, https:\/\/i0.wp.com\/cdnoticias.com\/wp-content\/uploads\/2023\/10\/wesner-encuentro-de-jovenes-1.jpeg?resize=272%2C182&amp;ssl=1 272w, https:\/\/i0.wp.com\/cdnoticias.com\/wp-content\/uploads\/2023\/10\/wesner-encuentro-de-jovenes-1.jpeg?w=1400&amp;ssl=1 1400w\" sizes=\"auto, (max-width: 800px) 100vw, 800px\" \/><\/p>\n<p>&nbsp;<\/p>\n<p>Los j\u00f3venes presentes en la reuni\u00f3n<strong> plantearon sus problem\u00e1ticas y demandas vinculadas a distintas tem\u00e1ticas como ambiente, salud, deporte, recreaci\u00f3n y nocturnidad,<\/strong> entre otras.\u00a0 Adem\u00e1s, solicitaron <strong>acompa\u00f1amiento municipal<\/strong> y la posibilidad de ser escuchados.<\/p>\n<p>&nbsp;<\/p>\n<p>Por \u00faltimo, el candidato a Intendente se comprometi\u00f3 a seguir trabajando en forma coordinada y acompa\u00f1ar sus demandas con pol\u00edticas p\u00fablicas: \u201c<em>Vamos a desarrollar pol\u00edticas juveniles en conjunto, contemplando todas las cuestiones que los atraviesan. Los adultos no podemos pensar solos las herramientas que tienen que estar a disposici\u00f3n de los j\u00f3venes, tienen que trabajarse de manera mancomunada&#8221;,<\/em> cerr\u00f3 Wesner.<\/p>\n","protected":false},"excerpt":{"rendered":"<p>As\u00ed lo expres\u00f3 el candidato a Intendente Maximiliano Wesner en el encuentro con un centenar de j\u00f3venes que permiti\u00f3 que<\/p>\n","protected":false},"author":1,"featured_media":99563,"comment_status":"closed","ping_status":"closed","sticky":false,"template":"","format":"standard","meta":{"_jetpack_memberships_contains_paid_content":false,"footnotes":""},"categories":[4,1],"tags":[],"class_list":["post-99561","post","type-post","status-publish","format-standard","has-post-thumbnail","hentry","category-politica","category-portada"],"jetpack_featured_media_url":"https:\/\/i0.wp.com\/cdnoticias.com\/wp-content\/uploads\/2023\/10\/wesner-encuentro-de-jovenes-2.jpeg?fit=1400%2C931&ssl=1","jetpack_sharing_enabled":true,"_links":{"self":[{"href":"https:\/\/cdnoticias.com\/index.php\/wp-json\/wp\/v2\/posts\/99561","targetHints":{"allow":["GET"]}}],"collection":[{"href":"https:\/\/cdnoticias.com\/index.php\/wp-json\/wp\/v2\/posts"}],"about":[{"href":"https:\/\/cdnoticias.com\/index.php\/wp-json\/wp\/v2\/types\/post"}],"author":[{"embeddable":true,"href":"https:\/\/cdnoticias.com\/index.php\/wp-json\/wp\/v2\/users\/1"}],"replies":[{"embeddable":true,"href":"https:\/\/cdnoticias.com\/index.php\/wp-json\/wp\/v2\/comments?post=99561"}],"version-history":[{"count":0,"href":"https:\/\/cdnoticias.com\/index.php\/wp-json\/wp\/v2\/posts\/99561\/revisions"}],"wp:featuredmedia":[{"embeddable":true,"href":"https:\/\/cdnoticias.com\/index.php\/wp-json\/wp\/v2\/media\/99563"}],"wp:attachment":[{"href":"https:\/\/cdnoticias.com\/index.php\/wp-json\/wp\/v2\/media?parent=99561"}],"wp:term":[{"taxonomy":"category","embeddable":true,"href":"https:\/\/cdnoticias.com\/index.php\/wp-json\/wp\/v2\/categories?post=99561"},{"taxonomy":"post_tag","embeddable":true,"href":"https:\/\/cdnoticias.com\/index.php\/wp-json\/wp\/v2\/tags?post=99561"}],"curies":[{"name":"wp","href":"https:\/\/api.w.org\/{rel}","templated":true}]}}