{"id":99558,"date":"2023-10-19T18:38:27","date_gmt":"2023-10-19T21:38:27","guid":{"rendered":"https:\/\/www.centraldenoticias.com.ar\/?p=99558"},"modified":"2023-10-20T12:40:54","modified_gmt":"2023-10-20T15:40:54","slug":"cortes-de-luz-programados-para-olavarria-y-sierra-chica","status":"publish","type":"post","link":"https:\/\/cdnoticias.com\/index.php\/2023\/10\/19\/cortes-de-luz-programados-para-olavarria-y-sierra-chica\/","title":{"rendered":"Cortes de luz programados para Olavarr\u00eda y Sierra Chica"},"content":{"rendered":"<p>Ser\u00e1n durante la ma\u00f1ana del viernes por mantenimiento de la red el\u00e9ctrica.<!--more--><\/p>\n<hr \/>\n<p>Desde Coopelectric se inform\u00f3 que durante la ma\u00f1ana del viernes 20 de octubre se producir\u00e1n <strong>dos cortes de luz.<\/strong><\/p>\n<p>&nbsp;<\/p>\n<p>En el horario de<strong> 8:00 a 10:00<\/strong> se interrumpir\u00e1 el servicio en el sector comprendido por <strong>Jun\u00edn, Bol\u00edvar, avenida Ituzaing\u00f3 y Pelegrino.<\/strong><\/p>\n<p>&nbsp;<\/p>\n<p>Por otra parte, de <strong>8:00 a 12:00<\/strong> se producir\u00e1 un corte de luz que afectar\u00e1 a la localidad de <strong>Sierra Chica.<\/strong><\/p>\n<p>&nbsp;<\/p>\n<p>Seg\u00fan se indic\u00f3, el motivo de las interrupciones es por mantenimiento y las tareas<strong> podr\u00e1n reprogramarse si las condiciones clim\u00e1ticas son adversas.<\/strong><\/p>\n","protected":false},"excerpt":{"rendered":"<p>Ser\u00e1n durante la ma\u00f1ana del viernes por mantenimiento de la red el\u00e9ctrica.<\/p>\n","protected":false},"author":1,"featured_media":90031,"comment_status":"closed","ping_status":"closed","sticky":false,"template":"","format":"standard","meta":{"_jetpack_memberships_contains_paid_content":false,"footnotes":""},"categories":[5,1],"tags":[],"class_list":["post-99558","post","type-post","status-publish","format-standard","has-post-thumbnail","hentry","category-informacion-general","category-portada"],"jetpack_featured_media_url":"https:\/\/i0.wp.com\/cdnoticias.com\/wp-content\/uploads\/2023\/07\/coopelectric-electricidad-00.jpg?fit=800%2C446&ssl=1","jetpack_sharing_enabled":true,"_links":{"self":[{"href":"https:\/\/cdnoticias.com\/index.php\/wp-json\/wp\/v2\/posts\/99558","targetHints":{"allow":["GET"]}}],"collection":[{"href":"https:\/\/cdnoticias.com\/index.php\/wp-json\/wp\/v2\/posts"}],"about":[{"href":"https:\/\/cdnoticias.com\/index.php\/wp-json\/wp\/v2\/types\/post"}],"author":[{"embeddable":true,"href":"https:\/\/cdnoticias.com\/index.php\/wp-json\/wp\/v2\/users\/1"}],"replies":[{"embeddable":true,"href":"https:\/\/cdnoticias.com\/index.php\/wp-json\/wp\/v2\/comments?post=99558"}],"version-history":[{"count":0,"href":"https:\/\/cdnoticias.com\/index.php\/wp-json\/wp\/v2\/posts\/99558\/revisions"}],"wp:featuredmedia":[{"embeddable":true,"href":"https:\/\/cdnoticias.com\/index.php\/wp-json\/wp\/v2\/media\/90031"}],"wp:attachment":[{"href":"https:\/\/cdnoticias.com\/index.php\/wp-json\/wp\/v2\/media?parent=99558"}],"wp:term":[{"taxonomy":"category","embeddable":true,"href":"https:\/\/cdnoticias.com\/index.php\/wp-json\/wp\/v2\/categories?post=99558"},{"taxonomy":"post_tag","embeddable":true,"href":"https:\/\/cdnoticias.com\/index.php\/wp-json\/wp\/v2\/tags?post=99558"}],"curies":[{"name":"wp","href":"https:\/\/api.w.org\/{rel}","templated":true}]}}