{"id":9954,"date":"2020-12-26T10:31:38","date_gmt":"2020-12-26T13:31:38","guid":{"rendered":"http:\/\/www.centraldenoticias.com.ar\/?p=9954"},"modified":"2020-12-26T10:31:38","modified_gmt":"2020-12-26T13:31:38","slug":"problemas-de-stock-y-caida-del-101-en-las-ventas-de-navidad","status":"publish","type":"post","link":"https:\/\/cdnoticias.com\/index.php\/2020\/12\/26\/problemas-de-stock-y-caida-del-101-en-las-ventas-de-navidad\/","title":{"rendered":"Problemas de stock y ca\u00edda del 10,1% en las ventas de Navidad"},"content":{"rendered":"<p>As\u00ed lo inform\u00f3 la CAME. Casi todos los rubros medidos sufrieron bajas. Adem\u00e1s de la crisis, las \u201cpocas reuniones familiares\u201d generaron la ca\u00edda.<!--more--><\/p>\n<hr \/>\n<p><strong>Las ventas minoristas cayeron 10,1% en esta Navidad respecto del a\u00f1o pasado<\/strong>, seg\u00fan inform\u00f3 la Confederaci\u00f3n Argentina de la Mediana Empresa (CAME) con retrocesos en casi todos los rubros, al tiempo que se evidenciaron algunos problemas de stock.<\/p>\n<p>&nbsp;<\/p>\n<blockquote><p>A trav\u00e9s de un informe denominado \u201cDura Navidad para la mayor\u00eda de los comercios del pa\u00eds\u201d, el reporte de CAME detall\u00f3 que \u201ctodos los rubros salieron menos\u201d.<\/p><\/blockquote>\n<p>&nbsp;<\/p>\n<p>Y adem\u00e1s advirtieron que <em>\u201cart\u00edculos como indumentaria, calzados, bijouterie, joyer\u00eda, ropa deportiva, textil blanco o jugueter\u00edas, se vieron muy perjudicados por el comercio ilegal en la mayor\u00eda de las ciudades medianas y grandes del pa\u00eds\u201d.<\/em><\/p>\n<p>&nbsp;<\/p>\n<p>En la medici\u00f3n este a\u00f1o fue realizada entre el 19 y 24 de diciembre en 1.500 comercios peque\u00f1os y medianos del pa\u00eds, antes que lo habitual, porque las ventas se iniciaron ya el 18 de diciembre.<\/p>\n<p>&nbsp;<\/p>\n<p>Esto se debi\u00f3 a <em>\u201clas precauciones que tomaron muchas familias de no ir en los momentos de mayor circulaci\u00f3n de gente en las calles. De hecho, el jueves 24 se pudo ver hasta \u00faltima hora gran cantidad de p\u00fablico buscando regalos\u201d.<\/em> En cambio, en 2019 <em>\u201clas ventas comenzaron muy demoradas. Pero como este a\u00f1o, tambi\u00e9n se estiraron hasta la tarde del 24, cuando los negocios cerraron\u201d.<\/em><\/p>\n<p>&nbsp;<\/p>\n<blockquote><p>\u201cLa ca\u00edda en las ventas, adem\u00e1s de responder a la explosi\u00f3n del comercio informal, ocurre por las reuniones menos numerosas y la falta de ingresos en los hogares. Seg\u00fan los \u00faltimos datos del Indec, el ingreso per c\u00e1pita familiar esta 13% abajo del a\u00f1o pasado, a precios constantes\u201d, indic\u00f3 el informe.<\/p><\/blockquote>\n<p>&nbsp;<\/p>\n<p>El 63% de los negocios relevados tuvieron descenso de ventas, pero, <strong><em>\u201cal mismo tiempo, el 51% tuvo faltantes y se\u00f1alaron que, si hubieran tenido m\u00e1s mercader\u00eda, podr\u00edan haber vendido m\u00e1s\u201d.<\/em><\/strong> Adem\u00e1s,<em> \u201cel 53% de los comercios vendieron menos de lo esperado\u201d.<\/em><\/p>\n<p>&nbsp;<\/p>\n<p><em>\u201cTampoco hubo tantas promociones como otros a\u00f1os y eso desalent\u00f3. Para completar el panorama, las restricciones en cuanto a la capacidad m\u00e1xima de gente por local, gener\u00f3 largas colas en algunos locales, que, con el calor, hac\u00eda desistir de la compra\u201d,<\/em> subray\u00f3.<\/p>\n","protected":false},"excerpt":{"rendered":"<p>As\u00ed lo inform\u00f3 la CAME. Casi todos los rubros medidos sufrieron bajas. Adem\u00e1s de la crisis, las \u201cpocas reuniones familiares\u201d<\/p>\n","protected":false},"author":2,"featured_media":6654,"comment_status":"closed","ping_status":"closed","sticky":false,"template":"","format":"standard","meta":{"_jetpack_memberships_contains_paid_content":false,"footnotes":""},"categories":[6,1],"tags":[],"class_list":["post-9954","post","type-post","status-publish","format-standard","has-post-thumbnail","hentry","category-nacionales","category-portada"],"jetpack_featured_media_url":"https:\/\/i0.wp.com\/cdnoticias.com\/wp-content\/uploads\/2020\/11\/comercios.jpg?fit=4608%2C3072&ssl=1","jetpack_sharing_enabled":true,"_links":{"self":[{"href":"https:\/\/cdnoticias.com\/index.php\/wp-json\/wp\/v2\/posts\/9954","targetHints":{"allow":["GET"]}}],"collection":[{"href":"https:\/\/cdnoticias.com\/index.php\/wp-json\/wp\/v2\/posts"}],"about":[{"href":"https:\/\/cdnoticias.com\/index.php\/wp-json\/wp\/v2\/types\/post"}],"author":[{"embeddable":true,"href":"https:\/\/cdnoticias.com\/index.php\/wp-json\/wp\/v2\/users\/2"}],"replies":[{"embeddable":true,"href":"https:\/\/cdnoticias.com\/index.php\/wp-json\/wp\/v2\/comments?post=9954"}],"version-history":[{"count":0,"href":"https:\/\/cdnoticias.com\/index.php\/wp-json\/wp\/v2\/posts\/9954\/revisions"}],"wp:featuredmedia":[{"embeddable":true,"href":"https:\/\/cdnoticias.com\/index.php\/wp-json\/wp\/v2\/media\/6654"}],"wp:attachment":[{"href":"https:\/\/cdnoticias.com\/index.php\/wp-json\/wp\/v2\/media?parent=9954"}],"wp:term":[{"taxonomy":"category","embeddable":true,"href":"https:\/\/cdnoticias.com\/index.php\/wp-json\/wp\/v2\/categories?post=9954"},{"taxonomy":"post_tag","embeddable":true,"href":"https:\/\/cdnoticias.com\/index.php\/wp-json\/wp\/v2\/tags?post=9954"}],"curies":[{"name":"wp","href":"https:\/\/api.w.org\/{rel}","templated":true}]}}