{"id":99502,"date":"2023-10-19T10:54:01","date_gmt":"2023-10-19T13:54:01","guid":{"rendered":"https:\/\/www.centraldenoticias.com.ar\/?p=99502"},"modified":"2023-10-19T12:51:19","modified_gmt":"2023-10-19T15:51:19","slug":"la-juventud-de-union-por-la-patria-la-militancia-por-un-lugar-de-discusion","status":"publish","type":"post","link":"https:\/\/cdnoticias.com\/index.php\/2023\/10\/19\/la-juventud-de-union-por-la-patria-la-militancia-por-un-lugar-de-discusion\/","title":{"rendered":"La juventud de Uni\u00f3n por la Patria: la militancia por un lugar de discusi\u00f3n"},"content":{"rendered":"<p>Organizan actividades. Entregan folletos. Fiscalizan. Al ritmo de \u201cTot\u00e1 Tot\u00e1\u201d y con los dedos en V. Los j\u00f3venes que acompa\u00f1an al candidato de UxP esperan la victoria el domingo.<\/p>\n<p><!--more--><\/p>\n<hr \/>\n<p><em><strong>Agust\u00edn Dal Poggetto<\/strong> \/\/ Especial para Central de Noticias<\/em><\/p>\n<p>&nbsp;<\/p>\n<p>En conversaci\u00f3n con <strong>Central de Noticias<\/strong>,<strong> Kevin y Javier, relataron c\u00f3mo es militar la boleta ganadora de las PASO<\/strong>. Ya sea por <strong>experiencia<\/strong> o por <strong>convicci\u00f3n<\/strong> ambos son hoy <strong>referentes<\/strong> para los dem\u00e1s j\u00f3venes del sector.<\/p>\n<p>&nbsp;<\/p>\n<p><strong>Se conocieron cuando estudiaban en la Facultad de Ciencias Sociales<\/strong>. All\u00ed estaban al tanto de la militancia estudiantil pero no participaban en ninguna agrupaci\u00f3n.<\/p>\n<p>&nbsp;<\/p>\n<p><strong>\u201cMilito desde 2016 en el partido. Pas\u00e9 por Frente para la Victoria, Unidad Ciudadana, Frente de Todos, y ahora Uni\u00f3n por la Patria\u201d<\/strong> coment\u00f3 <strong>Javier<\/strong>, quien con 23 a\u00f1os es uno de los que lidera la juventud.<\/p>\n<p>&nbsp;<\/p>\n<p><img data-recalc-dims=\"1\" loading=\"lazy\" decoding=\"async\" class=\"size-full wp-image-99432 aligncenter\" src=\"https:\/\/i0.wp.com\/cdnoticias.com\/wp-content\/uploads\/2023\/10\/nota-wesner-juventud-03.jpg?resize=800%2C445&#038;ssl=1\" alt=\"\" width=\"800\" height=\"445\" srcset=\"https:\/\/i0.wp.com\/cdnoticias.com\/wp-content\/uploads\/2023\/10\/nota-wesner-juventud-03.jpg?w=800&amp;ssl=1 800w, https:\/\/i0.wp.com\/cdnoticias.com\/wp-content\/uploads\/2023\/10\/nota-wesner-juventud-03.jpg?resize=300%2C167&amp;ssl=1 300w, https:\/\/i0.wp.com\/cdnoticias.com\/wp-content\/uploads\/2023\/10\/nota-wesner-juventud-03.jpg?resize=768%2C427&amp;ssl=1 768w\" sizes=\"auto, (max-width: 800px) 100vw, 800px\" \/><\/p>\n<p>&nbsp;<\/p>\n<p><strong>\u201cMi abuelo era muy peronista, mi familia tambi\u00e9n\u201d<\/strong> dijo <strong>Kevin<\/strong>, de 24 a\u00f1os. <strong>\u201cSoy el primero que milita abiertamente.<\/strong> Lo hago porque me siento identificado con el partido. Nuestros ideales est\u00e1n representados en este proyecto pol\u00edtico\u201d destac\u00f3.<\/p>\n<p>&nbsp;<\/p>\n<p>Se involucraron en pol\u00edtica desde la adolescencia. <strong>\u201cEstuve en el Centro de Estudiantes en la secundaria.<\/strong> En 2016 tuve la oportunidad de ser consejero estudiantil. Ten\u00eda un amigo que militaba y me invit\u00f3 a participar porque obviamente va todo de la mano. Me empez\u00f3 a interesar, me sum\u00e9 y me qued\u00e9\u201d record\u00f3 Javier.<\/p>\n<p>&nbsp;<\/p>\n<p>Kevin, por su parte, particip\u00f3 de <strong>un foro de j\u00f3venes organizado durante la campa\u00f1a de Federico Aguilera \u201cy me qued\u00e9\u201d<\/strong>. Hoy es parte de la organizaci\u00f3n de esos foros impulsados desde la Direcci\u00f3n de Juventudes de Provincia. Ambos reconocieron que los liderazgos \u201cson espacios circunstanciales que ocupamos, todo es a base de esfuerzo y militancia org\u00e1nica\u201d.<\/p>\n<p>&nbsp;<\/p>\n<p><img data-recalc-dims=\"1\" loading=\"lazy\" decoding=\"async\" class=\"size-full wp-image-99430 aligncenter\" src=\"https:\/\/i0.wp.com\/cdnoticias.com\/wp-content\/uploads\/2023\/10\/nota-wesner-juventud-01.jpg?resize=800%2C445&#038;ssl=1\" alt=\"\" width=\"800\" height=\"445\" srcset=\"https:\/\/i0.wp.com\/cdnoticias.com\/wp-content\/uploads\/2023\/10\/nota-wesner-juventud-01.jpg?w=800&amp;ssl=1 800w, https:\/\/i0.wp.com\/cdnoticias.com\/wp-content\/uploads\/2023\/10\/nota-wesner-juventud-01.jpg?resize=300%2C167&amp;ssl=1 300w, https:\/\/i0.wp.com\/cdnoticias.com\/wp-content\/uploads\/2023\/10\/nota-wesner-juventud-01.jpg?resize=768%2C427&amp;ssl=1 768w\" sizes=\"auto, (max-width: 800px) 100vw, 800px\" \/><\/p>\n<p>&nbsp;<\/p>\n<blockquote><p>Con respecto a las reuniones mencionaron que \u201cse nos complica juntarnos ahora en la campa\u00f1a, pero en general una vez por mes o cada 15 d\u00edas hacemos una reuni\u00f3n de j\u00f3venes. Siempre ponemos el foco en que somos j\u00f3venes, as\u00ed que tambi\u00e9n tratamos de que la juntada sea distendida. A veces nos juntamos a comer, en alguna casa o en el Ateneo N\u00e9stor Kirchner, si nos dejan y si se da la posibilidad\u201d.<\/p><\/blockquote>\n<p>&nbsp;<\/p>\n<p>La entrevista se desarroll\u00f3 en el Prado Espa\u00f1ol. All\u00ed los j\u00f3venes que acompa\u00f1an a Wesner comentaron que<em> \u201chacemos actividades solidarias con ni\u00f1os, con adolescentes. Hacemos pintadas en escuelas. Hace poco fuimos a Sierras Bayas a realizar un festejo con ni\u00f1eces\u201d<\/em> y se\u00f1alaron que <strong>\u201csiempre tratamos de sumarnos a las actividades institucionales\u201d<\/strong>. Las \u00faltimas semanas estuvieron en volanteadas, entrega de boletas y encuentros con vecinos.<\/p>\n<p>&nbsp;<\/p>\n<p>Agregaron que \u201cel Ateneo abre todos los d\u00edas. Se hacen charlas, actividades culturales. Ahora que se vienen los d\u00edas m\u00e1s lindos <strong>se va a realizar el \u201cpatio cultural\u201d, un espacio que se le da a artistas locales y feriantes. En Olavarr\u00eda falta mucho eso, entonces nosotros los j\u00f3venes tomamos la iniciativa con ese tipo de propuesta\u201d<\/strong>. Javier coment\u00f3 que el \u00faltimo espect\u00e1culo al que asisti\u00f3 fue un evento cultural en el Ateneo. Kevin, cont\u00f3 que Bad Bunny en V\u00e9lez fue su \u00faltimo recital.<\/p>\n<p>&nbsp;<\/p>\n<h2>Un frente amplio<\/h2>\n<p>&nbsp;<\/p>\n<p>Aseguraron que<strong> tienen v\u00ednculo constante con agrupaciones estudiantiles<\/strong>:<em> \u201cTenemos contacto con centros de estudiantes, tenemos compa\u00f1eros que estudian en terciarios, tenemos compa\u00f1eras que estudian en la Facultad\u201d<\/em>. Entre las escuelas mencionadas estaba la ENAPE, el Colegio Santa Teresa de Hinojo, y la Escuela Media 2 de Sierras Bayas. Adem\u00e1s de las agrupaciones en Sociales y en Salud: esta \u00faltima preside actualmente la Federaci\u00f3n Universitaria.<\/p>\n<p>&nbsp;<\/p>\n<p><img data-recalc-dims=\"1\" loading=\"lazy\" decoding=\"async\" class=\"size-full wp-image-99431 aligncenter\" src=\"https:\/\/i0.wp.com\/cdnoticias.com\/wp-content\/uploads\/2023\/10\/nota-wesner-juventud-02.jpg?resize=800%2C445&#038;ssl=1\" alt=\"\" width=\"800\" height=\"445\" srcset=\"https:\/\/i0.wp.com\/cdnoticias.com\/wp-content\/uploads\/2023\/10\/nota-wesner-juventud-02.jpg?w=800&amp;ssl=1 800w, https:\/\/i0.wp.com\/cdnoticias.com\/wp-content\/uploads\/2023\/10\/nota-wesner-juventud-02.jpg?resize=300%2C167&amp;ssl=1 300w, https:\/\/i0.wp.com\/cdnoticias.com\/wp-content\/uploads\/2023\/10\/nota-wesner-juventud-02.jpg?resize=768%2C427&amp;ssl=1 768w\" sizes=\"auto, (max-width: 800px) 100vw, 800px\" \/><\/p>\n<p>&nbsp;<\/p>\n<p>Adem\u00e1s, se\u00f1alaron que tienen <strong>relaci\u00f3n con movimientos juveniles barriales y organizaciones ambientales<\/strong>. <em>\u201cEs una militancia gremial. Se han sumado muchos pibes y pibas a militar la campa\u00f1a de Maximiliano. Dentro de nuestro espacio encuentran un \u00e1mbito de discusi\u00f3n pol\u00edtica\u201d<\/em> afirmaron.<\/p>\n<p>&nbsp;<\/p>\n<p>Cuando el tema de la charla gir\u00f3 a si hay<strong> relaci\u00f3n con los militantes de los dem\u00e1s sectores de Uni\u00f3n por la Patria<\/strong>, aseguraron que \u201cla campa\u00f1a y el resultado de las PASO hizo un clic, gener\u00f3 uni\u00f3n. Lo vemos cada vez que salimos a los barrios. Son compa\u00f1eros. Vamos para el mismo lado. Salimos juntos a militar la boleta de Maxi\u201d.<\/p>\n<p>&nbsp;<\/p>\n<p><img data-recalc-dims=\"1\" loading=\"lazy\" decoding=\"async\" class=\"size-full wp-image-99433 aligncenter\" src=\"https:\/\/i0.wp.com\/cdnoticias.com\/wp-content\/uploads\/2023\/10\/nota-wesner-juventud-04.jpg?resize=800%2C445&#038;ssl=1\" alt=\"\" width=\"800\" height=\"445\" srcset=\"https:\/\/i0.wp.com\/cdnoticias.com\/wp-content\/uploads\/2023\/10\/nota-wesner-juventud-04.jpg?w=800&amp;ssl=1 800w, https:\/\/i0.wp.com\/cdnoticias.com\/wp-content\/uploads\/2023\/10\/nota-wesner-juventud-04.jpg?resize=300%2C167&amp;ssl=1 300w, https:\/\/i0.wp.com\/cdnoticias.com\/wp-content\/uploads\/2023\/10\/nota-wesner-juventud-04.jpg?resize=768%2C427&amp;ssl=1 768w\" sizes=\"auto, (max-width: 800px) 100vw, 800px\" \/><\/p>\n<p>&nbsp;<\/p>\n<p>Resaltaron que <strong>ven en la ciudad gran presencia juvenil en la pol\u00edtica: \u201ca veces pasa que los j\u00f3venes no est\u00e1n en los lugares de toma de decisi\u00f3n, pero creo que hay una gran participaci\u00f3n\u201d<\/strong>.<\/p>\n<p>&nbsp;<\/p>\n<blockquote><p>\u201cEs lo que se observa en los partidos m\u00e1s grandes o tradicionales. Tambi\u00e9n es una cr\u00edtica hacia adentro de la pol\u00edtica. A los j\u00f3venes no se les da ese espacio de poder de decisi\u00f3n\u201d.<\/p><\/blockquote>\n<p>&nbsp;<\/p>\n<p>Por \u00faltimo, dejaron en claro los motivos de su militancia:<strong> \u201cyo lo hago por coraz\u00f3n, y por entender que nuestro lugar en la pol\u00edtica lo hacemos entre todos\u201d<\/strong>.<\/p>\n<p>&nbsp;<\/p>\n","protected":false},"excerpt":{"rendered":"<p>Organizan actividades. Entregan folletos. Fiscalizan. Al ritmo de \u201cTot\u00e1 Tot\u00e1\u201d y con los dedos en V. Los j\u00f3venes que acompa\u00f1an<\/p>\n","protected":false},"author":4,"featured_media":99429,"comment_status":"closed","ping_status":"closed","sticky":false,"template":"","format":"standard","meta":{"_jetpack_memberships_contains_paid_content":false,"footnotes":""},"categories":[4,1],"tags":[],"class_list":["post-99502","post","type-post","status-publish","format-standard","has-post-thumbnail","hentry","category-politica","category-portada"],"jetpack_featured_media_url":"https:\/\/i0.wp.com\/cdnoticias.com\/wp-content\/uploads\/2023\/10\/nota-wesner-juventud-00.jpg?fit=800%2C445&ssl=1","jetpack_sharing_enabled":true,"_links":{"self":[{"href":"https:\/\/cdnoticias.com\/index.php\/wp-json\/wp\/v2\/posts\/99502","targetHints":{"allow":["GET"]}}],"collection":[{"href":"https:\/\/cdnoticias.com\/index.php\/wp-json\/wp\/v2\/posts"}],"about":[{"href":"https:\/\/cdnoticias.com\/index.php\/wp-json\/wp\/v2\/types\/post"}],"author":[{"embeddable":true,"href":"https:\/\/cdnoticias.com\/index.php\/wp-json\/wp\/v2\/users\/4"}],"replies":[{"embeddable":true,"href":"https:\/\/cdnoticias.com\/index.php\/wp-json\/wp\/v2\/comments?post=99502"}],"version-history":[{"count":0,"href":"https:\/\/cdnoticias.com\/index.php\/wp-json\/wp\/v2\/posts\/99502\/revisions"}],"wp:featuredmedia":[{"embeddable":true,"href":"https:\/\/cdnoticias.com\/index.php\/wp-json\/wp\/v2\/media\/99429"}],"wp:attachment":[{"href":"https:\/\/cdnoticias.com\/index.php\/wp-json\/wp\/v2\/media?parent=99502"}],"wp:term":[{"taxonomy":"category","embeddable":true,"href":"https:\/\/cdnoticias.com\/index.php\/wp-json\/wp\/v2\/categories?post=99502"},{"taxonomy":"post_tag","embeddable":true,"href":"https:\/\/cdnoticias.com\/index.php\/wp-json\/wp\/v2\/tags?post=99502"}],"curies":[{"name":"wp","href":"https:\/\/api.w.org\/{rel}","templated":true}]}}