{"id":99437,"date":"2023-10-18T16:37:48","date_gmt":"2023-10-18T19:37:48","guid":{"rendered":"https:\/\/www.centraldenoticias.com.ar\/?p=99437"},"modified":"2023-10-18T18:55:12","modified_gmt":"2023-10-18T21:55:12","slug":"todo-listo-para-que-ave-rapaz-llegue-al-teatro-con-su-homenaje-a-heroes-del-silencio","status":"publish","type":"post","link":"https:\/\/cdnoticias.com\/index.php\/2023\/10\/18\/todo-listo-para-que-ave-rapaz-llegue-al-teatro-con-su-homenaje-a-heroes-del-silencio\/","title":{"rendered":"Todo listo para que Ave Rapaz llegue al Teatro con su homenaje a H\u00e9roes del Silencio"},"content":{"rendered":"<p>Ser\u00e1 este jueves desde las 21:00 horas, en un reflejo m\u00e1s fiel a una de las bandas m\u00e1s emblem\u00e1ticas e influyentes de la historia del rock en espa\u00f1ol. <!--more--><\/p>\n<hr \/>\n<p>A pocas horas del jueves a las 21:00 horas,<strong> Ave Rapaz vuelve al Teatro Municipal para homenajear a una de las bandas m\u00e1s emblem\u00e1ticas e influyentes de la historia del rock en espa\u00f1ol, H\u00e9roes del Silencio.<\/strong><\/p>\n<p>&nbsp;<\/p>\n<p>En el marco de una exitosa gira que comenz\u00f3 a principios de 2022,<strong> la banda formada por Mart\u00edn Hache en la voz, Marcos Gainza en guitarra, Tati Freites en bajo y Agust\u00edn Ramos en bater\u00eda, se encuentra llevando sus shows por toda la Provincia de Buenos Aires y CABA.<\/strong><\/p>\n<p>&nbsp;<\/p>\n<p>All\u00ed, <strong>la apuesta m\u00e1s fuerte es reflejar de la manera m\u00e1s fiel el sonido, la m\u00fasica y la leyenda de H\u00e9roes del Silencio. Haciendo un repaso obligado por el cancionero de sus 4 exitosos discos de estudio<\/strong>: \u201cEl mar no cesa\u201d, \u201cSenderos de traici\u00f3n\u201d, \u201cEl esp\u00edritu del vino\u201d y \u201cAvalancha\u201d, Ave Rapaz presenta el \u201cH\u00e9roes Tour 2023\/2024\u201d. Gira que los llevar\u00e1 a recorrer todo el pa\u00eds y algunas ciudades de Latinoam\u00e9rica.<\/p>\n<p>&nbsp;<\/p>\n<blockquote><p>Las entradas contin\u00faan a la venta online en www.articket.com.ar con cr\u00e9dito y d\u00e9bito y la boleter\u00eda del Teatro con cr\u00e9dito y d\u00e9bito (lunes a viernes de 8 a 16 horas y dos horas antes del evento), adem\u00e1s de Tecnocentro (Rivadavia 3065) en efectivo.<\/p><\/blockquote>\n<p>&nbsp;<\/p>\n<h2>Redes sociales<\/h2>\n<p>&nbsp;<\/p>\n<p>Pod\u00e9s encontrar contenido e informaci\u00f3n de todos los shows de Ave Rapaz en Instagram @ave_rapaz_hds, Facebook ave_rapaz_hds y Youtube: ave_rapaz_hds<\/p>\n","protected":false},"excerpt":{"rendered":"<p>Ser\u00e1 este jueves desde las 21:00 horas, en un reflejo m\u00e1s fiel a una de las bandas m\u00e1s emblem\u00e1ticas e<\/p>\n","protected":false},"author":2,"featured_media":99438,"comment_status":"closed","ping_status":"closed","sticky":false,"template":"","format":"standard","meta":{"_jetpack_memberships_contains_paid_content":false,"footnotes":""},"categories":[9,1],"tags":[],"class_list":["post-99437","post","type-post","status-publish","format-standard","has-post-thumbnail","hentry","category-cultura","category-portada"],"jetpack_featured_media_url":"https:\/\/i0.wp.com\/cdnoticias.com\/wp-content\/uploads\/2023\/10\/FB_IMG_1697557149204-e1697657863953.jpg?fit=1080%2C567&ssl=1","jetpack_sharing_enabled":true,"_links":{"self":[{"href":"https:\/\/cdnoticias.com\/index.php\/wp-json\/wp\/v2\/posts\/99437","targetHints":{"allow":["GET"]}}],"collection":[{"href":"https:\/\/cdnoticias.com\/index.php\/wp-json\/wp\/v2\/posts"}],"about":[{"href":"https:\/\/cdnoticias.com\/index.php\/wp-json\/wp\/v2\/types\/post"}],"author":[{"embeddable":true,"href":"https:\/\/cdnoticias.com\/index.php\/wp-json\/wp\/v2\/users\/2"}],"replies":[{"embeddable":true,"href":"https:\/\/cdnoticias.com\/index.php\/wp-json\/wp\/v2\/comments?post=99437"}],"version-history":[{"count":0,"href":"https:\/\/cdnoticias.com\/index.php\/wp-json\/wp\/v2\/posts\/99437\/revisions"}],"wp:featuredmedia":[{"embeddable":true,"href":"https:\/\/cdnoticias.com\/index.php\/wp-json\/wp\/v2\/media\/99438"}],"wp:attachment":[{"href":"https:\/\/cdnoticias.com\/index.php\/wp-json\/wp\/v2\/media?parent=99437"}],"wp:term":[{"taxonomy":"category","embeddable":true,"href":"https:\/\/cdnoticias.com\/index.php\/wp-json\/wp\/v2\/categories?post=99437"},{"taxonomy":"post_tag","embeddable":true,"href":"https:\/\/cdnoticias.com\/index.php\/wp-json\/wp\/v2\/tags?post=99437"}],"curies":[{"name":"wp","href":"https:\/\/api.w.org\/{rel}","templated":true}]}}