{"id":99434,"date":"2023-10-18T17:19:51","date_gmt":"2023-10-18T20:19:51","guid":{"rendered":"https:\/\/www.centraldenoticias.com.ar\/?p=99434"},"modified":"2023-10-18T17:19:51","modified_gmt":"2023-10-18T20:19:51","slug":"evolucion-radical-el-nacimiento-de-una-nueva-argentina-es-posible","status":"publish","type":"post","link":"https:\/\/cdnoticias.com\/index.php\/2023\/10\/18\/evolucion-radical-el-nacimiento-de-una-nueva-argentina-es-posible\/","title":{"rendered":"Evoluci\u00f3n Radical: &#8220;El nacimiento de una nueva Argentina es posible\u201d"},"content":{"rendered":"<p>El sector se expres\u00f3 en un comunicado en el que reforz\u00f3 que la renovaci\u00f3n \u201cser\u00e1 de la mano de Juntos por el Cambio&#8221;. Se reunieron este martes en el marco de la campa\u00f1a electoral.<\/p>\n<p><!--more--><\/p>\n<hr \/>\n<p><strong>Evoluci\u00f3n Radical mantuvo este martes una reuni\u00f3n en el marco de la campa\u00f1a electoral.<\/strong> Los principales dirigentes del radicalismo local junto a militantes reforzaron su apoyo a Juntos por el Cambio a d\u00edas de las elecciones.<\/p>\n<p>&nbsp;<\/p>\n<p><strong>&#8220;Estamos ante un momento hist\u00f3rico para nuestro pa\u00eds y su futuro inmediato.<\/strong> Atravesamos una de las crisis econ\u00f3micas y estructurales m\u00e1s profundas de nuestra historia, por lo cual es importante que el pr\u00f3ximo domingo elijamos la mejor opci\u00f3n, la que cuenta con la sensatez y capacidad para hacer frente a esta situaci\u00f3n devastadora&#8221; sostuvieron.<\/p>\n<p>&nbsp;<\/p>\n<p>Destacaron que<strong> &#8220;hemos trabajado fuertemente esta campa\u00f1a<\/strong> llevando nuestro mensaje a cada vecino de nuestra ciudad, dando a conocer nuestro trabajo partidario, y lo que creemos necesario hacer por el bien de la ciudad, de la provincia y el pa\u00eds. Convencidos de que otra realidad es posible&#8221;.<\/p>\n<p>&nbsp;<\/p>\n<blockquote><p>Con ello, Evoluci\u00f3n hizo hincapi\u00e9 en que &#8220;por ello, es necesario que todos vayamos a votar este domingo. Necesitamos terminar con el kirchnerismo, que desde lo obsceno de los esc\u00e1ndalos de este \u00faltimo tiempo, los nuevos hechos conocidos de corrupci\u00f3n y la demostrada incapacidad de resolver los problemas que nos atraviesan&#8221;.<\/p><\/blockquote>\n<p>&nbsp;<\/p>\n<p>Para la agrupaci\u00f3n &#8220;este domingo podes elegir, entre quienes te proponen la candidatura a presidente del Ministro de Econom\u00eda. El que ha llevado la inflaci\u00f3n y el valor del d\u00f3lar a r\u00e9cords negativos hist\u00f3ricos, y que de repente, como por arte de magia, asegura tener la soluci\u00f3n para resolver la situaci\u00f3n actual si llegara a presidente&#8221;.<\/p>\n<p>&nbsp;<\/p>\n<p>Adem\u00e1s, afirmaron que &#8220;la opci\u00f3n de un candidato que nos plantea romper con las instituciones, soluciones irrealizables, propuestas descabelladas, sin un equipo serio y con la \u00fanica intenci\u00f3n de hacerse del poder\u201d.<\/p>\n<p>&nbsp;<\/p>\n<blockquote><p>&#8220;Desde la Uni\u00f3n C\u00edvica Radical estamos trabajando y acompa\u00f1ando el nacimiento de una nueva Argentina, llevando el proyecto de Juntos por el Cambio a cada rinc\u00f3n de Olavarr\u00eda. Ofreciendo la \u00fanica propuesta con la capacidad necesaria para hacer frente a estos tiempos aciagos, una propuesta que nace desde un frente electoral real, integrado por diversos espacios pol\u00edticos, no desde liderazgos individuales, ni mesi\u00e1nicos, sino desde el trabajo en equipo y la construcci\u00f3n de consensos&#8221; se plante\u00f3 en contraste. Para cerrar, se enfatiz\u00f3: \u201cla posibilidad de vivir mejor y recuperar lo mejor de nuestro pa\u00eds est\u00e1 ante nosotros. Es momento de que demos un paso al frente y tomemos el mejor camino&#8221;.<\/p><\/blockquote>\n","protected":false},"excerpt":{"rendered":"<p>El sector se expres\u00f3 en un comunicado en el que reforz\u00f3 que la renovaci\u00f3n \u201cser\u00e1 de la mano de Juntos<\/p>\n","protected":false},"author":4,"featured_media":99435,"comment_status":"closed","ping_status":"closed","sticky":false,"template":"","format":"standard","meta":{"_jetpack_memberships_contains_paid_content":false,"footnotes":""},"categories":[4,1],"tags":[],"class_list":["post-99434","post","type-post","status-publish","format-standard","has-post-thumbnail","hentry","category-politica","category-portada"],"jetpack_featured_media_url":"https:\/\/i0.wp.com\/cdnoticias.com\/wp-content\/uploads\/2023\/10\/evolucion-radical-00.jpg?fit=1000%2C556&ssl=1","jetpack_sharing_enabled":true,"_links":{"self":[{"href":"https:\/\/cdnoticias.com\/index.php\/wp-json\/wp\/v2\/posts\/99434","targetHints":{"allow":["GET"]}}],"collection":[{"href":"https:\/\/cdnoticias.com\/index.php\/wp-json\/wp\/v2\/posts"}],"about":[{"href":"https:\/\/cdnoticias.com\/index.php\/wp-json\/wp\/v2\/types\/post"}],"author":[{"embeddable":true,"href":"https:\/\/cdnoticias.com\/index.php\/wp-json\/wp\/v2\/users\/4"}],"replies":[{"embeddable":true,"href":"https:\/\/cdnoticias.com\/index.php\/wp-json\/wp\/v2\/comments?post=99434"}],"version-history":[{"count":0,"href":"https:\/\/cdnoticias.com\/index.php\/wp-json\/wp\/v2\/posts\/99434\/revisions"}],"wp:featuredmedia":[{"embeddable":true,"href":"https:\/\/cdnoticias.com\/index.php\/wp-json\/wp\/v2\/media\/99435"}],"wp:attachment":[{"href":"https:\/\/cdnoticias.com\/index.php\/wp-json\/wp\/v2\/media?parent=99434"}],"wp:term":[{"taxonomy":"category","embeddable":true,"href":"https:\/\/cdnoticias.com\/index.php\/wp-json\/wp\/v2\/categories?post=99434"},{"taxonomy":"post_tag","embeddable":true,"href":"https:\/\/cdnoticias.com\/index.php\/wp-json\/wp\/v2\/tags?post=99434"}],"curies":[{"name":"wp","href":"https:\/\/api.w.org\/{rel}","templated":true}]}}