{"id":99407,"date":"2023-10-18T11:29:12","date_gmt":"2023-10-18T14:29:12","guid":{"rendered":"https:\/\/www.centraldenoticias.com.ar\/?p=99407"},"modified":"2023-10-18T18:00:39","modified_gmt":"2023-10-18T21:00:39","slug":"arouxet-tengo-mejor-equipo-que-los-otros-dos-espacios-que-voy-a-enfrentar","status":"publish","type":"post","link":"https:\/\/cdnoticias.com\/index.php\/2023\/10\/18\/arouxet-tengo-mejor-equipo-que-los-otros-dos-espacios-que-voy-a-enfrentar\/","title":{"rendered":"Arouxet: \u201ctengo mejor equipo que los otros dos espacios que voy a enfrentar\u201d"},"content":{"rendered":"<p>La candidata de Ahora Olavarr\u00eda se refiri\u00f3 a las medidas que tomar\u00eda si llega a la intendencia. La prioridad puesta en \u201cestabilizar los n\u00fameros\u201d y el \u00e1rea de salud. Adem\u00e1s, valor\u00f3 el crecimiento del espacio local: \u201cnosotros ya ganamos\u201d.<!--more--><\/p>\n<hr \/>\n<p><strong>Celeste Arouxet, candidata de Ahora Olavarr\u00eda<\/strong> a la intendencia habl\u00f3 con <em>Central de Noticias<\/em> sobre las principales propuestas del espacio que se referencia en Javier Milei a nivel nacional.<\/p>\n<p>&nbsp;<\/p>\n<p>Insisti\u00f3 en \u201cordenar las cuentas\u201d del Municipio y controlar el cumplimiento de las licitaciones. La mirada puesta en el \u00e1rea de salud y en el \u201cdoble comando\u201d para dirigir el Hospital Municipal.<\/p>\n<p>&nbsp;<\/p>\n<p><strong>\u00bfC\u00f3mo viste esta campa\u00f1a en relaci\u00f3n a la de 2021?<\/strong><\/p>\n<p>Un crecimiento impresionante. Sentimos que todos los planetas est\u00e1n alineados, llegaron las boletas y continuamente gente a buscarlas, algo que nunca pas\u00f3 ni siquiera cuando milit\u00e1bamos en el espacio de Juntos por el Cambio antes de todo lo que pas\u00f3. No se ve\u00eda esto y a veces nos parece incre\u00edble, de 293 fiscales que necesitamos ya nos sobran, tenemos 350 fiscales, toda gente que va y se propone. Eso es un mont\u00f3n cuando vos no ten\u00e9s atr\u00e1s una estructura econ\u00f3mica ni una estructura pol\u00edtica fuerte desde lo local, somos un espacio vecinal y es una campa\u00f1a hermosa. Ayer hablaban de los resultados y por ah\u00ed tampoco saben, para ganar hay que sacar mucho y yo les digo que nosotros ya ganamos y que tienen que entender que el 22 se va a festejar como se festej\u00f3 el 13.<\/p>\n<p>&nbsp;<\/p>\n<p><strong>\u00bfQu\u00e9 es lo primero que hay que cambiar si el 10 de diciembre entr\u00e1s a la Municipalidad?<\/strong><\/p>\n<p>M\u00e1s all\u00e1 que hoy tenemos un d\u00e9ficit de 1.500 millones, el d\u00e9ficit proyectado para diciembre es de 3.500 millones de pesos. Es un d\u00e9ficit incre\u00edble, nunca pas\u00f3 Olavarr\u00eda por esto. Primero hay que equilibrar las cuentas porque hoy est\u00e1n llegando a pagar los sueldos con pagos que entran sobre el 30 del mes. Primero estabilizar los n\u00fameros y en segundo lugar la salud, esta gesti\u00f3n jug\u00f3 con la vida desde el inicio porque lo que menos le interes\u00f3 fue el sistema de salud.<\/p>\n<p>&nbsp;<\/p>\n<p><strong>Hablaste de volver a traer a los m\u00e9dicos que se fueron para fortalecer el sistema \u00bfc\u00f3mo se combina traer m\u00e1s personal con un d\u00e9ficit municipal?<\/strong><\/p>\n<p>Es que el d\u00e9ficit municipal no es por los empleados que se toman, porque los que m\u00e1s cobran son los funcionarios. Nosotros vamos a sacar a todos los funcionarios de la planta pol\u00edtica que tanto da\u00f1o le hizo a Olavarr\u00eda. Eliminando planta pol\u00edtica gener\u00e1s ahorro, tambi\u00e9n controlando las compras, sabemos lo que pasa en este municipio con el sistema de compras directa, se le compra a quien ellos quieren, no a quien le conviene a los olavarrienses, m\u00e1s un control que hay que hacer sobre recolecci\u00f3n de residuos est\u00e1s hablando de 4 mil millones a valor de hoy para sanear el d\u00e9ficit. Despu\u00e9s ten\u00e9s que controlar el sistema de licitaciones, ac\u00e1 se pagan dos y tres veces lo que se licitan. Son ocho a\u00f1os de esta ineficiencia y todo lo que perdimos nos va a costar mucho recuperar, pero s\u00ed, se les puede pagar a los m\u00e9dicos, porque Olavarr\u00eda tiene el ingreso y Olavarr\u00eda se levanta con buena gesti\u00f3n. Y el m\u00e9dico es una inversi\u00f3n, no un gasto.<\/p>\n<p>&nbsp;<\/p>\n<blockquote><p>Tampoco vamos a echar a ning\u00fan empleado municipal como les est\u00e1n diciendo, yo voy a trabajar con los empleados municipales, ellos van a ser mis directores.<\/p><\/blockquote>\n<p>&nbsp;<\/p>\n<blockquote class=\"instagram-media\" style=\"background: #FFF; border: 0; border-radius: 3px; box-shadow: 0 0 1px 0 rgba(0,0,0,0.5),0 1px 10px 0 rgba(0,0,0,0.15); margin: 1px; max-width: 540px; min-width: 326px; padding: 0; width: calc(100% - 2px);\" data-instgrm-captioned=\"\" data-instgrm-permalink=\"https:\/\/www.instagram.com\/reel\/CyixIFjO0Qg\/?utm_source=ig_embed&amp;utm_campaign=loading\" data-instgrm-version=\"14\">\n<div style=\"padding: 16px;\">\n<p>&nbsp;<\/p>\n<div style=\"display: flex; flex-direction: row; align-items: center;\">\n<div style=\"background-color: #f4f4f4; border-radius: 50%; flex-grow: 0; height: 40px; margin-right: 14px; width: 40px;\"><\/div>\n<div style=\"display: flex; flex-direction: column; flex-grow: 1; justify-content: center;\">\n<div style=\"background-color: #f4f4f4; border-radius: 4px; flex-grow: 0; height: 14px; margin-bottom: 6px; width: 100px;\"><\/div>\n<div style=\"background-color: #f4f4f4; border-radius: 4px; flex-grow: 0; height: 14px; width: 60px;\"><\/div>\n<\/div>\n<\/div>\n<div style=\"padding: 19% 0;\"><\/div>\n<div style=\"display: block; height: 50px; margin: 0 auto 12px; width: 50px;\"><\/div>\n<div style=\"padding-top: 8px;\">\n<div style=\"color: #3897f0; font-family: Arial,sans-serif; font-size: 14px; font-style: normal; font-weight: 550; line-height: 18px;\">Ver esta publicaci\u00f3n en Instagram<\/div>\n<\/div>\n<div style=\"padding: 12.5% 0;\"><\/div>\n<div style=\"display: flex; flex-direction: row; margin-bottom: 14px; align-items: center;\">\n<div>\n<div style=\"background-color: #f4f4f4; border-radius: 50%; height: 12.5px; width: 12.5px; transform: translateX(0px) translateY(7px);\"><\/div>\n<div style=\"background-color: #f4f4f4; height: 12.5px; transform: rotate(-45deg) translateX(3px) translateY(1px); width: 12.5px; flex-grow: 0; margin-right: 14px; margin-left: 2px;\"><\/div>\n<div style=\"background-color: #f4f4f4; border-radius: 50%; height: 12.5px; width: 12.5px; transform: translateX(9px) translateY(-18px);\"><\/div>\n<\/div>\n<div style=\"margin-left: 8px;\">\n<div style=\"background-color: #f4f4f4; border-radius: 50%; flex-grow: 0; height: 20px; width: 20px;\"><\/div>\n<div style=\"width: 0; height: 0; border-top: 2px solid transparent; border-left: 6px solid #f4f4f4; border-bottom: 2px solid transparent; transform: translateX(16px) translateY(-4px) rotate(30deg);\"><\/div>\n<\/div>\n<div style=\"margin-left: auto;\">\n<div style=\"width: 0px; border-top: 8px solid #F4F4F4; border-right: 8px solid transparent; transform: translateY(16px);\"><\/div>\n<div style=\"background-color: #f4f4f4; flex-grow: 0; height: 12px; width: 16px; transform: translateY(-4px);\"><\/div>\n<div style=\"width: 0; height: 0; border-top: 8px solid #F4F4F4; border-left: 8px solid transparent; transform: translateY(-4px) translateX(8px);\"><\/div>\n<\/div>\n<\/div>\n<div style=\"display: flex; flex-direction: column; flex-grow: 1; justify-content: center; margin-bottom: 24px;\">\n<div style=\"background-color: #f4f4f4; border-radius: 4px; flex-grow: 0; height: 14px; margin-bottom: 6px; width: 224px;\"><\/div>\n<div style=\"background-color: #f4f4f4; border-radius: 4px; flex-grow: 0; height: 14px; width: 144px;\"><\/div>\n<\/div>\n<p>&nbsp;<\/p>\n<p style=\"color: #c9c8cd; font-family: Arial,sans-serif; font-size: 14px; line-height: 17px; margin-bottom: 0; margin-top: 8px; overflow: hidden; padding: 8px 0 7px; text-align: center; text-overflow: ellipsis; white-space: nowrap;\"><a style=\"color: #c9c8cd; font-family: Arial,sans-serif; font-size: 14px; font-style: normal; font-weight: normal; line-height: 17px; text-decoration: none;\" href=\"https:\/\/www.instagram.com\/reel\/CyixIFjO0Qg\/?utm_source=ig_embed&amp;utm_campaign=loading\" target=\"_blank\" rel=\"noopener\">Una publicaci\u00f3n compartida de Central de Noticias Olavarr\u00eda (@cdnolavarria)<\/a><\/p>\n<\/div>\n<\/blockquote>\n<p><script async src=\"\/\/www.instagram.com\/embed.js\"><\/script><\/p>\n<p>&nbsp;<\/p>\n<p><strong>Tuviste que aclarar que no vas a echar a ning\u00fan empleado municipal \u00bfqui\u00e9n est\u00e1 difundiendo ese mensaje?<\/strong><\/p>\n<p>Desde el municipio se corre el rumor de que Celeste va a echar gente vinculado al plan \u201crecorte\u201d de Javier Milei que nada tiene que ver con Ahora Olavarr\u00eda. La plataforma de Javier Milei es una plataforma para recortar el gasto p\u00fablico, la plataforma de Ahora Olavarr\u00eda es una plataforma que vamos a recortar la ineficiencia de la planta pol\u00edtica.<\/p>\n<p>&nbsp;<\/p>\n<p><strong>Respecto a tu propuesta de manejo del Hospital con un doble rol \u00bfya ten\u00e9s a las personas para ocuparlos?<\/strong><\/p>\n<p>Si, ya est\u00e1n. Es una persona m\u00e9dica que est\u00e1 vinculada al sistema de salud y la otra es una persona vinculada tambi\u00e9n con el municipio. Tienen trayectoria y son muy capaces adem\u00e1s en el \u00e1rea administrativa, tienen el car\u00e1cter para llevar adelante el hospital, el hospital es casi otro municipio en comparaci\u00f3n con otras ciudades.<\/p>\n<p>&nbsp;<\/p>\n<p><strong>\u00bfQu\u00e9 har\u00edas con el Programa Tuvi?<\/strong><\/p>\n<p>Nuestro plan de viviendas hace dos a\u00f1os y medio que est\u00e1 dormido en el Concejo Deliberante, tiene una inversi\u00f3n inicial del 4% del presupuesto que con el repago ya ir\u00edamos por la vivienda 320 creo. Se va a pagar una cuota similar a un alquiler, hoy rondar\u00eda los 60 o 65 mil pesos por una vivienda de 45m2. Ese es nuestro plan de viviendas junto con un plan de autoconstrucci\u00f3n como hac\u00eda Helios Eseverri, con sistema de control para que se te siga dando la ayuda con devoluci\u00f3n, todo con devoluci\u00f3n, gratis no.<\/p>\n<p>&nbsp;<\/p>\n<p><img data-recalc-dims=\"1\" loading=\"lazy\" decoding=\"async\" class=\"aligncenter size-full wp-image-99411\" src=\"https:\/\/i0.wp.com\/cdnoticias.com\/wp-content\/uploads\/2023\/10\/celeste-arouxet-04.jpg?resize=800%2C445&#038;ssl=1\" alt=\"\" width=\"800\" height=\"445\" srcset=\"https:\/\/i0.wp.com\/cdnoticias.com\/wp-content\/uploads\/2023\/10\/celeste-arouxet-04.jpg?w=800&amp;ssl=1 800w, https:\/\/i0.wp.com\/cdnoticias.com\/wp-content\/uploads\/2023\/10\/celeste-arouxet-04.jpg?resize=300%2C167&amp;ssl=1 300w, https:\/\/i0.wp.com\/cdnoticias.com\/wp-content\/uploads\/2023\/10\/celeste-arouxet-04.jpg?resize=768%2C427&amp;ssl=1 768w\" sizes=\"auto, (max-width: 800px) 100vw, 800px\" \/><\/p>\n<p>&nbsp;<\/p>\n<p><strong>\u00bfSostendr\u00edas el programa GIRO de separaci\u00f3n de residuos?<\/strong><\/p>\n<p>Todo el sistema de recolecci\u00f3n de residuos hay que cambiar. Hoy no se est\u00e1 controlando nada, empezando porque tenemos un basural a cielo abierto que no tiene una sola multa. El GIRO tampoco fue controlado, denunciamos la manera en que fueron contratadas las personas, son empleados encubiertos por el municipio con un contrato de servicios. Se debe revisar el contrato y controlar a la empresa.<\/p>\n<p>&nbsp;<\/p>\n<p><strong>Respecto a la obra del colector cloacal norte \u00bfes una obra que seguir\u00edas?<\/strong><\/p>\n<p>Todo el sistema de cloacas tiene que estar, pero como le digo a la gente primero tenemos que sanear los n\u00fameros. El encargado de todo eso es \u201cPelusa\u201d Caj\u00e9n y \u00e9l te dice que nunca podemos estar haciendo la vereda, el cord\u00f3n, si todav\u00eda no hiciste toda la parte de cloaca en ese barrio. Ten\u00e9s que dejarlo listo para cuando sea el proyecto, despu\u00e9s cuando tenga el colector ya ten\u00e9s un programa cloacas definido. Ac\u00e1 no hay nada definido. Todo eso se logra a trav\u00e9s de la ordenanza del Plan Estrat\u00e9gico, hay que hacer un sondeo para ver c\u00f3mo est\u00e1 hoy Olavarr\u00eda, pero todas esas obras tienen que salir.<\/p>\n<p>&nbsp;<\/p>\n<p><strong>\u00bfSuspender\u00edas los subsidios al transporte p\u00fablico en Olavarr\u00eda?<\/strong><\/p>\n<p>Nosotros har\u00edamos una auditor\u00eda de control de los servicios p\u00fablicos. Hoy la empresa que tiene adjudicado el servicio p\u00fablico en micros no est\u00e1 cumpliendo, no encontramos las multas y no est\u00e1 cumpliendo con el tema de las personas con discapacidad en como tienen que estar los micros, no est\u00e1n cumpliendo con los horarios, con informar los horarios. Los subsidios siempre son a medida que vos cumpl\u00eds con tu funci\u00f3n. Va a seguir porque es necesario que siga, porque ten\u00e9s una parte de la sociedad que consume el boleto estudiantil o los distintos tipos de boletos. El municipio tiene que estar presente, pero con una empresa que haga las cosas bien.<\/p>\n<p>&nbsp;<\/p>\n<p><img data-recalc-dims=\"1\" loading=\"lazy\" decoding=\"async\" class=\"aligncenter size-full wp-image-99408\" src=\"https:\/\/i0.wp.com\/cdnoticias.com\/wp-content\/uploads\/2023\/10\/celeste-arouxet-01.jpg?resize=800%2C445&#038;ssl=1\" alt=\"\" width=\"800\" height=\"445\" srcset=\"https:\/\/i0.wp.com\/cdnoticias.com\/wp-content\/uploads\/2023\/10\/celeste-arouxet-01.jpg?w=800&amp;ssl=1 800w, https:\/\/i0.wp.com\/cdnoticias.com\/wp-content\/uploads\/2023\/10\/celeste-arouxet-01.jpg?resize=300%2C167&amp;ssl=1 300w, https:\/\/i0.wp.com\/cdnoticias.com\/wp-content\/uploads\/2023\/10\/celeste-arouxet-01.jpg?resize=768%2C427&amp;ssl=1 768w\" sizes=\"auto, (max-width: 800px) 100vw, 800px\" \/><\/p>\n<p>&nbsp;<\/p>\n<p><strong>\u00bfQu\u00e9 puede hacer el municipio respecto al tema de adicciones?<\/strong><\/p>\n<p>Es terrible el tema. En cada barrio que vamos te dicen que los chicos se est\u00e1n drogando con cualquier cosa. Estamos trabajando mucho con un equipo m\u00e9dico, con Federico Caj\u00e9n, una persona que sabe mucho del tema y estamos dando charlas porque los chicos te lo demandan. El municipio puede hacer mucho desde la atenci\u00f3n psicol\u00f3gica, atenci\u00f3n psiqui\u00e1trica, desde la contenci\u00f3n y el gran proyecto nuestro es un centro de prevenci\u00f3n, recuperaci\u00f3n y rehabilitaci\u00f3n.<\/p>\n<p>&nbsp;<\/p>\n<p><strong>\u00bfSe requiere personal o infraestructura?<\/strong><\/p>\n<p>La infraestructura la tenemos y se requieren psic\u00f3logos, psiquiatras, terapistas. Por eso cuando hablamos de reducci\u00f3n de personal, hablamos de la planta pol\u00edtica y el n\u00famero del personal no va a aumentar, salvo en lo que es seguridad y salud. Este intendente destruy\u00f3 la salud p\u00fablica de Olavarr\u00eda.<\/p>\n<p>&nbsp;<\/p>\n<p><strong>\u00bfMantendr\u00edas la Direcci\u00f3n de Pol\u00edticas de G\u00e9nero y cu\u00e1l ser\u00eda el trabajo vinculado al \u00e1rea?<\/strong><\/p>\n<p>Se est\u00e1n haciendo cosas bien, pero falta un mont\u00f3n. Tiene que haber una mesa de g\u00e9nero donde est\u00e9n relacionados naci\u00f3n, provincia y municipio para abordar la problem\u00e1tica de verdad. Lo que est\u00e1 bien va a seguir y se va a mejorar, pero con asignaciones presupuestarias. El tema de violencia de g\u00e9nero es un tema que sigue y hay mucho por hacer. Veo que a veces se no se toma en serio, se politiza mucho y todo lo que es el \u00e1rea social es donde m\u00e1s tiene que hacer Olavarr\u00eda. La inversi\u00f3n perdida, como digo siempre, es plata. Esto otro no es plata. La ni\u00f1ez, adolescencia, personas con discapacidad, sanidad, el tema de violencia de g\u00e9nero, son pilares fundamentales para nosotros.<\/p>\n<p>&nbsp;<\/p>\n<p><img data-recalc-dims=\"1\" loading=\"lazy\" decoding=\"async\" class=\"aligncenter size-full wp-image-99409\" src=\"https:\/\/i0.wp.com\/cdnoticias.com\/wp-content\/uploads\/2023\/10\/celeste-arouxet-02.jpg?resize=800%2C445&#038;ssl=1\" alt=\"\" width=\"800\" height=\"445\" srcset=\"https:\/\/i0.wp.com\/cdnoticias.com\/wp-content\/uploads\/2023\/10\/celeste-arouxet-02.jpg?w=800&amp;ssl=1 800w, https:\/\/i0.wp.com\/cdnoticias.com\/wp-content\/uploads\/2023\/10\/celeste-arouxet-02.jpg?resize=300%2C167&amp;ssl=1 300w, https:\/\/i0.wp.com\/cdnoticias.com\/wp-content\/uploads\/2023\/10\/celeste-arouxet-02.jpg?resize=768%2C427&amp;ssl=1 768w\" sizes=\"auto, (max-width: 800px) 100vw, 800px\" \/><\/p>\n<p>&nbsp;<\/p>\n<p><strong>Al principio de la nota dijiste que el 22 se festeja porque ya ganaron \u00bfqu\u00e9 ganaron?<\/strong><\/p>\n<p>Tener este espacio que tenemos hoy, que la gente se haya acercado, que somos cada vez m\u00e1s. Nosotros en tres a\u00f1os tenemos un espacio pol\u00edtico que muchos no pudieron tener con toda la estructura atr\u00e1s. \u00c9ramos dos con Guillermo (Lascano) cuando arrancamos esto y ahora tenemos un grupo de 350 personas fijas, m\u00e1s de 70 chicos en la juventud, el local todos los d\u00edas lleno de gente.<\/p>\n<p>&nbsp;<\/p>\n<p><strong>\u00bfTe ves en febrero bailando en los corsos con Verano Dorado?<\/strong><\/p>\n<p>Me veo disfrutando con mi gente y que vamos a sacar a Olavarr\u00eda adelante. Hoy me cargaban porque tengo muy poco ritmo, no voy a bailar con ritmo, pero feliz con mi gente porque es lo que m\u00e1s quiero. As\u00ed que voy a tener que andar practicando. Quiero agradecer a la gente, sobre todo al equipo que tengo. Cuando dicen que no tengo equipo me dan ganas de decir que s\u00ed tengo, tengo mejor equipo que los otros dos espacios que voy a enfrentar, no estamos vinculados con nada sucio. Espero que la gente el 22 vaya a votar y tengo mucha fe que vamos a andar muy bien y con posibilidades de tener la intendencia el 10 de diciembre.<\/p>\n","protected":false},"excerpt":{"rendered":"<p>La candidata de Ahora Olavarr\u00eda se refiri\u00f3 a las medidas que tomar\u00eda si llega a la intendencia. La prioridad puesta<\/p>\n","protected":false},"author":5,"featured_media":99413,"comment_status":"closed","ping_status":"closed","sticky":false,"template":"","format":"standard","meta":{"_jetpack_memberships_contains_paid_content":false,"footnotes":""},"categories":[4,1],"tags":[],"class_list":["post-99407","post","type-post","status-publish","format-standard","has-post-thumbnail","hentry","category-politica","category-portada"],"jetpack_featured_media_url":"https:\/\/i0.wp.com\/cdnoticias.com\/wp-content\/uploads\/2023\/10\/celeste-arouxet-06.jpg?fit=800%2C445&ssl=1","jetpack_sharing_enabled":true,"_links":{"self":[{"href":"https:\/\/cdnoticias.com\/index.php\/wp-json\/wp\/v2\/posts\/99407","targetHints":{"allow":["GET"]}}],"collection":[{"href":"https:\/\/cdnoticias.com\/index.php\/wp-json\/wp\/v2\/posts"}],"about":[{"href":"https:\/\/cdnoticias.com\/index.php\/wp-json\/wp\/v2\/types\/post"}],"author":[{"embeddable":true,"href":"https:\/\/cdnoticias.com\/index.php\/wp-json\/wp\/v2\/users\/5"}],"replies":[{"embeddable":true,"href":"https:\/\/cdnoticias.com\/index.php\/wp-json\/wp\/v2\/comments?post=99407"}],"version-history":[{"count":0,"href":"https:\/\/cdnoticias.com\/index.php\/wp-json\/wp\/v2\/posts\/99407\/revisions"}],"wp:featuredmedia":[{"embeddable":true,"href":"https:\/\/cdnoticias.com\/index.php\/wp-json\/wp\/v2\/media\/99413"}],"wp:attachment":[{"href":"https:\/\/cdnoticias.com\/index.php\/wp-json\/wp\/v2\/media?parent=99407"}],"wp:term":[{"taxonomy":"category","embeddable":true,"href":"https:\/\/cdnoticias.com\/index.php\/wp-json\/wp\/v2\/categories?post=99407"},{"taxonomy":"post_tag","embeddable":true,"href":"https:\/\/cdnoticias.com\/index.php\/wp-json\/wp\/v2\/tags?post=99407"}],"curies":[{"name":"wp","href":"https:\/\/api.w.org\/{rel}","templated":true}]}}