{"id":99376,"date":"2023-10-17T21:00:00","date_gmt":"2023-10-18T00:00:00","guid":{"rendered":"https:\/\/www.centraldenoticias.com.ar\/?p=99376"},"modified":"2023-10-18T08:42:25","modified_gmt":"2023-10-18T11:42:25","slug":"juventud-amarilla-el-liderazgo-de-ezequiel-galli-y-las-fichas-apostadas-al-22","status":"publish","type":"post","link":"https:\/\/cdnoticias.com\/index.php\/2023\/10\/17\/juventud-amarilla-el-liderazgo-de-ezequiel-galli-y-las-fichas-apostadas-al-22\/","title":{"rendered":"Juventud amarilla: el liderazgo de Ezequiel Galli y las fichas apostadas al 22"},"content":{"rendered":"<p>El espacio del PRO en Olavarr\u00eda creci\u00f3 a la par de la carrera del Intendente Ezequiel Galli. A la vez, los j\u00f3venes \u201cgallistas\u201d consolidaron un numeroso grupo de debate y participaci\u00f3n. Su rol en la campa\u00f1a, la polarizaci\u00f3n con otros espacios y la elecci\u00f3n del \u201ccamino correcto\u201d. <!--more--><\/p>\n<hr \/>\n<p><em><strong>Agust\u00edn Dal Poggetto<\/strong> \/\/ Especial para Central de Noticias<\/em><\/p>\n<p>&nbsp;<\/p>\n<p><strong>El grupo de j\u00f3venes que milita en el espacio de Ezequiel Galli llega a las 40 personas<\/strong>. Se re\u00fanen los martes a la tarde en Casa Amarilla, la sede del PRO en Olavarr\u00eda. All\u00ed coordinan actividades, organizan eventos y dan una mano a la campa\u00f1a de Juntos por el Cambio en la ciudad.<\/p>\n<p>&nbsp;<\/p>\n<p><em>\u201cVengo desde abril de 2015 acompa\u00f1ando a Ezequiel, cuando \u00e9ramos pocos ac\u00e1 todav\u00eda. \u00c9l reci\u00e9n estaba formando su equipo y tir\u00e1ndose, aunque ven\u00eda caminando la ciudad hac\u00eda dos o tres a\u00f1os. Ya hace ocho a\u00f1os de eso\u201d<\/em> se\u00f1al\u00f3 Marcelino, referente del grupo de j\u00f3venes.<\/p>\n<p>&nbsp;<\/p>\n<p><img data-recalc-dims=\"1\" loading=\"lazy\" decoding=\"async\" class=\"alignnone size-full wp-image-99382\" src=\"https:\/\/i0.wp.com\/cdnoticias.com\/wp-content\/uploads\/2023\/10\/nota-juventud-galli-04.jpg?resize=800%2C445&#038;ssl=1\" alt=\"\" width=\"800\" height=\"445\" srcset=\"https:\/\/i0.wp.com\/cdnoticias.com\/wp-content\/uploads\/2023\/10\/nota-juventud-galli-04.jpg?w=800&amp;ssl=1 800w, https:\/\/i0.wp.com\/cdnoticias.com\/wp-content\/uploads\/2023\/10\/nota-juventud-galli-04.jpg?resize=300%2C167&amp;ssl=1 300w, https:\/\/i0.wp.com\/cdnoticias.com\/wp-content\/uploads\/2023\/10\/nota-juventud-galli-04.jpg?resize=768%2C427&amp;ssl=1 768w\" sizes=\"auto, (max-width: 800px) 100vw, 800px\" \/><\/p>\n<p>&nbsp;<\/p>\n<p>En conversaci\u00f3n con <strong>Central de Noticias<\/strong>, mencion\u00f3 que<em> \u201cmucho del movimiento en el local es gracias a la juventud. Los m\u00e1s grandes tienen cerca de 30 a\u00f1os, y la m\u00e1s chica que participa hoy tiene 14\u201d.<\/em><\/p>\n<p>&nbsp;<\/p>\n<p>En la charla, que se desarroll\u00f3 despu\u00e9s de una reuni\u00f3n,<strong> tambi\u00e9n estuvo presente Micaela, quien se uni\u00f3 al grupo en la campa\u00f1a de 2019. Tambi\u00e9n forma parte de \u201cPRO Mujeres\u201d con quienes se juntan los lunes.<\/strong> <em>\u201cSoy de Loma Negra. En ese a\u00f1o fueron a hacer timbreo a casa y le pregunt\u00e9 a los chicos c\u00f3mo los pod\u00eda ayudar y me invitaron a sumarme. Antes de eso mis viejos me ven\u00edan alentando y me hicieron saber que desde mi lugar pod\u00eda aportar mi granito de arena\u201d record\u00f3.<\/em><\/p>\n<p>&nbsp;<\/p>\n<blockquote><p>\u201cEl grupo que me recibi\u00f3 ya era m\u00e1s grande del que se encontr\u00f3 Marcelino. Y empezamos a trabajar\u201d, agreg\u00f3. Hoy vive en Olavarr\u00eda, trabaja en la Direcci\u00f3n de Turismo de la Municipalidad, y estudia An\u00e1lisis de Sistemas.<\/p><\/blockquote>\n<p>&nbsp;<\/p>\n<p>Con 23 y 24 a\u00f1os, <strong>Micaela y Marcelino tienen la edad promedio de los j\u00f3venes que acompa\u00f1an a Galli. Ambos resaltaron la diversidad de or\u00edgenes de los integrantes. Hay personas de Olavarr\u00eda, de las localidades y de otras ciudades.<\/strong> Tambi\u00e9n de or\u00edgenes partidarios: <em>\u201cson recibidos los del PRO, los radicales, los peronistas republicanos, porque el proyecto de Ezequiel va m\u00e1s all\u00e1 de las personas\u201d<\/em> se\u00f1alaron.<\/p>\n<p>&nbsp;<\/p>\n<p>Subrayaron que<em> \u201cvaloramos como j\u00f3venes que sepa escucharnos, porque nosotros somos los que vamos a estar el d\u00eda de ma\u00f1ana siendo part\u00edcipes de las decisiones del futuro. <strong>Como dice Ezequiel, tambi\u00e9n elegimos esta ciudad para vivir y por eso seguimos involucr\u00e1ndonos en pol\u00edtica\u201d.<\/strong><\/em><\/p>\n<p>&nbsp;<\/p>\n<p><img data-recalc-dims=\"1\" loading=\"lazy\" decoding=\"async\" class=\"alignnone size-full wp-image-99388\" src=\"https:\/\/i0.wp.com\/cdnoticias.com\/wp-content\/uploads\/2023\/10\/nota-juventud-galli-06.jpg?resize=800%2C445&#038;ssl=1\" alt=\"\" width=\"800\" height=\"445\" srcset=\"https:\/\/i0.wp.com\/cdnoticias.com\/wp-content\/uploads\/2023\/10\/nota-juventud-galli-06.jpg?w=800&amp;ssl=1 800w, https:\/\/i0.wp.com\/cdnoticias.com\/wp-content\/uploads\/2023\/10\/nota-juventud-galli-06.jpg?resize=300%2C167&amp;ssl=1 300w, https:\/\/i0.wp.com\/cdnoticias.com\/wp-content\/uploads\/2023\/10\/nota-juventud-galli-06.jpg?resize=768%2C427&amp;ssl=1 768w\" sizes=\"auto, (max-width: 800px) 100vw, 800px\" \/><\/p>\n<p>&nbsp;<\/p>\n<p>Durante la charla insistieron varias veces en que <em>\u201csomos todos voluntarios\u201d<\/em> y afirmaron que <em>\u201cconocemos militantes a los que les pagan. Nosotros lo hacemos solamente por convicci\u00f3n\u201d.<\/em><\/p>\n<p>&nbsp;<\/p>\n<h3><strong>El rol en la campa\u00f1a<\/strong><\/h3>\n<p>&nbsp;<\/p>\n<p><strong>Los \u00faltimos meses fueron de \u201cmucho trabajo\u201d para los j\u00f3venes, en relaci\u00f3n con la participaci\u00f3n en la campa\u00f1a<\/strong>.<em> \u201cEsta es nuestra segunda casa, en campa\u00f1a es nuestra primera\u201d r<\/em>econocieron.<\/p>\n<p>&nbsp;<\/p>\n<p><em>\u201cDe vez en cuando nos juntamos a comer entre todos, para distender un poco y fortalecer el grupo\u201d<\/em> agreg\u00f3 <strong>Marcelino, quien trabaja en el programa de seguridad municipal \u201cOjos en Alerta\u201d.<\/strong> Destac\u00f3 que tanto su familia como sus amigos \u201cbancan mucho\u201d su militancia.<\/p>\n<p>&nbsp;<\/p>\n<p><strong>\u00a0<\/strong><\/p>\n<blockquote><p>El d\u00eda del reportaje ten\u00edan previsto hacer una colocaci\u00f3n de paleros, que son los carteles ubicados por la ciudad con el lema \u201cEzequiel Galli Intendente\u201d.<\/p><\/blockquote>\n<p>&nbsp;<\/p>\n<p>Comenzaron la actividad por la avenida Col\u00f3n, a la altura del local del PRO, sobre calle Vicente L\u00f3pez. Tomaron Pringles en direcci\u00f3n a Del Valle y en la rotonda que las cruza se dividieron para seguir colocando paleros en todos los postes. <strong>\u201cTenemos para largo\u201d comentaron cuando iban por la mitad del recorrido.<\/strong><\/p>\n<p>&nbsp;<\/p>\n<p><img data-recalc-dims=\"1\" loading=\"lazy\" decoding=\"async\" class=\"alignnone size-full wp-image-99380\" src=\"https:\/\/i0.wp.com\/cdnoticias.com\/wp-content\/uploads\/2023\/10\/nota-juventud-galli-02.jpg?resize=800%2C445&#038;ssl=1\" alt=\"\" width=\"800\" height=\"445\" srcset=\"https:\/\/i0.wp.com\/cdnoticias.com\/wp-content\/uploads\/2023\/10\/nota-juventud-galli-02.jpg?w=800&amp;ssl=1 800w, https:\/\/i0.wp.com\/cdnoticias.com\/wp-content\/uploads\/2023\/10\/nota-juventud-galli-02.jpg?resize=300%2C167&amp;ssl=1 300w, https:\/\/i0.wp.com\/cdnoticias.com\/wp-content\/uploads\/2023\/10\/nota-juventud-galli-02.jpg?resize=768%2C427&amp;ssl=1 768w\" sizes=\"auto, (max-width: 800px) 100vw, 800px\" \/><\/p>\n<p>&nbsp;<\/p>\n<p><em>\u201cDiferenciamos nuestras actividades de las de gesti\u00f3n. Es algo caracter\u00edstico del PRO. Otros espacios pol\u00edticos hacen uso de la gesti\u00f3n para hacer pol\u00edtica. Nosotros hacemos tareas todo el a\u00f1o, todos los a\u00f1os, no importa que sean electivos o no\u201d<\/em> se\u00f1alaron.<\/p>\n<p>&nbsp;<\/p>\n<p><img data-recalc-dims=\"1\" loading=\"lazy\" decoding=\"async\" class=\"alignnone size-full wp-image-99379\" src=\"https:\/\/i0.wp.com\/cdnoticias.com\/wp-content\/uploads\/2023\/10\/nota-juventud-galli-01.jpg?resize=800%2C445&#038;ssl=1\" alt=\"\" width=\"800\" height=\"445\" srcset=\"https:\/\/i0.wp.com\/cdnoticias.com\/wp-content\/uploads\/2023\/10\/nota-juventud-galli-01.jpg?w=800&amp;ssl=1 800w, https:\/\/i0.wp.com\/cdnoticias.com\/wp-content\/uploads\/2023\/10\/nota-juventud-galli-01.jpg?resize=300%2C167&amp;ssl=1 300w, https:\/\/i0.wp.com\/cdnoticias.com\/wp-content\/uploads\/2023\/10\/nota-juventud-galli-01.jpg?resize=768%2C427&amp;ssl=1 768w\" sizes=\"auto, (max-width: 800px) 100vw, 800px\" \/><\/p>\n<p>&nbsp;<\/p>\n<p><strong>Ambos fiscalizaron en las elecciones primarias de agosto<\/strong>. Mencionaron que \u201cfueron bastantes complicadas\u201d y deslizaron que el problema son las <em>\u201clistas s\u00e1banas, que no s\u00f3lo generan un gasto enorme, sino que son inc\u00f3modas para votar y para contabilizar\u201d.<\/em><\/p>\n<p>&nbsp;<\/p>\n<blockquote><p>\u201cRepito, nuestros fiscales lo hacen tambi\u00e9n todos puramente por convicci\u00f3n. Lo recalco porque conocemos las historias de otros fiscales que no lo hacen de forma voluntaria. Se sabe, pasa\u201d dijeron cruzando miradas.<\/p><\/blockquote>\n<p>Marcelino reconoci\u00f3 que el resultado para Juntos<em> \u201cfue un golpe inesperado, pero voy a repetir una frase que dice Ezequiel: \u00b4hay que recoger el guante y seguir para adelante\u00b4. Lo importante es que ese lunes seguimos trabajando para revertir esta situaci\u00f3n\u201d<\/em> record\u00f3, y continu\u00f3 citando al candidato por la segunda reelecci\u00f3n: <em>\u201cMe doler\u00eda un montonazo que la Municipalidad est\u00e9 manejada por la C\u00e1mpora\u201d.<\/em><\/p>\n<p>&nbsp;<\/p>\n<h3><strong>La mirada sobre la participaci\u00f3n juvenil<\/strong><\/h3>\n<p>&nbsp;<br \/>\n<img data-recalc-dims=\"1\" loading=\"lazy\" decoding=\"async\" class=\"alignnone size-full wp-image-99383\" src=\"https:\/\/i0.wp.com\/cdnoticias.com\/wp-content\/uploads\/2023\/10\/nota-juventud-galli-05.jpg?resize=800%2C445&#038;ssl=1\" alt=\"\" width=\"800\" height=\"445\" srcset=\"https:\/\/i0.wp.com\/cdnoticias.com\/wp-content\/uploads\/2023\/10\/nota-juventud-galli-05.jpg?w=800&amp;ssl=1 800w, https:\/\/i0.wp.com\/cdnoticias.com\/wp-content\/uploads\/2023\/10\/nota-juventud-galli-05.jpg?resize=300%2C167&amp;ssl=1 300w, https:\/\/i0.wp.com\/cdnoticias.com\/wp-content\/uploads\/2023\/10\/nota-juventud-galli-05.jpg?resize=768%2C427&amp;ssl=1 768w\" sizes=\"auto, (max-width: 800px) 100vw, 800px\" \/><\/p>\n<p>&nbsp;<\/p>\n<p>Previo a la entrevista se realiz\u00f3 la reuni\u00f3n semanal de los j\u00f3venes.<strong> All\u00ed se enfatiz\u00f3 sobre la participaci\u00f3n en actividades solidarias y barriales. Hablaron de realizar festejos con ni\u00f1os, ayudar en merenderos y pintar escuelas y plazas.<\/strong><\/p>\n<p>&nbsp;<\/p>\n<p><em>\u201cLos m\u00e1s chicos se suman mucho por esas actividades, y no solamente por pol\u00edtica. Yo digo que igual ese bichito pol\u00edtico lo tienen\u201d<\/em> destac\u00f3 Marcelino. Tambi\u00e9n coment\u00f3 que <em>\u201cse suman porque quieren mejorar desde la plaza de su barrio hasta ayudar en un merendero. Ac\u00e1 vienen y proponen todos, y entre todos vamos debatiendo que es lo que podemos hacer\u201d.<\/em><\/p>\n<p>&nbsp;<\/p>\n<p>A pesar de expresar que <em>\u201cla Casa est\u00e1 abierta todo el d\u00eda para el que quiera venir\u201d <\/em>reconocieron que <em>\u201cnuestro espacio pol\u00edtico no es hoy el que atrae m\u00e1s j\u00f3venes. Lo nuestro es \u00b4se sale trabajando, hay que laburar mucho\u00b4 y competimos con viajes de egresados gratis, bandas de rock gratis y un mont\u00f3n de cosas que hacen otros partidos para poder atraer j\u00f3venes\u201d. <\/em><strong>Ante la pregunta, coment\u00f3 que el \u00faltimo recital al que asisti\u00f3 fue al de La Vela Puerca en el Teatro Municipal.<\/strong><\/p>\n<p>&nbsp;<\/p>\n<p>Tambi\u00e9n opinaron sobre la participaci\u00f3n en ascenso de los j\u00f3venes de Ahora Olavarr\u00eda. Dijeron que<strong><em> \u201clo que atrae ah\u00ed es Milei. Porque su idea es una idea revolucionaria y est\u00e1 bien que haya una parte de los j\u00f3venes que acompa\u00f1en esa revoluci\u00f3n\u201d<\/em>, pero que sea Celeste Arouxet la referente local <em>\u201ces un enga\u00f1o a los j\u00f3venes\u201d.<\/em><\/strong><\/p>\n<p>&nbsp;<\/p>\n<p><img data-recalc-dims=\"1\" loading=\"lazy\" decoding=\"async\" class=\"alignnone size-full wp-image-99381\" src=\"https:\/\/i0.wp.com\/cdnoticias.com\/wp-content\/uploads\/2023\/10\/nota-juventud-galli-03.jpg?resize=800%2C445&#038;ssl=1\" alt=\"\" width=\"800\" height=\"445\" srcset=\"https:\/\/i0.wp.com\/cdnoticias.com\/wp-content\/uploads\/2023\/10\/nota-juventud-galli-03.jpg?w=800&amp;ssl=1 800w, https:\/\/i0.wp.com\/cdnoticias.com\/wp-content\/uploads\/2023\/10\/nota-juventud-galli-03.jpg?resize=300%2C167&amp;ssl=1 300w, https:\/\/i0.wp.com\/cdnoticias.com\/wp-content\/uploads\/2023\/10\/nota-juventud-galli-03.jpg?resize=768%2C427&amp;ssl=1 768w\" sizes=\"auto, (max-width: 800px) 100vw, 800px\" \/><\/p>\n<p>&nbsp;<\/p>\n<p>Por \u00faltimo, manifestaron su perspectiva de la militancia por redes sociales. <strong>Si bien tienen una cuenta activa de Instagram (@jpro.olavarria), el l\u00edder del grupo se\u00f1al\u00f3 que \u201cmi militancia yo prefiero hacerla cara a cara, con la gente. Yo hago m\u00e1s pol\u00edtica en una previa con amigos que estando ac\u00e1 adentro\u201d.<\/strong><\/p>\n<p>&nbsp;<\/p>\n<p>Por su parte, Micaela agreg\u00f3 que<strong><em> \u201cno me parece algo negativo. Pero yo prefiero un Intendente que est\u00e1 en la puerta de la casa de un vecino. Y no haciendo un esc\u00e1ndalo en Tik Tok\u201d.<\/em><\/strong><\/p>\n<p>&nbsp;<\/p>\n<p>De cara al 22 de octubre, resaltaron que<strong><em> \u201cno comparto las ideas del gobierno nacional. La \u00fanica forma de cambiar esto es involucr\u00e1ndonos. \u00bfY por qu\u00e9 Ezequiel? Es un gran l\u00edder y una muy buena persona. Escucha, es atento y tiene una forma de gestionar ejemplar en toda la provincia. Estamos en el camino correcto\u201d.<\/em><\/strong><\/p>\n<p>&nbsp;<\/p>\n<p><strong>La charla finaliz\u00f3 con la reflexi\u00f3n de los j\u00f3venes sobre el espacio de militancia,<\/strong> un lugar \u201cque me abri\u00f3 las puertas\u201d, \u201ccon mis mismos valores y los de mi familia\u201d resalt\u00f3 Micaela.<\/p>\n<p>&nbsp;<\/p>\n<p><strong><em>\u201cMis amigos me preguntaron a los 15 a\u00f1os \u00bfpor qu\u00e9 te pic\u00f3 el bichito de la pol\u00edtica?\u00a0 Y tengo la misma respuesta hoy siete a\u00f1os despu\u00e9s\u201d<\/em> <\/strong>cerr\u00f3 Marcelino.<\/p>\n<p>&nbsp;<\/p>\n","protected":false},"excerpt":{"rendered":"<p>El espacio del PRO en Olavarr\u00eda creci\u00f3 a la par de la carrera del Intendente Ezequiel Galli. A la vez,<\/p>\n","protected":false},"author":5,"featured_media":99378,"comment_status":"closed","ping_status":"closed","sticky":false,"template":"","format":"standard","meta":{"_jetpack_memberships_contains_paid_content":false,"footnotes":""},"categories":[4,1],"tags":[],"class_list":["post-99376","post","type-post","status-publish","format-standard","has-post-thumbnail","hentry","category-politica","category-portada"],"jetpack_featured_media_url":"https:\/\/i0.wp.com\/cdnoticias.com\/wp-content\/uploads\/2023\/10\/nota-juventud-galli-00.jpg?fit=800%2C445&ssl=1","jetpack_sharing_enabled":true,"_links":{"self":[{"href":"https:\/\/cdnoticias.com\/index.php\/wp-json\/wp\/v2\/posts\/99376","targetHints":{"allow":["GET"]}}],"collection":[{"href":"https:\/\/cdnoticias.com\/index.php\/wp-json\/wp\/v2\/posts"}],"about":[{"href":"https:\/\/cdnoticias.com\/index.php\/wp-json\/wp\/v2\/types\/post"}],"author":[{"embeddable":true,"href":"https:\/\/cdnoticias.com\/index.php\/wp-json\/wp\/v2\/users\/5"}],"replies":[{"embeddable":true,"href":"https:\/\/cdnoticias.com\/index.php\/wp-json\/wp\/v2\/comments?post=99376"}],"version-history":[{"count":0,"href":"https:\/\/cdnoticias.com\/index.php\/wp-json\/wp\/v2\/posts\/99376\/revisions"}],"wp:featuredmedia":[{"embeddable":true,"href":"https:\/\/cdnoticias.com\/index.php\/wp-json\/wp\/v2\/media\/99378"}],"wp:attachment":[{"href":"https:\/\/cdnoticias.com\/index.php\/wp-json\/wp\/v2\/media?parent=99376"}],"wp:term":[{"taxonomy":"category","embeddable":true,"href":"https:\/\/cdnoticias.com\/index.php\/wp-json\/wp\/v2\/categories?post=99376"},{"taxonomy":"post_tag","embeddable":true,"href":"https:\/\/cdnoticias.com\/index.php\/wp-json\/wp\/v2\/tags?post=99376"}],"curies":[{"name":"wp","href":"https:\/\/api.w.org\/{rel}","templated":true}]}}