{"id":9935,"date":"2020-12-25T19:13:38","date_gmt":"2020-12-25T22:13:38","guid":{"rendered":"http:\/\/www.centraldenoticias.com.ar\/?p=9935"},"modified":"2020-12-25T19:54:06","modified_gmt":"2020-12-25T22:54:06","slug":"nueva-alarma-en-la-madrid-dos-personas-fallecidas-por-covid","status":"publish","type":"post","link":"https:\/\/cdnoticias.com\/index.php\/2020\/12\/25\/nueva-alarma-en-la-madrid-dos-personas-fallecidas-por-covid\/","title":{"rendered":"Nueva alarma en La Madrid: dos personas fallecidas por COVID"},"content":{"rendered":"<p>Fue en el lapso de menos de 24 horas, durante este jueves. La tercera v\u00edctima era madre de la enfermera fallecida en primera instancia, v\u00edctima tambi\u00e9n del virus.<!--more--><\/p>\n<hr \/>\n<p><strong>Dos mujeres fallecieron por COVID<\/strong> en la vecina ciudad de<strong> La Madrid<\/strong>, seg\u00fan lo informado por autoridades sanitarias y medios del lugar. El dato triste es que<strong> la tercera v\u00edctima fatal era madre de la <a href=\"https:\/\/cdnoticias.com\/index.php\/2020\/12\/12\/la-madrid-tres-dias-de-duelo-por-el-fallecimiento-de-una-enfermera-con-covid-19\/?fbclid=IwAR3bLGf4904zSgQT4vO1-bdzd6R7Bf5vnLf43Sj4IA864Dqhml2WZ7-oyx4\" target=\"_blank\" rel=\"noopener\">primera mujer fallecida por el contagio del virus, una enfermera.<\/a><\/strong><\/p>\n<p>&nbsp;<\/p>\n<blockquote><p>Seg\u00fan se logr\u00f3 saber, las mujeres, de 94 y 84 a\u00f1os, estaban internadas desde hac\u00eda varios d\u00edas en la sala de cuidados intensivos del Hospital \u201cDr. Mariano Etchegaray\u201d de la localidad de La Madrid.<\/p><\/blockquote>\n<p>&nbsp;<\/p>\n<p><strong>El mes de diciembre fue el m\u00e1s complejo en materia sanitaria para la localidad<\/strong>: adem\u00e1s de un pico de contagios (se triplicaron los casos), actualmente tienen <strong>49 positivos activos.<\/strong> Las tres mujeres fallecidas, en tanto, sucedieron tambi\u00e9n en el lapso de los \u00faltimos 20 d\u00edas.<\/p>\n<p>&nbsp;<\/p>\n<p><strong>La segunda mujer falleci\u00f3 en horas del mediod\u00eda, y la tercera pasadas las 22 horas de este jueves<\/strong>, en las v\u00edsperas de Navidad.<\/p>\n<p>&nbsp;<\/p>\n<p><em>Informaci\u00f3n: Gentileza InfoGL<\/em><\/p>\n","protected":false},"excerpt":{"rendered":"<p>Fue en el lapso de menos de 24 horas, durante este jueves. La tercera v\u00edctima era madre de la enfermera<\/p>\n","protected":false},"author":2,"featured_media":9936,"comment_status":"closed","ping_status":"closed","sticky":false,"template":"","format":"standard","meta":{"_jetpack_memberships_contains_paid_content":false,"footnotes":""},"categories":[6,1],"tags":[],"class_list":["post-9935","post","type-post","status-publish","format-standard","has-post-thumbnail","hentry","category-nacionales","category-portada"],"jetpack_featured_media_url":"https:\/\/i0.wp.com\/cdnoticias.com\/wp-content\/uploads\/2020\/12\/132781864_2755248374726781_1114084174273654314_n.png?fit=720%2C480&ssl=1","jetpack_sharing_enabled":true,"_links":{"self":[{"href":"https:\/\/cdnoticias.com\/index.php\/wp-json\/wp\/v2\/posts\/9935","targetHints":{"allow":["GET"]}}],"collection":[{"href":"https:\/\/cdnoticias.com\/index.php\/wp-json\/wp\/v2\/posts"}],"about":[{"href":"https:\/\/cdnoticias.com\/index.php\/wp-json\/wp\/v2\/types\/post"}],"author":[{"embeddable":true,"href":"https:\/\/cdnoticias.com\/index.php\/wp-json\/wp\/v2\/users\/2"}],"replies":[{"embeddable":true,"href":"https:\/\/cdnoticias.com\/index.php\/wp-json\/wp\/v2\/comments?post=9935"}],"version-history":[{"count":0,"href":"https:\/\/cdnoticias.com\/index.php\/wp-json\/wp\/v2\/posts\/9935\/revisions"}],"wp:featuredmedia":[{"embeddable":true,"href":"https:\/\/cdnoticias.com\/index.php\/wp-json\/wp\/v2\/media\/9936"}],"wp:attachment":[{"href":"https:\/\/cdnoticias.com\/index.php\/wp-json\/wp\/v2\/media?parent=9935"}],"wp:term":[{"taxonomy":"category","embeddable":true,"href":"https:\/\/cdnoticias.com\/index.php\/wp-json\/wp\/v2\/categories?post=9935"},{"taxonomy":"post_tag","embeddable":true,"href":"https:\/\/cdnoticias.com\/index.php\/wp-json\/wp\/v2\/tags?post=9935"}],"curies":[{"name":"wp","href":"https:\/\/api.w.org\/{rel}","templated":true}]}}