{"id":99349,"date":"2023-10-17T19:55:23","date_gmt":"2023-10-17T22:55:23","guid":{"rendered":"https:\/\/www.centraldenoticias.com.ar\/?p=99349"},"modified":"2023-10-17T19:55:24","modified_gmt":"2023-10-17T22:55:24","slug":"eduardo-rodriguez-olavarria-tendra-un-rol-protagonico-en-el-proyecto-de-pais-de-sergio-massa","status":"publish","type":"post","link":"https:\/\/cdnoticias.com\/index.php\/2023\/10\/17\/eduardo-rodriguez-olavarria-tendra-un-rol-protagonico-en-el-proyecto-de-pais-de-sergio-massa\/","title":{"rendered":"Eduardo Rodr\u00edguez: \u201cOlavarr\u00eda tendr\u00e1 un rol protag\u00f3nico en el proyecto de pa\u00eds de Sergio Massa\u201d"},"content":{"rendered":"<p>As\u00ed lo afirm\u00f3 el referente del Foro Olavarr\u00eda &#8211; Frente Renovador a d\u00edas de las elecciones generales del 22 de octubre.<!--more--><\/p>\n<hr \/>\n<p><strong>Eduardo Rodr\u00edguez,<\/strong> referente del <strong>Foro Olavarr\u00eda<\/strong> &#8211; Frente Renovador en Uni\u00f3n por la Patria, afirm\u00f3 que <strong>\u201c<em>Olavarr\u00eda tendr\u00e1 un rol protag\u00f3nico en el proyecto de pa\u00eds de Sergio Massa\u201d.<\/em><\/strong><\/p>\n<blockquote><p>\u201cNuestra industria, nuestro campo, nuestro comercio, nuestra educaci\u00f3n p\u00fablica, nuestros investigadores, nuestros trabajadores y trabajadoras ser\u00e1n pilares para construir una Argentina con desarrollo\u201d, indic\u00f3 Eduardo Rodr\u00edguez.<\/p><\/blockquote>\n<p><img data-recalc-dims=\"1\" loading=\"lazy\" decoding=\"async\" class=\"aligncenter wp-image-99351 size-full\" src=\"https:\/\/i0.wp.com\/cdnoticias.com\/wp-content\/uploads\/2023\/10\/SARACHU-RODRIGUEZ-MASSA.jpg?resize=800%2C500&#038;ssl=1\" alt=\"\" width=\"800\" height=\"500\" srcset=\"https:\/\/i0.wp.com\/cdnoticias.com\/wp-content\/uploads\/2023\/10\/SARACHU-RODRIGUEZ-MASSA.jpg?w=800&amp;ssl=1 800w, https:\/\/i0.wp.com\/cdnoticias.com\/wp-content\/uploads\/2023\/10\/SARACHU-RODRIGUEZ-MASSA.jpg?resize=300%2C188&amp;ssl=1 300w, https:\/\/i0.wp.com\/cdnoticias.com\/wp-content\/uploads\/2023\/10\/SARACHU-RODRIGUEZ-MASSA.jpg?resize=768%2C480&amp;ssl=1 768w\" sizes=\"auto, (max-width: 800px) 100vw, 800px\" \/><\/p>\n<p>En la misma l\u00ednea, Sergio Massa, candidato a Presidente por Uni\u00f3n por la Patria, expres\u00f3 este lunes en un acto de cierre de campa\u00f1a en San Luis, que &#8220;vamos a construir una Patria segura, con educaci\u00f3n, con trabajo, con producci\u00f3n y federalismo&#8221;.<\/p>\n","protected":false},"excerpt":{"rendered":"<p>As\u00ed lo afirm\u00f3 el referente del Foro Olavarr\u00eda &#8211; Frente Renovador a d\u00edas de las elecciones generales del 22 de<\/p>\n","protected":false},"author":6,"featured_media":99350,"comment_status":"closed","ping_status":"closed","sticky":false,"template":"","format":"standard","meta":{"_jetpack_memberships_contains_paid_content":false,"footnotes":""},"categories":[4],"tags":[],"class_list":["post-99349","post","type-post","status-publish","format-standard","has-post-thumbnail","hentry","category-politica"],"jetpack_featured_media_url":"https:\/\/i0.wp.com\/cdnoticias.com\/wp-content\/uploads\/2023\/10\/ER-STM.jpg?fit=800%2C500&ssl=1","jetpack_sharing_enabled":true,"_links":{"self":[{"href":"https:\/\/cdnoticias.com\/index.php\/wp-json\/wp\/v2\/posts\/99349","targetHints":{"allow":["GET"]}}],"collection":[{"href":"https:\/\/cdnoticias.com\/index.php\/wp-json\/wp\/v2\/posts"}],"about":[{"href":"https:\/\/cdnoticias.com\/index.php\/wp-json\/wp\/v2\/types\/post"}],"author":[{"embeddable":true,"href":"https:\/\/cdnoticias.com\/index.php\/wp-json\/wp\/v2\/users\/6"}],"replies":[{"embeddable":true,"href":"https:\/\/cdnoticias.com\/index.php\/wp-json\/wp\/v2\/comments?post=99349"}],"version-history":[{"count":0,"href":"https:\/\/cdnoticias.com\/index.php\/wp-json\/wp\/v2\/posts\/99349\/revisions"}],"wp:featuredmedia":[{"embeddable":true,"href":"https:\/\/cdnoticias.com\/index.php\/wp-json\/wp\/v2\/media\/99350"}],"wp:attachment":[{"href":"https:\/\/cdnoticias.com\/index.php\/wp-json\/wp\/v2\/media?parent=99349"}],"wp:term":[{"taxonomy":"category","embeddable":true,"href":"https:\/\/cdnoticias.com\/index.php\/wp-json\/wp\/v2\/categories?post=99349"},{"taxonomy":"post_tag","embeddable":true,"href":"https:\/\/cdnoticias.com\/index.php\/wp-json\/wp\/v2\/tags?post=99349"}],"curies":[{"name":"wp","href":"https:\/\/api.w.org\/{rel}","templated":true}]}}