{"id":99331,"date":"2023-10-17T17:10:16","date_gmt":"2023-10-17T20:10:16","guid":{"rendered":"https:\/\/www.centraldenoticias.com.ar\/?p=99331"},"modified":"2023-10-17T17:10:17","modified_gmt":"2023-10-17T20:10:17","slug":"sierras-bayas-cumple-144-anos-el-viernes-se-hara-el-acto-oficial","status":"publish","type":"post","link":"https:\/\/cdnoticias.com\/index.php\/2023\/10\/17\/sierras-bayas-cumple-144-anos-el-viernes-se-hara-el-acto-oficial\/","title":{"rendered":"Sierras Bayas cumple 144 a\u00f1os: el viernes se har\u00e1 el acto oficial"},"content":{"rendered":"<p>Tendr\u00e1 lugar desde las 15 horas en el Paseo del M\u00e1stil. Estar\u00e1n autoridades municipales, educativas y de instituciones, as\u00ed como entidades representativas y vecinos de la comunidad.<\/p>\n<p><!--more--><\/p>\n<hr \/>\n<p><strong>Sierras Bayas fue fundada en 1879<\/strong> como un enclave para la explotaci\u00f3n de la miner\u00eda en las laderas de las bajas sierras del Sistema de Tandilla y <strong>tom\u00f3 su nombre del color amarillento de la piedra que all\u00ed abunda, la dolomita.<\/strong><\/p>\n<p>&nbsp;<\/p>\n<p><strong>Este viernes 20 de octubre se celebrar\u00e1 su 144\u00ba aniversario<\/strong> con un Acto Protocolar que se llevar\u00e1 a cabo<strong> a partir de las 15 horas, en el Paseo de M\u00e1stil<\/strong>, uno de los lugares m\u00e1s representativos de la localidad.<\/p>\n<p>&nbsp;<\/p>\n<p>Dicha ceremonia contar\u00e1 con la<em> participaci\u00f3n de autoridades municipales, educativas y de instituciones y entidades representativas y vecinos de la comunidad en general.<\/em><\/p>\n<p>&nbsp;<\/p>\n<p>Desde mediados del siglo XX qued\u00f3 convertida en un<strong> centro de producci\u00f3n de cemento.<\/strong><\/p>\n<p>&nbsp;<\/p>\n<p>En Sierras Bayas se puede caminar por onduladas callejuelas, visitar antiguas f\u00e1bricas de cal, hacer trekking por los senderos serranos, disfrutar de hermosas vistas desde lo alto de sus miradores, deslumbrarse con los lagos de cantera y adquirir t\u00edpicas artesan\u00edas y dulces regionales.<\/p>\n<p>&nbsp;<\/p>\n<p>Sierras Bayas es un lugar que cotidianamente permite descubrir la belleza y el encanto de una zona, donde la magia, la aventura, la historia y lo desconocido, se unen.<\/p>\n<p>&nbsp;<\/p>\n","protected":false},"excerpt":{"rendered":"<p>Tendr\u00e1 lugar desde las 15 horas en el Paseo del M\u00e1stil. Estar\u00e1n autoridades municipales, educativas y de instituciones, as\u00ed como<\/p>\n","protected":false},"author":4,"featured_media":43207,"comment_status":"closed","ping_status":"closed","sticky":false,"template":"","format":"standard","meta":{"_jetpack_memberships_contains_paid_content":false,"footnotes":""},"categories":[5,1],"tags":[],"class_list":["post-99331","post","type-post","status-publish","format-standard","has-post-thumbnail","hentry","category-informacion-general","category-portada"],"jetpack_featured_media_url":"https:\/\/i0.wp.com\/cdnoticias.com\/wp-content\/uploads\/2022\/01\/humo-sierras-bayas.jpg?fit=1440%2C801&ssl=1","jetpack_sharing_enabled":true,"_links":{"self":[{"href":"https:\/\/cdnoticias.com\/index.php\/wp-json\/wp\/v2\/posts\/99331","targetHints":{"allow":["GET"]}}],"collection":[{"href":"https:\/\/cdnoticias.com\/index.php\/wp-json\/wp\/v2\/posts"}],"about":[{"href":"https:\/\/cdnoticias.com\/index.php\/wp-json\/wp\/v2\/types\/post"}],"author":[{"embeddable":true,"href":"https:\/\/cdnoticias.com\/index.php\/wp-json\/wp\/v2\/users\/4"}],"replies":[{"embeddable":true,"href":"https:\/\/cdnoticias.com\/index.php\/wp-json\/wp\/v2\/comments?post=99331"}],"version-history":[{"count":0,"href":"https:\/\/cdnoticias.com\/index.php\/wp-json\/wp\/v2\/posts\/99331\/revisions"}],"wp:featuredmedia":[{"embeddable":true,"href":"https:\/\/cdnoticias.com\/index.php\/wp-json\/wp\/v2\/media\/43207"}],"wp:attachment":[{"href":"https:\/\/cdnoticias.com\/index.php\/wp-json\/wp\/v2\/media?parent=99331"}],"wp:term":[{"taxonomy":"category","embeddable":true,"href":"https:\/\/cdnoticias.com\/index.php\/wp-json\/wp\/v2\/categories?post=99331"},{"taxonomy":"post_tag","embeddable":true,"href":"https:\/\/cdnoticias.com\/index.php\/wp-json\/wp\/v2\/tags?post=99331"}],"curies":[{"name":"wp","href":"https:\/\/api.w.org\/{rel}","templated":true}]}}