{"id":99322,"date":"2023-10-17T11:06:54","date_gmt":"2023-10-17T14:06:54","guid":{"rendered":"https:\/\/www.centraldenoticias.com.ar\/?p=99322"},"modified":"2023-10-17T19:35:19","modified_gmt":"2023-10-17T22:35:19","slug":"mestralet-la-mejor-imagen-que-podemos-tener-es-un-pueblo-no-vencido","status":"publish","type":"post","link":"https:\/\/cdnoticias.com\/index.php\/2023\/10\/17\/mestralet-la-mejor-imagen-que-podemos-tener-es-un-pueblo-no-vencido\/","title":{"rendered":"Mestralet: \u201cla mejor imagen que podemos tener es un pueblo no vencido\u201d"},"content":{"rendered":"<p>El candidato del Frente de Izquierda Unidad repas\u00f3 las principales propuestas del espacio. \u00bfQu\u00e9 imagen proyecta para el 10 de diciembre?<!--more--><\/p>\n<hr \/>\n<p>A pocos d\u00edas de las elecciones generales, el<strong> candidato del Frente de Izquierda Unidad, Agust\u00edn Mestralt,<\/strong> habl\u00f3 de cara a las elecciones generales. Resalt\u00f3 la importancia de defender el voto al espacio, present\u00f3 propuestas concretas e imagin\u00f3 un pueblo \u201cno de rodillas\u201d el pr\u00f3ximo 10 de diciembre.<\/p>\n<p><strong>\u00bfC\u00f3mo ves la situaci\u00f3n de los barrios en este contexto de crisis?<\/strong><\/p>\n<p>Es una situaci\u00f3n cada vez m\u00e1s desesperante. El ajuste en asistencia social no solo en lo local sino tambi\u00e9n por parte de Naci\u00f3n que, si bien ha enviado mercader\u00eda a los comedores y merenderos populares, son 6 productos los \u00faltimos que mandaron y en cantidades que no alcanzan a satisfacer toda la necesidad que hay. La situaci\u00f3n se recrudeci\u00f3 much\u00edsimo con la \u00faltima disparada del d\u00f3lar, los aumentos que son costumbre y lo dif\u00edcil que est\u00e1 sobrevivir el d\u00eda a d\u00eda.<\/p>\n<p>Y el reclamo al Municipio est\u00e1 pendiente porque no ha dado ninguna respuesta. Tuve la oportunidad de marc\u00e1rselo a Galli en el debate y de decir que mientras se robaban los vales alimentarios y las tarjetas Cabal en Desarrollo Social no se entregaba un solo kilo de mercader\u00eda a nadie que no sea de su tropa, ninguno que no estuviera alineado.<\/p>\n<p>Nos pas\u00f3 la semana pasada con (Guillermina) Amespil. Esper\u00e1bamos alg\u00fan cambio, aunque sea cosm\u00e9tico, y lo \u00fanico que recibimos fue una caja de 10 kilos de leche en polvo para cada merendero, que dura una semana y con suerte se estira dos, y unos paquetes de galletitas.<\/p>\n<p><img data-recalc-dims=\"1\" loading=\"lazy\" decoding=\"async\" class=\"aligncenter size-full wp-image-99309\" src=\"https:\/\/i0.wp.com\/cdnoticias.com\/wp-content\/uploads\/2023\/10\/mestralet-agustin-02.jpg?resize=800%2C445&#038;ssl=1\" alt=\"\" width=\"800\" height=\"445\" srcset=\"https:\/\/i0.wp.com\/cdnoticias.com\/wp-content\/uploads\/2023\/10\/mestralet-agustin-02.jpg?w=800&amp;ssl=1 800w, https:\/\/i0.wp.com\/cdnoticias.com\/wp-content\/uploads\/2023\/10\/mestralet-agustin-02.jpg?resize=300%2C167&amp;ssl=1 300w, https:\/\/i0.wp.com\/cdnoticias.com\/wp-content\/uploads\/2023\/10\/mestralet-agustin-02.jpg?resize=768%2C427&amp;ssl=1 768w\" sizes=\"auto, (max-width: 800px) 100vw, 800px\" \/><br \/>\n&nbsp;<br \/>\n<strong>\u00bfCu\u00e1l ser\u00eda la primera acci\u00f3n que tomar\u00edas si lleg\u00e1s a la intendencia?<\/strong><\/p>\n<p>El d\u00e9ficit del gobierno municipal est\u00e1 conectado con el mal uso y el mal manejo de los recursos p\u00fablicos porque adem\u00e1s entre medio tenemos esc\u00e1ndalos de corrupci\u00f3n, es decir los fondos p\u00fablicos estaban, los recursos est\u00e1n, alguien se los robaba y no iba a quienes los necesitaban. Queremos hacer una auditor\u00eda en el \u00e1rea de Desarrollo Social absolutamente p\u00fablica y a la par duplicar\u00edamos el monto de la asistencia de la tarjeta Cabal. Analizar el estado de situaci\u00f3n real y obviamente toda la mercader\u00eda y asistencia que se pueda brindar a los comedores y merenderos otorgarla inmediatamente.<br \/>\n&nbsp;<br \/>\n<strong>\u00bfPor qu\u00e9 deber\u00eda aumentarse el Impuesto a la Piedra?<\/strong><\/p>\n<p>Hemos sido desde la Izquierda los m\u00e1s coherentes en defender que el hist\u00f3rico 4% del Impuesto a la Piedra ten\u00eda que devolverse. Las cementeras nunca han perdido, nunca se cerr\u00f3 una f\u00e1brica ni una cantera por el Impuesto. Bueno, la ciudad de Olavarr\u00eda hoy est\u00e1 atravesando incluso un d\u00e9ficit, es decir, es necesario ese recurso.<\/p>\n<p>Me sorprende particularmente desde el peronismo, desde Wesner, que \u00e9l eludi\u00f3 ya desde la campa\u00f1a de 2021 cuando era concejal, relativiz\u00f3 la conveniencia de aumentar el Impuesto y se focaliz\u00f3, como tambi\u00e9n lo hace Celeste Arouxet, en controlar mejor a las empresas. Lo cual nosotros tambi\u00e9n defendemos, lo har\u00edamos a trav\u00e9s de comisiones obreras y de vecinos de las localidades electas para eso, para no dar pie a ning\u00fan tipo de avivada de las empresas con respecto al uso de un recurso que es finito.<br \/>\n&nbsp;<br \/>\n<strong>\u00bfA d\u00f3nde deber\u00eda dirigirse?<\/strong><\/p>\n<p>Planteamos que un 25% cuanto menos tiene que destinarse a inversi\u00f3n en las localidades y una inversi\u00f3n que en funci\u00f3n de las demandas m\u00e1s inmediatas que tienen los vecinos. Por eso se\u00f1alamos la idea de un presupuesto participativo, qu\u00e9 mejor que los vecinos de las localidades puedan discutir las prioridades del presupuesto e incluso proponer proyectos.<\/p>\n<blockquote class=\"instagram-media\" style=\"background: #FFF; border: 0; border-radius: 3px; box-shadow: 0 0 1px 0 rgba(0,0,0,0.5),0 1px 10px 0 rgba(0,0,0,0.15); margin: 1px; max-width: 540px; min-width: 326px; padding: 0; width: calc(100% - 2px);\" data-instgrm-captioned=\"\" data-instgrm-permalink=\"https:\/\/www.instagram.com\/reel\/CygKSi9I5Me\/?utm_source=ig_embed&amp;utm_campaign=loading\" data-instgrm-version=\"14\">\n<div style=\"padding: 16px;\">\n<div style=\"display: flex; flex-direction: row; align-items: center;\">\n<div style=\"background-color: #f4f4f4; border-radius: 50%; flex-grow: 0; height: 40px; margin-right: 14px; width: 40px;\"><\/div>\n<div style=\"display: flex; flex-direction: column; flex-grow: 1; justify-content: center;\">\n<div style=\"background-color: #f4f4f4; border-radius: 4px; flex-grow: 0; height: 14px; margin-bottom: 6px; width: 100px;\"><\/div>\n<div style=\"background-color: #f4f4f4; border-radius: 4px; flex-grow: 0; height: 14px; width: 60px;\"><\/div>\n<\/div>\n<\/div>\n<div style=\"padding: 19% 0;\"><\/div>\n<div style=\"display: block; height: 50px; margin: 0 auto 12px; width: 50px;\"><\/div>\n<div style=\"padding-top: 8px;\">\n<div style=\"color: #3897f0; font-family: Arial,sans-serif; font-size: 14px; font-style: normal; font-weight: 550; line-height: 18px;\">Ver esta publicaci\u00f3n en Instagram<\/div>\n<\/div>\n<div style=\"padding: 12.5% 0;\"><\/div>\n<div style=\"display: flex; flex-direction: row; margin-bottom: 14px; align-items: center;\">\n<div>\n<div style=\"background-color: #f4f4f4; border-radius: 50%; height: 12.5px; width: 12.5px; transform: translateX(0px) translateY(7px);\"><\/div>\n<div style=\"background-color: #f4f4f4; height: 12.5px; transform: rotate(-45deg) translateX(3px) translateY(1px); width: 12.5px; flex-grow: 0; margin-right: 14px; margin-left: 2px;\"><\/div>\n<div style=\"background-color: #f4f4f4; border-radius: 50%; height: 12.5px; width: 12.5px; transform: translateX(9px) translateY(-18px);\"><\/div>\n<\/div>\n<div style=\"margin-left: 8px;\">\n<div style=\"background-color: #f4f4f4; border-radius: 50%; flex-grow: 0; height: 20px; width: 20px;\"><\/div>\n<div style=\"width: 0; height: 0; border-top: 2px solid transparent; border-left: 6px solid #f4f4f4; border-bottom: 2px solid transparent; transform: translateX(16px) translateY(-4px) rotate(30deg);\"><\/div>\n<\/div>\n<div style=\"margin-left: auto;\">\n<div style=\"width: 0px; border-top: 8px solid #F4F4F4; border-right: 8px solid transparent; transform: translateY(16px);\"><\/div>\n<div style=\"background-color: #f4f4f4; flex-grow: 0; height: 12px; width: 16px; transform: translateY(-4px);\"><\/div>\n<div style=\"width: 0; height: 0; border-top: 8px solid #F4F4F4; border-left: 8px solid transparent; transform: translateY(-4px) translateX(8px);\"><\/div>\n<\/div>\n<\/div>\n<div style=\"display: flex; flex-direction: column; flex-grow: 1; justify-content: center; margin-bottom: 24px;\">\n<div style=\"background-color: #f4f4f4; border-radius: 4px; flex-grow: 0; height: 14px; margin-bottom: 6px; width: 224px;\"><\/div>\n<div style=\"background-color: #f4f4f4; border-radius: 4px; flex-grow: 0; height: 14px; width: 144px;\"><\/div>\n<\/div>\n<p style=\"color: #c9c8cd; font-family: Arial,sans-serif; font-size: 14px; line-height: 17px; margin-bottom: 0; margin-top: 8px; overflow: hidden; padding: 8px 0 7px; text-align: center; text-overflow: ellipsis; white-space: nowrap;\"><a style=\"color: #c9c8cd; font-family: Arial,sans-serif; font-size: 14px; font-style: normal; font-weight: normal; line-height: 17px; text-decoration: none;\" href=\"https:\/\/www.instagram.com\/reel\/CygKSi9I5Me\/?utm_source=ig_embed&amp;utm_campaign=loading\" target=\"_blank\" rel=\"noopener\">Una publicaci\u00f3n compartida de Central de Noticias Olavarr\u00eda (@cdnolavarria)<\/a><\/p>\n<\/div>\n<\/blockquote>\n<p><script async src=\"\/\/www.instagram.com\/embed.js\"><\/script><br \/>\n&nbsp;<br \/>\n<strong>\u00bfCre\u00e9s que la dirigencia no responde a las nuevas problem\u00e1ticas?<\/strong><\/p>\n<p>S\u00ed, claramente. Nosotros decimos que en muchos casos es intencional la falta de respuesta, la cuesti\u00f3n alimentaria es un ejemplo, pero tambi\u00e9n la cuesti\u00f3n habitacional. Es decir, cu\u00e1nto tiempo tuvo que pasar hasta que hubiera manifestaciones de lucha, de cansancio de la sociedad y que hubiera un acampe en una plaza, vecinos que todo el tiempo se quejan del alquiler y de la imposibilidad de seguir sosteniendo alquileres, ocupaciones de terreno bald\u00edos o municipales, todo esto son emergentes de algo que no se atendi\u00f3 debidamente porque el desarrollo urbano no se organiz\u00f3, no s\u00e9 posibilit\u00f3 desde el Estado municipal.<\/p>\n<p>Despu\u00e9s lo ten\u00e9s a (Ezequiel) Galli diciendo que es el gobierno municipal el \u00fanico que puede determinar hacia d\u00f3nde crece la ciudad, pero no hicieron realmente ning\u00fan tipo de programa de loteo municipales, habiendo terrenos ocioso y fiscales sobre todo para que m\u00e1s vecinos y vecinas puedan acceder un lote barato o de forma gratuita, como est\u00e1 pasando ahora con los 114 lotes que son una respuesta s\u00faper tard\u00eda.<\/p>\n<p>Tambi\u00e9n plantear\u00edamos una tasa especial para la vivienda ociosa, obviamente atendiendo a que no es lo mismo una persona que transitoriamente no est\u00e1 alquilando un departamento pero que lo va a tener que alquilar porque es parte del ingreso que necesita para vivir a una agencia de inmobiliaria que tiene 5, 10 o m\u00e1s viviendas esperando simplemente porque es un ahorro en ladrillo y no una inversi\u00f3n para generar un alquiler que se ponga en movimiento para fines rent\u00edsticos.<br \/>\n&nbsp;<br \/>\n<strong>En otras oportunidades mencionaste el derecho al ocio \u00bfde qu\u00e9 forma estar\u00eda presente?<\/strong><\/p>\n<p>Hay que defenderlo para todas las generaciones. Insisto en recuperar un balneario municipal que Olavarr\u00eda tuvo, que despu\u00e9s se clausur\u00f3 y que incluso otras experiencias de ciudades cercanas como Azul o Tapalqu\u00e9 hoy por hoy tienen vigente y son realmente fant\u00e1sticas. Son gratuitas y est\u00e1n disponible para el encuentro entre vecinos y vecinas.<\/p>\n<p>Lo reivindicamos en tanto derecho de la clase trabajadora, es decir, la clase trabajadora no tiene que existir solo para trabajar, para ganar el pan con tanto esfuerzo como nos cuesta hoy por hoy, tambi\u00e9n tiene que haber un espacio para la recreaci\u00f3n, para el esparcimiento cultural, insistimos mucho en que en Olavarr\u00eda hay muchas expresiones y artistas y trabajadores de la culturan que no tienen sus lugares y apuntamos tambi\u00e9n a eso, a que haya espacios en los barrios y las localidades, promovidos y reconocidos debidamente por el Municipio.<\/p>\n<p><img data-recalc-dims=\"1\" loading=\"lazy\" decoding=\"async\" class=\"aligncenter size-full wp-image-99311\" src=\"https:\/\/i0.wp.com\/cdnoticias.com\/wp-content\/uploads\/2023\/10\/mestralet-agustin-04.jpg?resize=800%2C445&#038;ssl=1\" alt=\"\" width=\"800\" height=\"445\" srcset=\"https:\/\/i0.wp.com\/cdnoticias.com\/wp-content\/uploads\/2023\/10\/mestralet-agustin-04.jpg?w=800&amp;ssl=1 800w, https:\/\/i0.wp.com\/cdnoticias.com\/wp-content\/uploads\/2023\/10\/mestralet-agustin-04.jpg?resize=300%2C167&amp;ssl=1 300w, https:\/\/i0.wp.com\/cdnoticias.com\/wp-content\/uploads\/2023\/10\/mestralet-agustin-04.jpg?resize=768%2C427&amp;ssl=1 768w\" sizes=\"auto, (max-width: 800px) 100vw, 800px\" \/><br \/>\n&nbsp;<br \/>\n<strong>\u00bfSostendr\u00edan la Direcci\u00f3n de Pol\u00edticas de G\u00e9nero? \u00bfHar\u00edan cambios?<\/strong><\/p>\n<p>Se\u00f1alamos la necesidad de que haya entes aut\u00f3nomos de los gobiernos para atender fundamentalmente la cuesti\u00f3n de g\u00e9nero y de las violencias hacia las mujeres y disidencias. Lo digo yo, pero por medio de mis compa\u00f1eras del plenario de trabajadoras y de las distintas organizaciones feministas dentro del Frente de Izquierda.<\/p>\n<p>Se han vuelto -como ha pasado con el ministerio nacional y provincial de las Mujeres y ac\u00e1 con la DPG- cotos donde las funcionarias se convierten en un agente m\u00e1s del estado, incluso estatizando a muchas compa\u00f1eras que est\u00e1n del lado de la lucha feminista. Nos parece que la estatizaci\u00f3n no es lo que corresponde sino separar, autonomizar el funcionamiento con recursos, con presupuesto, de una direcci\u00f3n de Pol\u00edtica de G\u00e9nero como a nivel nacional nosotros insistimos un Consejo Nacional de Mujeres aut\u00f3nomo.<br \/>\n&nbsp;<br \/>\n<strong>\u00bfCu\u00e1l es el problema de estatizar?<\/strong><\/p>\n<p>Se termina coptando a un sector de las luchadoras para maquillar al Estado y que las cosas sigan funcionando m\u00e1s o menos igual. Tenemos experiencia como lo que ha pasado a nivel municipal donde cada a\u00f1o es peor en t\u00e9rminos de femicidios, femicidios vinculados y vemos que va creciendo la ola de violencia y las consecuencias est\u00e1n a la vista. \u00bfHa servido la estatizaci\u00f3n de parte del movimiento de mujeres a nivel nacional, provincial y local para combatir esto? Nosotros vemos que no. En parte es porque se someten al poder pol\u00edtico que tiene sus relaciones muy fuertes con las iglesias y con discursos muchas veces reaccionarios en relaci\u00f3n a los derechos de las mujeres y limitan su accionar. Y, por otro lado, est\u00e1 la cuesti\u00f3n de los presupuestos que no son suficientes.<\/p>\n<p><img data-recalc-dims=\"1\" loading=\"lazy\" decoding=\"async\" class=\"aligncenter size-full wp-image-99310\" src=\"https:\/\/i0.wp.com\/cdnoticias.com\/wp-content\/uploads\/2023\/10\/mestralet-agustin-03.jpg?resize=800%2C445&#038;ssl=1\" alt=\"\" width=\"800\" height=\"445\" srcset=\"https:\/\/i0.wp.com\/cdnoticias.com\/wp-content\/uploads\/2023\/10\/mestralet-agustin-03.jpg?w=800&amp;ssl=1 800w, https:\/\/i0.wp.com\/cdnoticias.com\/wp-content\/uploads\/2023\/10\/mestralet-agustin-03.jpg?resize=300%2C167&amp;ssl=1 300w, https:\/\/i0.wp.com\/cdnoticias.com\/wp-content\/uploads\/2023\/10\/mestralet-agustin-03.jpg?resize=768%2C427&amp;ssl=1 768w\" sizes=\"auto, (max-width: 800px) 100vw, 800px\" \/><br \/>\n&nbsp;<br \/>\n<strong>\u00bfQu\u00e9 dese\u00e1s que pase el 10 de diciembre?<\/strong><\/p>\n<p>Pretendo que haya habido una muy buena elecci\u00f3n de la Izquierda pero soy realista de que nos va a costar dar vuelta lo que dicen las encuestas, por m\u00e1s que llamamos a defender a fondo el voto al Frente de Izquierda.<\/p>\n<p>Creo que en la previa del 10 y el mismo 10 si llega a ascender Milei o un candidato derechista como Bullrich o incluso Massa que hoy est\u00e1 en el gobierno y que est\u00e1 haciendo el desastre que est\u00e1 haciendo, nosotros creemos que la mejor imagen que podemos tener es un pueblo no vencido, no de dolor rodillas o entregado ante las circunstancias. Me gustar\u00eda ver a los trabajadores pasando por encima de esas dirigencias traidoras y llevando a la calle los reclamos.<\/p>\n","protected":false},"excerpt":{"rendered":"<p>El candidato del Frente de Izquierda Unidad repas\u00f3 las principales propuestas del espacio. \u00bfQu\u00e9 imagen proyecta para el 10 de<\/p>\n","protected":false},"author":5,"featured_media":99308,"comment_status":"closed","ping_status":"closed","sticky":false,"template":"","format":"standard","meta":{"_jetpack_memberships_contains_paid_content":false,"footnotes":""},"categories":[4,1],"tags":[],"class_list":["post-99322","post","type-post","status-publish","format-standard","has-post-thumbnail","hentry","category-politica","category-portada"],"jetpack_featured_media_url":"https:\/\/i0.wp.com\/cdnoticias.com\/wp-content\/uploads\/2023\/10\/mestralet-agustin-01.jpg?fit=800%2C445&ssl=1","jetpack_sharing_enabled":true,"_links":{"self":[{"href":"https:\/\/cdnoticias.com\/index.php\/wp-json\/wp\/v2\/posts\/99322","targetHints":{"allow":["GET"]}}],"collection":[{"href":"https:\/\/cdnoticias.com\/index.php\/wp-json\/wp\/v2\/posts"}],"about":[{"href":"https:\/\/cdnoticias.com\/index.php\/wp-json\/wp\/v2\/types\/post"}],"author":[{"embeddable":true,"href":"https:\/\/cdnoticias.com\/index.php\/wp-json\/wp\/v2\/users\/5"}],"replies":[{"embeddable":true,"href":"https:\/\/cdnoticias.com\/index.php\/wp-json\/wp\/v2\/comments?post=99322"}],"version-history":[{"count":0,"href":"https:\/\/cdnoticias.com\/index.php\/wp-json\/wp\/v2\/posts\/99322\/revisions"}],"wp:featuredmedia":[{"embeddable":true,"href":"https:\/\/cdnoticias.com\/index.php\/wp-json\/wp\/v2\/media\/99308"}],"wp:attachment":[{"href":"https:\/\/cdnoticias.com\/index.php\/wp-json\/wp\/v2\/media?parent=99322"}],"wp:term":[{"taxonomy":"category","embeddable":true,"href":"https:\/\/cdnoticias.com\/index.php\/wp-json\/wp\/v2\/categories?post=99322"},{"taxonomy":"post_tag","embeddable":true,"href":"https:\/\/cdnoticias.com\/index.php\/wp-json\/wp\/v2\/tags?post=99322"}],"curies":[{"name":"wp","href":"https:\/\/api.w.org\/{rel}","templated":true}]}}