{"id":9930,"date":"2020-12-25T17:40:40","date_gmt":"2020-12-25T20:40:40","guid":{"rendered":"http:\/\/www.centraldenoticias.com.ar\/?p=9930"},"modified":"2020-12-25T19:15:20","modified_gmt":"2020-12-25T22:15:20","slug":"la-profunda-emocion-en-el-reconocimiento-del-hcd-al-musico-tito-catani","status":"publish","type":"post","link":"https:\/\/cdnoticias.com\/index.php\/2020\/12\/25\/la-profunda-emocion-en-el-reconocimiento-del-hcd-al-musico-tito-catani\/","title":{"rendered":"La profunda emoci\u00f3n en el reconocimiento del HCD al m\u00fasico \u201cTito\u201d Catani"},"content":{"rendered":"<p>Fue en la \u00faltima sesi\u00f3n del a\u00f1o el pasado lunes. \u201cLo comparto con todos los rockeros y bluseros\u201d dijo ante el p\u00fablico emocionado.<!--more--><\/p>\n<hr \/>\n<p><strong>Un pionero del rock.<\/strong> As\u00ed, \u201cTito\u201d Catani recibi\u00f3 su reconocimiento en el HCD de <em>\u201cHonor al m\u00e9rito ciudadano\u201d<\/em> el lunes pasado, al inicio de la \u00faltima sesi\u00f3n del a\u00f1o. Se lo entreg\u00f3 el presidente del cuerpo, Bruno Cenizo, y quien impuls\u00f3 la propuesta, Eduardo Rodr\u00edguez del Foro Olavarr\u00eda. <em><strong>\u201cTengo una alegr\u00eda que me sobrepasa\u201d<\/strong><\/em> dijo el artista en di\u00e1logo con los presentes.<\/p>\n<p>&nbsp;<\/p>\n<blockquote><p>Tras recibir el galard\u00f3n en manos de Cenizo y Rodr\u00edguez, Catani confirm\u00f3 que es el \u201cprimer m\u00fasico de rock que recibe un galard\u00f3n de este tipo\u201d. De fondo, sonaba uno de los tantos temas que toc\u00f3 en una larga trayectoria que tuvo, incluso, un show en \u201cArtistas a la gorra digital\u201d semanas atr\u00e1s.<\/p><\/blockquote>\n<p>&nbsp;<\/p>\n<p><em>\u201cQuiero compartir esto con todos los rockeros y bluseros\u201d<\/em> dijo, ya visiblemente emocionado. Todo se ahond\u00f3 con el recuerdo particular de la fecha: <strong><em>\u201choy coincide con el debut de mi primera banda, Perros en la lluvia\u201d.<\/em><\/strong><\/p>\n<p>&nbsp;<\/p>\n<p><img data-recalc-dims=\"1\" loading=\"lazy\" decoding=\"async\" class=\"alignnone size-full wp-image-9932\" src=\"https:\/\/i0.wp.com\/cdnoticias.com\/wp-content\/uploads\/2020\/12\/catani-homenaje2.jpg?resize=800%2C533&#038;ssl=1\" alt=\"\" width=\"800\" height=\"533\" srcset=\"https:\/\/i0.wp.com\/cdnoticias.com\/wp-content\/uploads\/2020\/12\/catani-homenaje2.jpg?w=4608&amp;ssl=1 4608w, https:\/\/i0.wp.com\/cdnoticias.com\/wp-content\/uploads\/2020\/12\/catani-homenaje2.jpg?resize=300%2C200&amp;ssl=1 300w, https:\/\/i0.wp.com\/cdnoticias.com\/wp-content\/uploads\/2020\/12\/catani-homenaje2.jpg?resize=768%2C512&amp;ssl=1 768w, https:\/\/i0.wp.com\/cdnoticias.com\/wp-content\/uploads\/2020\/12\/catani-homenaje2.jpg?resize=1024%2C683&amp;ssl=1 1024w, https:\/\/i0.wp.com\/cdnoticias.com\/wp-content\/uploads\/2020\/12\/catani-homenaje2.jpg?resize=272%2C182&amp;ssl=1 272w, https:\/\/i0.wp.com\/cdnoticias.com\/wp-content\/uploads\/2020\/12\/catani-homenaje2.jpg?w=1600&amp;ssl=1 1600w, https:\/\/i0.wp.com\/cdnoticias.com\/wp-content\/uploads\/2020\/12\/catani-homenaje2.jpg?w=2400&amp;ssl=1 2400w\" sizes=\"auto, (max-width: 800px) 100vw, 800px\" \/><\/p>\n<p>&nbsp;<\/p>\n<p>El \u201cHonor al m\u00e9rito ciudadano\u201d tambi\u00e9n fue <em>\u201cen memoria de Leti Catani\u201d<\/em> y se lo dedic\u00f3 a su hija <em>\u201cmi orgullo y mi alegr\u00eda\u201d.<\/em> Afuera, tras el reconocimiento, hubo varios que lo saludaron y <strong>hasta le pidieron una foto, incluso el dirigente radical Francisco Gonz\u00e1lez.<\/strong><\/p>\n<p>&nbsp;<\/p>\n<p><span style=\"text-decoration: underline;\"><strong>Su trayectoria<\/strong><\/span><\/p>\n<p>&nbsp;<\/p>\n<p><img data-recalc-dims=\"1\" loading=\"lazy\" decoding=\"async\" class=\"alignnone size-full wp-image-9933\" src=\"https:\/\/i0.wp.com\/cdnoticias.com\/wp-content\/uploads\/2020\/12\/catani-homenaje3.jpg?resize=800%2C533&#038;ssl=1\" alt=\"\" width=\"800\" height=\"533\" srcset=\"https:\/\/i0.wp.com\/cdnoticias.com\/wp-content\/uploads\/2020\/12\/catani-homenaje3.jpg?w=4608&amp;ssl=1 4608w, https:\/\/i0.wp.com\/cdnoticias.com\/wp-content\/uploads\/2020\/12\/catani-homenaje3.jpg?resize=300%2C200&amp;ssl=1 300w, https:\/\/i0.wp.com\/cdnoticias.com\/wp-content\/uploads\/2020\/12\/catani-homenaje3.jpg?resize=768%2C512&amp;ssl=1 768w, https:\/\/i0.wp.com\/cdnoticias.com\/wp-content\/uploads\/2020\/12\/catani-homenaje3.jpg?resize=1024%2C683&amp;ssl=1 1024w, https:\/\/i0.wp.com\/cdnoticias.com\/wp-content\/uploads\/2020\/12\/catani-homenaje3.jpg?resize=272%2C182&amp;ssl=1 272w, https:\/\/i0.wp.com\/cdnoticias.com\/wp-content\/uploads\/2020\/12\/catani-homenaje3.jpg?w=1600&amp;ssl=1 1600w, https:\/\/i0.wp.com\/cdnoticias.com\/wp-content\/uploads\/2020\/12\/catani-homenaje3.jpg?w=2400&amp;ssl=1 2400w\" sizes=\"auto, (max-width: 800px) 100vw, 800px\" \/><\/p>\n<p>&nbsp;<\/p>\n<p>Es considerado como <strong>uno de los pioneros del Rock en nuestra ciudad<\/strong>, comenzando su relaci\u00f3n con la m\u00fasica y principalmente con el rock, desde muy joven.<\/p>\n<p>&nbsp;<\/p>\n<p><strong>En 1970 Tito Catani integr\u00f3 el grupo \u201cPerros en la lluvia\u201d<\/strong>, una de las primeras bandas locales dedicadas pura y exclusivamente al rock, haciendo temas propios y covers de Jimy Hendrix y los Rolling Stones. \u201cPerros en la lluvia\u201d se constituy\u00f3 como uno de los primeros power tr\u00edo locales formado por Tito Catani en guitarra junto a H\u00e9ctor Gonz\u00e1lez en bater\u00eda y \u00c1ngel Attad\u00eda en bajo hasta 1975, cuando la banda se despidi\u00f3 de los escenarios con un recital en el m\u00edtico Cine Par\u00eds de nuestra ciudad.<\/p>\n<p>&nbsp;<\/p>\n<p><strong>En 1978, Tito Catani integr\u00f3 un nuevo grupo, llamado \u201cPerseidas\u201d<\/strong> con cierta inclinaci\u00f3n al jazz-rock con todos temas propios.<\/p>\n<p>&nbsp;<\/p>\n<blockquote><p>Posteriormente, entre 1980 y 1982, Tito Catani rearma la banda \u201cPerros en la lluvia\u201d para actuar en distintos escenarios de la ciudad de La Plata y llegando a ser grupo telonero de \u201cLos Redonditos de Ricota\u201d y \u201cManal\u201d.<\/p><\/blockquote>\n<p>&nbsp;<\/p>\n<p>Mediando la d\u00e9cada del 80 integr\u00f3 y particip\u00f3 como invitado de varias bandas reconocidas de nuestra ciudad como <strong>Los Kondes y en la producci\u00f3n de los primeros demos de \u201cLos Pasajeros\u201d (Can Can).<\/strong><\/p>\n<p>&nbsp;<\/p>\n<p>En 1991, <strong>Tito Catani integr\u00f3 la banda \u201cRey Lagarto\u201d y entre 1995 y 2004 conform\u00f3 el grupo \u201cEpiq\u201d<\/strong>, con el que grabaron tres discos de estudio y un disco en vivo, actuando en distintos escenarios de Buenos Aires y la provincia.<\/p>\n<p>&nbsp;<\/p>\n<p>Tito Catani public\u00f3 su primer disco solista titulado <em>\u201cEl d\u00eda que cayeron las torres gemelas\u201d<\/em>, en el a\u00f1o 2005 con todos temas de su autor\u00eda. En 2012, particip\u00f3 de \u201cS\u00e9ptimo Tab\u00fa\u201d, banda donde realiz\u00f3 la producci\u00f3n del disco \u201cDe eso no se habla\u201d, integrando de manera paralela el grupo \u201cAmarillo Urbano\u201d en teclados.<\/p>\n<p>&nbsp;<\/p>\n<p>En la actualidad, <strong>Tito Catani se encuentra trabajando en el proyecto de su nuevo disco solista e integra la banda \u201cFive O\u00b4clock\u201d,<\/strong> dedicada fundamentalmente a recrear las canciones de The Beatles. Y, por si esto fuera poco, Catani se dedic\u00f3 a la docencia musical, desempe\u00f1\u00e1ndose en la Escuela Municipal de M\u00fasica \u201cHermanos Rossi\u201d y en el \u00e1mbito privado.<\/p>\n","protected":false},"excerpt":{"rendered":"<p>Fue en la \u00faltima sesi\u00f3n del a\u00f1o el pasado lunes. \u201cLo comparto con todos los rockeros y bluseros\u201d dijo ante<\/p>\n","protected":false},"author":2,"featured_media":9931,"comment_status":"closed","ping_status":"closed","sticky":false,"template":"","format":"standard","meta":{"_jetpack_memberships_contains_paid_content":false,"footnotes":""},"categories":[9,1],"tags":[],"class_list":["post-9930","post","type-post","status-publish","format-standard","has-post-thumbnail","hentry","category-cultura","category-portada"],"jetpack_featured_media_url":"https:\/\/i0.wp.com\/cdnoticias.com\/wp-content\/uploads\/2020\/12\/catani-homenaje1.jpg?fit=4608%2C3072&ssl=1","jetpack_sharing_enabled":true,"_links":{"self":[{"href":"https:\/\/cdnoticias.com\/index.php\/wp-json\/wp\/v2\/posts\/9930","targetHints":{"allow":["GET"]}}],"collection":[{"href":"https:\/\/cdnoticias.com\/index.php\/wp-json\/wp\/v2\/posts"}],"about":[{"href":"https:\/\/cdnoticias.com\/index.php\/wp-json\/wp\/v2\/types\/post"}],"author":[{"embeddable":true,"href":"https:\/\/cdnoticias.com\/index.php\/wp-json\/wp\/v2\/users\/2"}],"replies":[{"embeddable":true,"href":"https:\/\/cdnoticias.com\/index.php\/wp-json\/wp\/v2\/comments?post=9930"}],"version-history":[{"count":0,"href":"https:\/\/cdnoticias.com\/index.php\/wp-json\/wp\/v2\/posts\/9930\/revisions"}],"wp:featuredmedia":[{"embeddable":true,"href":"https:\/\/cdnoticias.com\/index.php\/wp-json\/wp\/v2\/media\/9931"}],"wp:attachment":[{"href":"https:\/\/cdnoticias.com\/index.php\/wp-json\/wp\/v2\/media?parent=9930"}],"wp:term":[{"taxonomy":"category","embeddable":true,"href":"https:\/\/cdnoticias.com\/index.php\/wp-json\/wp\/v2\/categories?post=9930"},{"taxonomy":"post_tag","embeddable":true,"href":"https:\/\/cdnoticias.com\/index.php\/wp-json\/wp\/v2\/tags?post=9930"}],"curies":[{"name":"wp","href":"https:\/\/api.w.org\/{rel}","templated":true}]}}