{"id":99283,"date":"2023-10-16T16:58:35","date_gmt":"2023-10-16T19:58:35","guid":{"rendered":"https:\/\/www.centraldenoticias.com.ar\/?p=99283"},"modified":"2023-10-16T22:00:11","modified_gmt":"2023-10-17T01:00:11","slug":"barrio-ceco-iii-wesner-confirmo-que-hay-un-30-de-avance","status":"publish","type":"post","link":"https:\/\/cdnoticias.com\/index.php\/2023\/10\/16\/barrio-ceco-iii-wesner-confirmo-que-hay-un-30-de-avance\/","title":{"rendered":"Barrio CECO III: Wesner confirm\u00f3 que hay un 30% de avance"},"content":{"rendered":"<p>El candidato de Uni\u00f3n por la Patria confirm\u00f3 que las 100 viviendas del barrio CECO III se encuentran con un avance del 30% en poco m\u00e1s de 3 meses de trabajo y con 130 los puestos de trabajo generados.<!--more--><\/p>\n<hr \/>\n<p>El candidato a intendente de Uni\u00f3n por la Patria, <strong>Maximiliano Wesner, confirm\u00f3 este lunes que hay un 30% de avance de las 100 viviendas que conforman el futuro barrio CECO III. \u201cEl acceso a la vivienda es una tem\u00e1tica central para nosotros\u201d dijo.<\/strong><\/p>\n<p>Remarc\u00f3 que<em> \u201cla demanda habitacional en Olavarr\u00eda y en las localidades es muy grande, en cada recorrida que hacemos la problem\u00e1tica se repite por eso es tan importante concretar diversos programas para dar respuestas. El barrio CECO III es un ejemplo de lo que se puede hacer gestionando en conjunto con la provincia, desde el lugar que nos toque ocupar vamos a traer soluciones para que los sue\u00f1os de las familias se hagan realidad\u201d.<\/em><\/p>\n<p><img data-recalc-dims=\"1\" loading=\"lazy\" decoding=\"async\" class=\"alignnone size-large wp-image-99285\" src=\"https:\/\/i0.wp.com\/cdnoticias.com\/wp-content\/uploads\/2023\/10\/WhatsApp-Image-2023-10-16-at-16.06.12.jpeg?resize=800%2C600&#038;ssl=1\" alt=\"\" width=\"800\" height=\"600\" srcset=\"https:\/\/i0.wp.com\/cdnoticias.com\/wp-content\/uploads\/2023\/10\/WhatsApp-Image-2023-10-16-at-16.06.12.jpeg?resize=1024%2C768&amp;ssl=1 1024w, https:\/\/i0.wp.com\/cdnoticias.com\/wp-content\/uploads\/2023\/10\/WhatsApp-Image-2023-10-16-at-16.06.12.jpeg?resize=300%2C225&amp;ssl=1 300w, https:\/\/i0.wp.com\/cdnoticias.com\/wp-content\/uploads\/2023\/10\/WhatsApp-Image-2023-10-16-at-16.06.12.jpeg?resize=768%2C576&amp;ssl=1 768w, https:\/\/i0.wp.com\/cdnoticias.com\/wp-content\/uploads\/2023\/10\/WhatsApp-Image-2023-10-16-at-16.06.12.jpeg?resize=1536%2C1152&amp;ssl=1 1536w, https:\/\/i0.wp.com\/cdnoticias.com\/wp-content\/uploads\/2023\/10\/WhatsApp-Image-2023-10-16-at-16.06.12.jpeg?w=1600&amp;ssl=1 1600w\" sizes=\"auto, (max-width: 800px) 100vw, 800px\" \/><\/p>\n<p>El barrio CECO III, ubicado en la intersecci\u00f3n de Av. Sarmiento, Estrada, Merlo, Grimaldi y Jun\u00edn, contempla <strong>la construcci\u00f3n de un obrador, que ya est\u00e1 terminado, y 100 viviendas, a trav\u00e9s de un convenio entre el CECO y el Instituto de la Vivienda de la Provincia de Buenos Aires. Las casas tienen una construcci\u00f3n moderna que busca el ahorro energ\u00e9tico con materiales aislantes.<\/strong> En la obra est\u00e1n trabajando 4 empresas locales -una de ellas es una cooperativa- y en total son 130 los puestos de trabajo generados.<\/p>\n<p>En esa l\u00ednea Wesner sostuvo: <em>\u201cNosotros adem\u00e1s de escuchar a los vecinos tenemos que garantizarles una mejor calidad de vida e igualdad de oportunidades. La construcci\u00f3n del CECO III comenz\u00f3 en junio de este a\u00f1o y ya lleva un avance de obra del 30%,<strong> 100 viviendas de calidad para las familias, el despliegue diario de trabajadores es impresionante.<\/strong> Dinamizar la inversi\u00f3n p\u00fablica, en articulaci\u00f3n con el Estado Nacional y Provincial, moviliza las econom\u00edas y permite un urbanismo multisectorial\u201d.<\/em><\/p>\n<p><img data-recalc-dims=\"1\" loading=\"lazy\" decoding=\"async\" class=\"alignnone size-large wp-image-99284\" src=\"https:\/\/i0.wp.com\/cdnoticias.com\/wp-content\/uploads\/2023\/10\/WhatsApp-Image-2023-10-16-at-16.06.13.jpeg?resize=800%2C600&#038;ssl=1\" alt=\"\" width=\"800\" height=\"600\" srcset=\"https:\/\/i0.wp.com\/cdnoticias.com\/wp-content\/uploads\/2023\/10\/WhatsApp-Image-2023-10-16-at-16.06.13.jpeg?resize=1024%2C768&amp;ssl=1 1024w, https:\/\/i0.wp.com\/cdnoticias.com\/wp-content\/uploads\/2023\/10\/WhatsApp-Image-2023-10-16-at-16.06.13.jpeg?resize=300%2C225&amp;ssl=1 300w, https:\/\/i0.wp.com\/cdnoticias.com\/wp-content\/uploads\/2023\/10\/WhatsApp-Image-2023-10-16-at-16.06.13.jpeg?resize=768%2C576&amp;ssl=1 768w, https:\/\/i0.wp.com\/cdnoticias.com\/wp-content\/uploads\/2023\/10\/WhatsApp-Image-2023-10-16-at-16.06.13.jpeg?resize=1536%2C1152&amp;ssl=1 1536w, https:\/\/i0.wp.com\/cdnoticias.com\/wp-content\/uploads\/2023\/10\/WhatsApp-Image-2023-10-16-at-16.06.13.jpeg?w=1600&amp;ssl=1 1600w\" sizes=\"auto, (max-width: 800px) 100vw, 800px\" \/><\/p>\n<p>Wesner, en su plataforma de gobierno, propone un<strong> Programa Multisectorial de Viviendas<\/strong> y la creaci\u00f3n del<strong> Instituto Municipal de la Vivienda<\/strong>, que tenga como objetivo<em> \u201cla promoci\u00f3n, el dise\u00f1o y aplicaci\u00f3n de las pol\u00edticas de vivienda desplegadas por el Municipio de Olavarr\u00eda\u201d.<\/em> El objetivo principal es<em> \u201cla construcci\u00f3n de 100 viviendas por a\u00f1o a trav\u00e9s de los diferentes programas: acceso a suelo urbano y autoconstrucci\u00f3n, plan de vivienda por c\u00edrculo cerrado, plan de vivienda sectorial, complejos habitacionales de gesti\u00f3n provincial y nacional, viviendas de inter\u00e9s social, programa de ampliaciones y refacciones menores\u201d.<\/em><\/p>\n<p><strong><em>\u201cEl acceso a la vivienda es una tem\u00e1tica central para nosotros, al igual que la salud y la educaci\u00f3n, por eso es muy importante ofrecer respuestas tambi\u00e9n en los distintos barrios y las localidades. Que haya oportunidades para todos los vecinos y vecinas que eligen vivir por fuera de la zona m\u00e1s c\u00e9ntrica y no tengan que irse a otro lugar\u201d.<\/em><\/strong><\/p>\n","protected":false},"excerpt":{"rendered":"<p>El candidato de Uni\u00f3n por la Patria confirm\u00f3 que las 100 viviendas del barrio CECO III se encuentran con un<\/p>\n","protected":false},"author":2,"featured_media":99287,"comment_status":"closed","ping_status":"closed","sticky":false,"template":"","format":"standard","meta":{"_jetpack_memberships_contains_paid_content":false,"footnotes":""},"categories":[4,1],"tags":[],"class_list":["post-99283","post","type-post","status-publish","format-standard","has-post-thumbnail","hentry","category-politica","category-portada"],"jetpack_featured_media_url":"https:\/\/i0.wp.com\/cdnoticias.com\/wp-content\/uploads\/2023\/10\/WhatsApp-Image-2023-10-16-at-16.06.11.jpeg?fit=1286%2C851&ssl=1","jetpack_sharing_enabled":true,"_links":{"self":[{"href":"https:\/\/cdnoticias.com\/index.php\/wp-json\/wp\/v2\/posts\/99283","targetHints":{"allow":["GET"]}}],"collection":[{"href":"https:\/\/cdnoticias.com\/index.php\/wp-json\/wp\/v2\/posts"}],"about":[{"href":"https:\/\/cdnoticias.com\/index.php\/wp-json\/wp\/v2\/types\/post"}],"author":[{"embeddable":true,"href":"https:\/\/cdnoticias.com\/index.php\/wp-json\/wp\/v2\/users\/2"}],"replies":[{"embeddable":true,"href":"https:\/\/cdnoticias.com\/index.php\/wp-json\/wp\/v2\/comments?post=99283"}],"version-history":[{"count":0,"href":"https:\/\/cdnoticias.com\/index.php\/wp-json\/wp\/v2\/posts\/99283\/revisions"}],"wp:featuredmedia":[{"embeddable":true,"href":"https:\/\/cdnoticias.com\/index.php\/wp-json\/wp\/v2\/media\/99287"}],"wp:attachment":[{"href":"https:\/\/cdnoticias.com\/index.php\/wp-json\/wp\/v2\/media?parent=99283"}],"wp:term":[{"taxonomy":"category","embeddable":true,"href":"https:\/\/cdnoticias.com\/index.php\/wp-json\/wp\/v2\/categories?post=99283"},{"taxonomy":"post_tag","embeddable":true,"href":"https:\/\/cdnoticias.com\/index.php\/wp-json\/wp\/v2\/tags?post=99283"}],"curies":[{"name":"wp","href":"https:\/\/api.w.org\/{rel}","templated":true}]}}