{"id":99279,"date":"2023-10-16T16:50:17","date_gmt":"2023-10-16T19:50:17","guid":{"rendered":"https:\/\/www.centraldenoticias.com.ar\/?p=99279"},"modified":"2023-10-16T18:35:23","modified_gmt":"2023-10-16T21:35:23","slug":"robaron-una-camioneta-en-la-puerta-de-una-casa-fueron-aprehendidos","status":"publish","type":"post","link":"https:\/\/cdnoticias.com\/index.php\/2023\/10\/16\/robaron-una-camioneta-en-la-puerta-de-una-casa-fueron-aprehendidos\/","title":{"rendered":"Robaron una camioneta en la puerta de una casa: fueron aprehendidos"},"content":{"rendered":"<p>Fue en la noche del domingo. Se dio una persecuci\u00f3n que termin\u00f3 en Mazzuchi y Urquiza. <!--more--><\/p>\n<hr \/>\n<p>Este domingo por la noche,<strong> dos j\u00f3venes de 19 y 16 a\u00f1os fueron aprehendidos por personal policial tras robar una camioneta y tratar de escapar por calles de la ciudad.<\/strong><\/p>\n<p>&nbsp;<\/p>\n<p>Seg\u00fan se inform\u00f3, <strong>un vecino llam\u00f3 al 911 acusando que, al momento de ingresar la camioneta, una Renault Kangoo, al garaje de su casa, abri\u00f3 el port\u00f3n y cuando volvi\u00f3, dos personas se llevaron la camioneta que qued\u00f3 en la subida en marcha.<\/strong><\/p>\n<p>&nbsp;<\/p>\n<p>R\u00e1pidamente, personal de Comando de Patrullas realizaron un operativo cerrojo y<strong> lo avistaron a las pocas cuadras, donde comenz\u00f3 una intensa persecuci\u00f3n.<\/strong><\/p>\n<p>&nbsp;<\/p>\n<p><img data-recalc-dims=\"1\" loading=\"lazy\" decoding=\"async\" class=\"alignnone size-full wp-image-99281\" src=\"https:\/\/i0.wp.com\/cdnoticias.com\/wp-content\/uploads\/2023\/10\/WhatsApp-Image-2023-10-16-at-13.38.45.jpeg?resize=800%2C438&#038;ssl=1\" alt=\"\" width=\"800\" height=\"438\" srcset=\"https:\/\/i0.wp.com\/cdnoticias.com\/wp-content\/uploads\/2023\/10\/WhatsApp-Image-2023-10-16-at-13.38.45.jpeg?w=1014&amp;ssl=1 1014w, https:\/\/i0.wp.com\/cdnoticias.com\/wp-content\/uploads\/2023\/10\/WhatsApp-Image-2023-10-16-at-13.38.45.jpeg?resize=300%2C164&amp;ssl=1 300w, https:\/\/i0.wp.com\/cdnoticias.com\/wp-content\/uploads\/2023\/10\/WhatsApp-Image-2023-10-16-at-13.38.45.jpeg?resize=768%2C420&amp;ssl=1 768w\" sizes=\"auto, (max-width: 800px) 100vw, 800px\" \/><\/p>\n<p>&nbsp;<\/p>\n<blockquote><p>Finalmente, fueron interceptados en la esquina de Mazzuchi y Urquiza y apresados.<\/p><\/blockquote>\n<p>&nbsp;<\/p>\n<p><strong>El mayor de edad qued\u00f3 alojado en Comisar\u00eda Primera mientras que el menor de edad fue entregado a su padre.<\/strong> La causa, caratulada como<strong><em> \u201cHurto agravado de veh\u00edculo dejado en la v\u00eda p\u00fablica en flagrancia\u201d<\/em> <\/strong>tiene intervenci\u00f3n de la UFI N\u00b017 a cargo de la doctora Viceconte.<\/p>\n","protected":false},"excerpt":{"rendered":"<p>Fue en la noche del domingo. Se dio una persecuci\u00f3n que termin\u00f3 en Mazzuchi y Urquiza.<\/p>\n","protected":false},"author":2,"featured_media":99280,"comment_status":"closed","ping_status":"closed","sticky":false,"template":"","format":"standard","meta":{"_jetpack_memberships_contains_paid_content":false,"footnotes":""},"categories":[14,1],"tags":[],"class_list":["post-99279","post","type-post","status-publish","format-standard","has-post-thumbnail","hentry","category-policiales","category-portada"],"jetpack_featured_media_url":"https:\/\/i0.wp.com\/cdnoticias.com\/wp-content\/uploads\/2023\/10\/camioneta-robada1.jpg?fit=1321%2C717&ssl=1","jetpack_sharing_enabled":true,"_links":{"self":[{"href":"https:\/\/cdnoticias.com\/index.php\/wp-json\/wp\/v2\/posts\/99279","targetHints":{"allow":["GET"]}}],"collection":[{"href":"https:\/\/cdnoticias.com\/index.php\/wp-json\/wp\/v2\/posts"}],"about":[{"href":"https:\/\/cdnoticias.com\/index.php\/wp-json\/wp\/v2\/types\/post"}],"author":[{"embeddable":true,"href":"https:\/\/cdnoticias.com\/index.php\/wp-json\/wp\/v2\/users\/2"}],"replies":[{"embeddable":true,"href":"https:\/\/cdnoticias.com\/index.php\/wp-json\/wp\/v2\/comments?post=99279"}],"version-history":[{"count":0,"href":"https:\/\/cdnoticias.com\/index.php\/wp-json\/wp\/v2\/posts\/99279\/revisions"}],"wp:featuredmedia":[{"embeddable":true,"href":"https:\/\/cdnoticias.com\/index.php\/wp-json\/wp\/v2\/media\/99280"}],"wp:attachment":[{"href":"https:\/\/cdnoticias.com\/index.php\/wp-json\/wp\/v2\/media?parent=99279"}],"wp:term":[{"taxonomy":"category","embeddable":true,"href":"https:\/\/cdnoticias.com\/index.php\/wp-json\/wp\/v2\/categories?post=99279"},{"taxonomy":"post_tag","embeddable":true,"href":"https:\/\/cdnoticias.com\/index.php\/wp-json\/wp\/v2\/tags?post=99279"}],"curies":[{"name":"wp","href":"https:\/\/api.w.org\/{rel}","templated":true}]}}