{"id":9927,"date":"2020-12-25T16:57:42","date_gmt":"2020-12-25T19:57:42","guid":{"rendered":"http:\/\/www.centraldenoticias.com.ar\/?p=9927"},"modified":"2020-12-25T16:57:42","modified_gmt":"2020-12-25T19:57:42","slug":"aprehenden-a-una-adolescente-robando-en-un-vehiculo","status":"publish","type":"post","link":"https:\/\/cdnoticias.com\/index.php\/2020\/12\/25\/aprehenden-a-una-adolescente-robando-en-un-vehiculo\/","title":{"rendered":"Aprehenden a una adolescente robando en un veh\u00edculo"},"content":{"rendered":"<p>Fue en la zona de Pourtal\u00e9 al 3400. Hab\u00eda robado varios elementos tras violentar el auto.<!--more--><\/p>\n<hr \/>\n<p>Una adolescente de 15 a\u00f1os fue aprehendida por personal del Comando de Patrullas tras ser <strong>sorprendida robando diversos elementos de un veh\u00edculo en la zona de Pourtal\u00e9 al 3400.<\/strong><\/p>\n<p>&nbsp;<\/p>\n<p>Seg\u00fan se explic\u00f3, <strong>la adolescente hab\u00eda sustra\u00eddo varios elementos de un Renault Megane: un frente de stereo, dos parlantes, un par de guantes de arquero, un juego de llaves y barbijos<\/strong>, elementos que ten\u00eda al momento de ser interceptada por personal policial.<\/p>\n<p>&nbsp;<\/p>\n<blockquote><p>La joven fue trasladada a la Comisar\u00eda Primera para realizar las actuaciones de rigor y fue liberada tras la presentaci\u00f3n de sus padres en la dependencia.<\/p><\/blockquote>\n<p>&nbsp;<\/p>\n<p>La causa, caratulada como <strong><em>\u201cRobo en grado de tentativa in fraganti delito\u201d<\/em><\/strong> tiene intervenci\u00f3n en la UFI N\u00b0 17 de Azul.<\/p>\n","protected":false},"excerpt":{"rendered":"<p>Fue en la zona de Pourtal\u00e9 al 3400. Hab\u00eda robado varios elementos tras violentar el auto.<\/p>\n","protected":false},"author":2,"featured_media":9928,"comment_status":"closed","ping_status":"closed","sticky":false,"template":"","format":"standard","meta":{"_jetpack_memberships_contains_paid_content":false,"footnotes":""},"categories":[14,1],"tags":[],"class_list":["post-9927","post","type-post","status-publish","format-standard","has-post-thumbnail","hentry","category-policiales","category-portada"],"jetpack_featured_media_url":"https:\/\/i0.wp.com\/cdnoticias.com\/wp-content\/uploads\/2020\/12\/WhatsApp-Image-2020-12-25-at-13.06.06-1.jpeg?fit=1280%2C720&ssl=1","jetpack_sharing_enabled":true,"_links":{"self":[{"href":"https:\/\/cdnoticias.com\/index.php\/wp-json\/wp\/v2\/posts\/9927","targetHints":{"allow":["GET"]}}],"collection":[{"href":"https:\/\/cdnoticias.com\/index.php\/wp-json\/wp\/v2\/posts"}],"about":[{"href":"https:\/\/cdnoticias.com\/index.php\/wp-json\/wp\/v2\/types\/post"}],"author":[{"embeddable":true,"href":"https:\/\/cdnoticias.com\/index.php\/wp-json\/wp\/v2\/users\/2"}],"replies":[{"embeddable":true,"href":"https:\/\/cdnoticias.com\/index.php\/wp-json\/wp\/v2\/comments?post=9927"}],"version-history":[{"count":0,"href":"https:\/\/cdnoticias.com\/index.php\/wp-json\/wp\/v2\/posts\/9927\/revisions"}],"wp:featuredmedia":[{"embeddable":true,"href":"https:\/\/cdnoticias.com\/index.php\/wp-json\/wp\/v2\/media\/9928"}],"wp:attachment":[{"href":"https:\/\/cdnoticias.com\/index.php\/wp-json\/wp\/v2\/media?parent=9927"}],"wp:term":[{"taxonomy":"category","embeddable":true,"href":"https:\/\/cdnoticias.com\/index.php\/wp-json\/wp\/v2\/categories?post=9927"},{"taxonomy":"post_tag","embeddable":true,"href":"https:\/\/cdnoticias.com\/index.php\/wp-json\/wp\/v2\/tags?post=9927"}],"curies":[{"name":"wp","href":"https:\/\/api.w.org\/{rel}","templated":true}]}}