{"id":99252,"date":"2023-10-15T19:32:12","date_gmt":"2023-10-15T22:32:12","guid":{"rendered":"https:\/\/www.centraldenoticias.com.ar\/?p=99252"},"modified":"2023-10-16T10:01:49","modified_gmt":"2023-10-16T13:01:49","slug":"las-elecciones-a-la-vuelta-de-la-esquina-con-final-abierto-y-suspenso","status":"publish","type":"post","link":"https:\/\/cdnoticias.com\/index.php\/2023\/10\/15\/las-elecciones-a-la-vuelta-de-la-esquina-con-final-abierto-y-suspenso\/","title":{"rendered":"Las elecciones, a la vuelta de la esquina con final abierto y suspenso"},"content":{"rendered":"<p>Todo lo que dej\u00f3 el debate, denuncia incluida. El inicio del final con actividades durante el s\u00e1bado. \u00bfCu\u00e1nto le sobr\u00f3 a la campa\u00f1a? El domingo por la noche sabremos si hay tercer mandato, intendente nuevo o la primera intendenta de la historia de Olavarr\u00eda. <!--more--><\/p>\n<hr \/>\n<p>*Volver a las Fuentes, por Josefina Bargas y Alexis Grierson<\/p>\n<p>&nbsp;<\/p>\n<p><strong>El debate<\/strong><\/p>\n<p>&nbsp;<\/p>\n<p>Aclaramos de entrada: no nos vamos a meter en lo espec\u00edfico de lo que se dijo. Eso ya lo hicieron (y muy bien) los medios locales que asistieron al debate. <strong>Mucha cobertura, buena respuesta de los vecinos y mucha tela para cortar. De lo que se vio y lo que no se vio.<\/strong><\/p>\n<p>&nbsp;<\/p>\n<p><img data-recalc-dims=\"1\" loading=\"lazy\" decoding=\"async\" class=\"alignnone size-full wp-image-98707\" src=\"https:\/\/i0.wp.com\/cdnoticias.com\/wp-content\/uploads\/2023\/10\/DebateFIO2023-12.jpg?resize=800%2C531&#038;ssl=1\" alt=\"\" width=\"800\" height=\"531\" srcset=\"https:\/\/i0.wp.com\/cdnoticias.com\/wp-content\/uploads\/2023\/10\/DebateFIO2023-12.jpg?w=1024&amp;ssl=1 1024w, https:\/\/i0.wp.com\/cdnoticias.com\/wp-content\/uploads\/2023\/10\/DebateFIO2023-12.jpg?resize=300%2C199&amp;ssl=1 300w, https:\/\/i0.wp.com\/cdnoticias.com\/wp-content\/uploads\/2023\/10\/DebateFIO2023-12.jpg?resize=768%2C510&amp;ssl=1 768w, https:\/\/i0.wp.com\/cdnoticias.com\/wp-content\/uploads\/2023\/10\/DebateFIO2023-12.jpg?resize=272%2C182&amp;ssl=1 272w\" sizes=\"auto, (max-width: 800px) 100vw, 800px\" \/><\/p>\n<p>&nbsp;<\/p>\n<p><img data-recalc-dims=\"1\" loading=\"lazy\" decoding=\"async\" class=\"alignnone size-full wp-image-98711\" src=\"https:\/\/i0.wp.com\/cdnoticias.com\/wp-content\/uploads\/2023\/10\/DebateFIO2023-16.jpg?resize=800%2C531&#038;ssl=1\" alt=\"\" width=\"800\" height=\"531\" srcset=\"https:\/\/i0.wp.com\/cdnoticias.com\/wp-content\/uploads\/2023\/10\/DebateFIO2023-16.jpg?w=1024&amp;ssl=1 1024w, https:\/\/i0.wp.com\/cdnoticias.com\/wp-content\/uploads\/2023\/10\/DebateFIO2023-16.jpg?resize=300%2C199&amp;ssl=1 300w, https:\/\/i0.wp.com\/cdnoticias.com\/wp-content\/uploads\/2023\/10\/DebateFIO2023-16.jpg?resize=768%2C510&amp;ssl=1 768w, https:\/\/i0.wp.com\/cdnoticias.com\/wp-content\/uploads\/2023\/10\/DebateFIO2023-16.jpg?resize=272%2C182&amp;ssl=1 272w\" sizes=\"auto, (max-width: 800px) 100vw, 800px\" \/><\/p>\n<p>&nbsp;<\/p>\n<p>Nervios, tensi\u00f3n, estrategias y lo imprevisto entre tanta previsi\u00f3n. <strong>El cruce entre candidatos fue mucho m\u00e1s duro de lo que se pensaba en la previa, con foco en el Intendente Galli. \u201cP\u00e9guele al Intendente que est\u00e1 de turno\u201d dijo el propio jefe comunal y candidato de Juntos por el Cambio despu\u00e9s del evento.<\/strong><\/p>\n<p>&nbsp;<\/p>\n<p>El intendente tuvo una postura m\u00e1s dura, casi como la sostuvo durante toda la campa\u00f1a. A lo Bullrich y Grindetti, enfatiz\u00f3 en polarizar con Uni\u00f3n por la Patria y critic\u00f3 pr\u00e1cticamente en todo el debate a la Provincia. Deuda, obras pendientes, entre lo m\u00e1s destacado. <strong>Incluso, mencion\u00f3 varias veces a Insaurralde que \u201cgestionaba desde Marbella\u201d. Tambi\u00e9n record\u00f3 a \u201cChocolate\u201d Rigau en una de sus preguntas, particularmente a Maximiliano Wesner.<\/strong><\/p>\n<p>&nbsp;<\/p>\n<p><img data-recalc-dims=\"1\" loading=\"lazy\" decoding=\"async\" class=\"alignnone size-full wp-image-98728\" src=\"https:\/\/i0.wp.com\/cdnoticias.com\/wp-content\/uploads\/2023\/10\/DebateFIO2023-33.jpg?resize=800%2C531&#038;ssl=1\" alt=\"\" width=\"800\" height=\"531\" srcset=\"https:\/\/i0.wp.com\/cdnoticias.com\/wp-content\/uploads\/2023\/10\/DebateFIO2023-33.jpg?w=1024&amp;ssl=1 1024w, https:\/\/i0.wp.com\/cdnoticias.com\/wp-content\/uploads\/2023\/10\/DebateFIO2023-33.jpg?resize=300%2C199&amp;ssl=1 300w, https:\/\/i0.wp.com\/cdnoticias.com\/wp-content\/uploads\/2023\/10\/DebateFIO2023-33.jpg?resize=768%2C510&amp;ssl=1 768w, https:\/\/i0.wp.com\/cdnoticias.com\/wp-content\/uploads\/2023\/10\/DebateFIO2023-33.jpg?resize=272%2C182&amp;ssl=1 272w\" sizes=\"auto, (max-width: 800px) 100vw, 800px\" \/><\/p>\n<p>&nbsp;<\/p>\n<p>Como dijimos, <strong>Celeste Arouxet fue derecho a cruzar a Galli, lo hizo en cada uno de los ejes y hasta dijo que encabeza un \u201cgobierno corrupto\u201d.<\/strong><\/p>\n<p>&nbsp;<\/p>\n<p><img data-recalc-dims=\"1\" loading=\"lazy\" decoding=\"async\" class=\"alignnone size-full wp-image-98738\" src=\"https:\/\/i0.wp.com\/cdnoticias.com\/wp-content\/uploads\/2023\/10\/DebateFIO2023-43.jpg?resize=800%2C531&#038;ssl=1\" alt=\"\" width=\"800\" height=\"531\" srcset=\"https:\/\/i0.wp.com\/cdnoticias.com\/wp-content\/uploads\/2023\/10\/DebateFIO2023-43.jpg?w=1024&amp;ssl=1 1024w, https:\/\/i0.wp.com\/cdnoticias.com\/wp-content\/uploads\/2023\/10\/DebateFIO2023-43.jpg?resize=300%2C199&amp;ssl=1 300w, https:\/\/i0.wp.com\/cdnoticias.com\/wp-content\/uploads\/2023\/10\/DebateFIO2023-43.jpg?resize=768%2C510&amp;ssl=1 768w, https:\/\/i0.wp.com\/cdnoticias.com\/wp-content\/uploads\/2023\/10\/DebateFIO2023-43.jpg?resize=272%2C182&amp;ssl=1 272w\" sizes=\"auto, (max-width: 800px) 100vw, 800px\" \/><\/p>\n<p>&nbsp;<\/p>\n<p><strong>Mestralet fue el encargado de intentar \u201cexponer\u201d a cada uno de los espacios en sus debilidades mientras que Wesner tuvo una estrategia m\u00e1s particular: habl\u00f3 en todo momento como futuro intendente.<\/strong> \u201cEn mi gesti\u00f3n haremos\u2026\u201d; \u201cEn mi gesti\u00f3n esto lo vamos a manejar de esta forma..\u201d se escuch\u00f3 durante sus alocuciones.<\/p>\n<p>&nbsp;<\/p>\n<p><img data-recalc-dims=\"1\" loading=\"lazy\" decoding=\"async\" class=\"alignnone size-full wp-image-98737\" src=\"https:\/\/i0.wp.com\/cdnoticias.com\/wp-content\/uploads\/2023\/10\/DebateFIO2023-42.jpg?resize=800%2C531&#038;ssl=1\" alt=\"\" width=\"800\" height=\"531\" srcset=\"https:\/\/i0.wp.com\/cdnoticias.com\/wp-content\/uploads\/2023\/10\/DebateFIO2023-42.jpg?w=1024&amp;ssl=1 1024w, https:\/\/i0.wp.com\/cdnoticias.com\/wp-content\/uploads\/2023\/10\/DebateFIO2023-42.jpg?resize=300%2C199&amp;ssl=1 300w, https:\/\/i0.wp.com\/cdnoticias.com\/wp-content\/uploads\/2023\/10\/DebateFIO2023-42.jpg?resize=768%2C510&amp;ssl=1 768w, https:\/\/i0.wp.com\/cdnoticias.com\/wp-content\/uploads\/2023\/10\/DebateFIO2023-42.jpg?resize=272%2C182&amp;ssl=1 272w\" sizes=\"auto, (max-width: 800px) 100vw, 800px\" \/><\/p>\n<p>&nbsp;<\/p>\n<p>Quiz\u00e1s la que m\u00e1s visibiliz\u00f3 este intento de polarizar fue <strong>Celeste Arouxet, que tuvo dur\u00edsimos conceptos sobre la situaci\u00f3n econ\u00f3mica de la comuna y la que m\u00e1s arriesg\u00f3 en torno a dichos y acusaciones.<\/strong><\/p>\n<p>&nbsp;<\/p>\n<p><img data-recalc-dims=\"1\" loading=\"lazy\" decoding=\"async\" class=\"alignnone size-full wp-image-98720\" src=\"https:\/\/i0.wp.com\/cdnoticias.com\/wp-content\/uploads\/2023\/10\/DebateFIO2023-25.jpg?resize=800%2C531&#038;ssl=1\" alt=\"\" width=\"800\" height=\"531\" srcset=\"https:\/\/i0.wp.com\/cdnoticias.com\/wp-content\/uploads\/2023\/10\/DebateFIO2023-25.jpg?w=1024&amp;ssl=1 1024w, https:\/\/i0.wp.com\/cdnoticias.com\/wp-content\/uploads\/2023\/10\/DebateFIO2023-25.jpg?resize=300%2C199&amp;ssl=1 300w, https:\/\/i0.wp.com\/cdnoticias.com\/wp-content\/uploads\/2023\/10\/DebateFIO2023-25.jpg?resize=768%2C510&amp;ssl=1 768w, https:\/\/i0.wp.com\/cdnoticias.com\/wp-content\/uploads\/2023\/10\/DebateFIO2023-25.jpg?resize=272%2C182&amp;ssl=1 272w\" sizes=\"auto, (max-width: 800px) 100vw, 800px\" \/><\/p>\n<p>&nbsp;<\/p>\n<p><strong>En los debates no hay ganadores y perdedores, pero es un excelente term\u00f3metro para ver en qu\u00e9 momento se encuentran los candidatos<\/strong>: como dijimos, Galli estaba \u201cde turno\u201d en las cr\u00edticas. Por momentos tenso, muy concentrado en no caer en caras o respuestas impl\u00edcitas -con gestos- se mantuvo en una postura de generar confianza y seriedad. Dud\u00f3 menos que otros postulantes, e incluso recibi\u00f3 alguna consulta que le \u201cregal\u00f3\u201d un buen minuto para soltarse a\u00fan m\u00e1s.<\/p>\n<p>&nbsp;<\/p>\n<p>Adem\u00e1s, ten\u00eda un doble desaf\u00edo:<strong> defenderse con lo hecho y proponer de cara a un tercer mandato.<\/strong> <em>\u201cLograr un equilibrio con tan poco tiempo es complicado, algunas propuestas quedaron afuera como la construcci\u00f3n de refugios seguros para los colectivos\u201d<\/em> indicaron desde Juntos por el Cambio minutos despu\u00e9s de finalizado el debate. S\u00ed es cierto que Galli logr\u00f3 proponer m\u00e1s, en una campa\u00f1a que lo tuvo con valor de lo construido en estos 8 a\u00f1os y una proyecci\u00f3n de continuar en la misma senda en los pr\u00f3ximos cuatro en un eventual tercer mandato.<\/p>\n<p>&nbsp;<\/p>\n<p><img data-recalc-dims=\"1\" loading=\"lazy\" decoding=\"async\" class=\"alignnone size-full wp-image-98733\" src=\"https:\/\/i0.wp.com\/cdnoticias.com\/wp-content\/uploads\/2023\/10\/DebateFIO2023-38.jpg?resize=800%2C531&#038;ssl=1\" alt=\"\" width=\"800\" height=\"531\" srcset=\"https:\/\/i0.wp.com\/cdnoticias.com\/wp-content\/uploads\/2023\/10\/DebateFIO2023-38.jpg?w=1024&amp;ssl=1 1024w, https:\/\/i0.wp.com\/cdnoticias.com\/wp-content\/uploads\/2023\/10\/DebateFIO2023-38.jpg?resize=300%2C199&amp;ssl=1 300w, https:\/\/i0.wp.com\/cdnoticias.com\/wp-content\/uploads\/2023\/10\/DebateFIO2023-38.jpg?resize=768%2C510&amp;ssl=1 768w, https:\/\/i0.wp.com\/cdnoticias.com\/wp-content\/uploads\/2023\/10\/DebateFIO2023-38.jpg?resize=272%2C182&amp;ssl=1 272w\" sizes=\"auto, (max-width: 800px) 100vw, 800px\" \/><\/p>\n<p>&nbsp;<\/p>\n<p><strong>Wesner cumpli\u00f3 con la premisa del ganador: despu\u00e9s de ganar las PASO, trat\u00f3 de \u201cno perder\u201d ni quedar expuesto ante consultas o cruces.<\/strong> Sigui\u00f3 el libreto tal como ped\u00eda la jugada -incluso un poco por dem\u00e1s, en momentos- pero jug\u00f3 a conservar, sostener y tener un paso firme y con la misma l\u00ednea de la campa\u00f1a: propositiva. Incluso, las preguntas a Arouxet y Mestrelat fueron un puntapi\u00e9 para que puedan criticar al Intendente Galli. \u201cNos tir\u00f3 centros\u201d admiti\u00f3 el candidato de la Izquierda despu\u00e9s del evento.<\/p>\n<p>&nbsp;<\/p>\n<p><img data-recalc-dims=\"1\" loading=\"lazy\" decoding=\"async\" class=\"alignnone size-full wp-image-98732\" src=\"https:\/\/i0.wp.com\/cdnoticias.com\/wp-content\/uploads\/2023\/10\/DebateFIO2023-37.jpg?resize=800%2C531&#038;ssl=1\" alt=\"\" width=\"800\" height=\"531\" srcset=\"https:\/\/i0.wp.com\/cdnoticias.com\/wp-content\/uploads\/2023\/10\/DebateFIO2023-37.jpg?w=1024&amp;ssl=1 1024w, https:\/\/i0.wp.com\/cdnoticias.com\/wp-content\/uploads\/2023\/10\/DebateFIO2023-37.jpg?resize=300%2C199&amp;ssl=1 300w, https:\/\/i0.wp.com\/cdnoticias.com\/wp-content\/uploads\/2023\/10\/DebateFIO2023-37.jpg?resize=768%2C510&amp;ssl=1 768w, https:\/\/i0.wp.com\/cdnoticias.com\/wp-content\/uploads\/2023\/10\/DebateFIO2023-37.jpg?resize=272%2C182&amp;ssl=1 272w\" sizes=\"auto, (max-width: 800px) 100vw, 800px\" \/><\/p>\n<p>&nbsp;<\/p>\n<p><strong>Arouxet tambi\u00e9n hizo lo que ped\u00eda la jugada: arriesg\u00f3 y trat\u00f3 de usar a su favor el viento de cola de La Libertad Avanza.<\/strong> Localiz\u00f3 la campa\u00f1a intentando polarizar con el Intendente pero sin dejar de lado a Wesner ni Mestralet. De uno dijo que tiene un proyecto \u201cirrealizable\u201d por el contexto econ\u00f3mico de la ciudad y el otro que es un proyecto \u201cirrealizable\u201d por ideolog\u00eda pol\u00edtica, e incluso que Mestralet\u00a0 \u201cen todo momento habl\u00f3 de lo nacional\u201d por la pregunta que recibi\u00f3 sobre posturas de Javier Milei con los desaparecidos en dictadura, por ejemplo.<\/p>\n<p>&nbsp;<\/p>\n<p><img data-recalc-dims=\"1\" loading=\"lazy\" decoding=\"async\" class=\"alignnone size-full wp-image-98734\" src=\"https:\/\/i0.wp.com\/cdnoticias.com\/wp-content\/uploads\/2023\/10\/DebateFIO2023-39.jpg?resize=800%2C531&#038;ssl=1\" alt=\"\" width=\"800\" height=\"531\" srcset=\"https:\/\/i0.wp.com\/cdnoticias.com\/wp-content\/uploads\/2023\/10\/DebateFIO2023-39.jpg?w=1024&amp;ssl=1 1024w, https:\/\/i0.wp.com\/cdnoticias.com\/wp-content\/uploads\/2023\/10\/DebateFIO2023-39.jpg?resize=300%2C199&amp;ssl=1 300w, https:\/\/i0.wp.com\/cdnoticias.com\/wp-content\/uploads\/2023\/10\/DebateFIO2023-39.jpg?resize=768%2C510&amp;ssl=1 768w, https:\/\/i0.wp.com\/cdnoticias.com\/wp-content\/uploads\/2023\/10\/DebateFIO2023-39.jpg?resize=272%2C182&amp;ssl=1 272w\" sizes=\"auto, (max-width: 800px) 100vw, 800px\" \/><\/p>\n<p>&nbsp;<\/p>\n<p>Finalmente, Mestralet cerr\u00f3 una postura s\u00f3lida y propia del Frente de Izquierda tras algunas dudas al inicio. Cuando pudo hacer pie -no es f\u00e1cil estar en su lugar ni en el de cualquier candidato- aprovech\u00f3 para ser incisivo con todos los espacios, de exponer \u201clas posiciones y responsabilidades pol\u00edticas\u201d de cada uno aunque con especial \u00e9nfasis en Ezequiel Galli, en el rol en Desarrollo Social y, obviamente, la vivienda y la econom\u00eda.<\/p>\n<p>&nbsp;<\/p>\n<blockquote><p>Galli expuso \u201clos centros que se tiraban\u201d en las preguntas. Defini\u00f3 que sus preguntas \u201ceran lo que cre\u00edmos que la gente quer\u00eda saber\u201d y adem\u00e1s consider\u00f3 que \u201cno las respondieron\u201d.<\/p><\/blockquote>\n<p>&nbsp;<\/p>\n<p>Tanto Arouxet como Mestralet coincidieron en su balance:<strong><em> \u201cNinguno de los tres candidatos explic\u00f3 c\u00f3mo va a sacar a Olavarr\u00eda adelante\u201d<\/em> <\/strong>dijo la candidata de La Libertad Avanza. El del Frente de Izquierda expres\u00f3 que<strong><em> \u201ccost\u00f3 que en las preguntas haya respuestas honestas, no se respond\u00eda o tiraba la pelota afuera\u201d.<\/em><\/strong><\/p>\n<p>&nbsp;<\/p>\n<blockquote><p>\u00bfWesner? Se\u00f1al\u00f3 que el objetivo era \u201cmantener la campa\u00f1a con propuestas concretas y contarle a los vecinos de Olavarr\u00eda nuestro proyecto de ciudad\u201d.<\/p><\/blockquote>\n<p>&nbsp;<\/p>\n<p>P\u00e1rrafo aparte para los acompa\u00f1antes de los espacios: <strong>Wesner y Mestralet decidieron que sus contrincantes en las PASO participen en el evento: Hern\u00e1n Parra y Eduardo Rodr\u00edguez en Uni\u00f3n por la Patria, Marcelo Ripoll en el Frente de Izquierda.<\/strong> Los tres tuvieron un rol activo e incluso con sugerencias en los peque\u00f1os recesos de 3 minutos entre bloques.<\/p>\n<p>&nbsp;<\/p>\n<p><strong>Celeste Arouxet, por su parte, tuvo el acompa\u00f1amiento de Guillermo Lascano (primer candidato a concejal) y tambi\u00e9n de algunos dirigentes como Marcelo Petehs y toda la juventud del espacio<\/strong>, que tiene un protagonismo importante en Ahora Olavarr\u00eda.<\/p>\n<p>&nbsp;<\/p>\n<p><strong>La Izquierda tuvo, adem\u00e1s de Ripoll, a Yessica Almeida (primera candidata a concejal), Ant\u00ed Cort\u00e9s y varios dirigentes hist\u00f3ricos del Frente<\/strong> que acompa\u00f1aron en todo momento a Mestralet.<\/p>\n<p>&nbsp;<\/p>\n<p><strong>Galli, en tanto, llev\u00f3 a una importante comitiva que podr\u00eda denominarse como el centro de su gesti\u00f3n al menos en la actualidad<\/strong>: Hilario Galli, Julio Ferraro, Guillermina Amespil como secretarios (dos son candidatos a concejales), sumados al equipo de prensa y comunicaci\u00f3n, as\u00ed como tambi\u00e9n la Presidenta del Concejo Deliberante, Cecilia Krivochen (tambi\u00e9n candidata a concejal) y el subsecretario de Obras P\u00fablicas, Gonzalo Ort\u00edz.<\/p>\n<p>&nbsp;<\/p>\n<p>Una curiosidad:<strong> estuvo presente el precandidato de JxC en las PASO, Marcelo Spina, pero no junto a Galli sino como representante de la Facultad de Ingenier\u00eda. \u00bfLa particularidad? Saludo formal con el ganador de la interna y abrazos con otros candidatos.<\/strong> A los pocos d\u00edas encabez\u00f3 la foto de la unidad con el Intendente. Llamativo.<\/p>\n<p>&nbsp;<\/p>\n<p><strong>Wesner, finalmente, mostr\u00f3 adem\u00e1s de Rodr\u00edguez y Parra a Mercedes Land\u00edvar (concejal y candidata a diputada), su equipo de prensa, tambi\u00e9n el titular de la Regi\u00f3n Sanitaria Ramiro Borzi y la referente del CAJ, Mar\u00eda Jos\u00e9 Maidana<\/strong>. No hubo m\u00e1s candidatos en la comitiva: solo Wesner y Land\u00edvar, sumados a los ex candidatos de las PASO.<\/p>\n<p>&nbsp;<\/p>\n<p>Esta edici\u00f3n del debate (muy bien organizado por la Facultad de Ingenier\u00eda, vale la menci\u00f3n, nuestras felicitaciones desde este humild\u00edsimo lugar) tuvo una particularidad extra: asistieron representantes de instituciones intermedias, como la Uni\u00f3n Industrial, la C\u00e1mara Empresaria, entre los m\u00e1s destacados. <strong>La mayor\u00eda mostr\u00f3 satisfacci\u00f3n y conformidad no s\u00f3lo por la invitaci\u00f3n, sino tambi\u00e9n por lo escuchado durante la hora y media que dur\u00f3 el debate.<\/strong><\/p>\n<p>&nbsp;<\/p>\n<p><strong>La pregunta, la respuesta, la denuncia<\/strong><\/p>\n<p>&nbsp;<\/p>\n<p>\u00daltimo bloque del debate, \u00faltimo tramo del cruce entre candidatos. <strong>Wesner us\u00f3 su turno de pregunta a Galli para recordarle que \u201cen 2019 se desplaz\u00f3 a la directora de Catastro con m\u00e1s de 30 a\u00f1os de carrera\u201d. Le consult\u00f3 las causas.<\/strong><\/p>\n<p>&nbsp;<\/p>\n<p><strong>Galli respondi\u00f3 que lo hizo \u201cpor razones personales\u201d que eleg\u00eda reservarse y agreg\u00f3 \u201cpara eso me eligieron los olavarrienses, para tomar decisiones\u201d<\/strong>. Afirm\u00f3 que cuando detect\u00f3 \u201cirregularidades\u201d en las \u00e1reas, tom\u00f3 \u201cla misma decisi\u00f3n\u201d con todos ellos que es \u201cpedirles la renuncia\u201d. Y devolvi\u00f3 el tiro a Wesner: \u201cme llama m\u00e1s la atenci\u00f3n tu silencio por el caso de Insaurralde\u201d.<\/p>\n<p>&nbsp;<\/p>\n<p><img data-recalc-dims=\"1\" loading=\"lazy\" decoding=\"async\" class=\"alignnone size-full wp-image-98724\" src=\"https:\/\/i0.wp.com\/cdnoticias.com\/wp-content\/uploads\/2023\/10\/DebateFIO2023-29.jpg?resize=800%2C531&#038;ssl=1\" alt=\"\" width=\"800\" height=\"531\" srcset=\"https:\/\/i0.wp.com\/cdnoticias.com\/wp-content\/uploads\/2023\/10\/DebateFIO2023-29.jpg?w=1024&amp;ssl=1 1024w, https:\/\/i0.wp.com\/cdnoticias.com\/wp-content\/uploads\/2023\/10\/DebateFIO2023-29.jpg?resize=300%2C199&amp;ssl=1 300w, https:\/\/i0.wp.com\/cdnoticias.com\/wp-content\/uploads\/2023\/10\/DebateFIO2023-29.jpg?resize=768%2C510&amp;ssl=1 768w, https:\/\/i0.wp.com\/cdnoticias.com\/wp-content\/uploads\/2023\/10\/DebateFIO2023-29.jpg?resize=272%2C182&amp;ssl=1 272w\" sizes=\"auto, (max-width: 800px) 100vw, 800px\" \/><\/p>\n<p>&nbsp;<\/p>\n<p>Al cierre del debate una publicaci\u00f3n en Facebook resaltaba:<strong> la aludida ex directora de Catastro, Estela Garc\u00eda, hab\u00eda descargado su enojo y con una dura acusaci\u00f3n contra Galli. \u201cQuisiste que pusiera un terreno a tu nombre\u201d sostuvo.<\/strong><\/p>\n<p>&nbsp;<\/p>\n<p>Garc\u00eda manifest\u00f3 que<em><strong> \u201cescuchar a Galli que desplaza a los funcionarios cuando hay irregularidades cuando le preguntan por qu\u00e9 me desplaz\u00f3 me indigna, los chorros piensan que todos son como ellos\u201d.<\/strong><\/em><\/p>\n<p>&nbsp;<\/p>\n<p>Tras referirse a su cumplimiento laboral, <strong>Garc\u00eda insult\u00f3 al intendente y asegur\u00f3 que tuvo un \u00fanico llamado del jefe comunal<\/strong>: \u201cfue para lo \u00fanico que me llamaste en tres a\u00f1os y medio\u201d. A\u00f1adi\u00f3<em> \u201cpens\u00e9 que era de soberbio, c\u00f3mo te iba a pedir un boleto o un documento que avale la compra\u201d.<\/em><\/p>\n<p>&nbsp;<\/p>\n<p>Garc\u00eda dijo que, ante su intenci\u00f3n, recibi\u00f3 maltrato de Galli \u201cpor tel\u00e9fono\u201d y con ello argument\u00f3 su silencio durante todos estos a\u00f1os: <strong>\u201cme llamaste al fijo y s\u00f3lo mis empleados se enteraron\u201d. Adem\u00e1s, hizo saber que sufri\u00f3 problemas de salud por lo vivido.<\/strong><\/p>\n<p>&nbsp;<\/p>\n<p><strong>Despu\u00e9s cont\u00f3 que su despido del cargo le fue comunicado por el secretario de Obras P\u00fablicas, Julio Ferraro<\/strong>. \u201cMe dijo (que) no ten\u00eda quejas de mi oficina pero vos quer\u00edas poner alguien de tu confianza, que elija la oficina d\u00f3nde quer\u00eda continuar. Luego con el tiempo se cumpli\u00f3 lo que me dec\u00edan iba a suceder y por la cual hay causas judiciales\u201d indic\u00f3 Estela Garc\u00eda.<\/p>\n<p>&nbsp;<\/p>\n<p>Sobre el final de su publicaci\u00f3n, la ex funcionaria volvi\u00f3 sobre las palabras de Galli en la Facultad de Ingenier\u00eda: \u201c\u00bfpor qu\u00e9 no denunciaste si hab\u00eda irregularidades en el 2019?\u201d pregunt\u00f3 y adelant\u00f3 \u201cesto no va a quedar s\u00f3lo en este escrito\u201d.<\/p>\n<p>&nbsp;<\/p>\n<p><strong>Galli decidi\u00f3 responder con much\u00edsima dureza. En el Ejecutivo la lectura de lo sucedido era que \u201ctodo estaba armado\u201d y que hab\u00eda en marcha una cascada de consecuencias potenciales. A eso es a lo que en el fondo quiso responder el intendente. En el comunicado lo defini\u00f3 como \u201coperaciones pol\u00edticas y medi\u00e1ticas con fines electorales\u201d. Para nosotros el comunicado fue sorpresivo.<\/strong><\/p>\n<p>&nbsp;<\/p>\n<p>Lo principal era que el<strong> Intendente Galli adelantaba su pr\u00f3xima denuncia penal por \u201ccalumnias e injurias\u201d contra Estela Garc\u00eda.<\/strong> El objetivo de la medida es que la acusada \u201cse retracte de sus dichos\u201d y estableci\u00f3 que \u201clas consecuencias econ\u00f3micas ser\u00e1n donadas a una entidad de bien p\u00fablico\u201d.<\/p>\n<p>&nbsp;<\/p>\n<p>Galli consider\u00f3 \u201cllamativa y alarmante\u201d la \u201ccoordinaci\u00f3n entre la pregunta del candidato de Uni\u00f3n por la Patria Maximiliano Wesner y la publicaci\u00f3n en redes sociales de la ex funcionaria\u201d. Rechaz\u00f3 las afirmaciones de la ex funcionaria:<strong><em> \u201cexpliqu\u00e9 que los motivos de la desvinculaci\u00f3n de la ex Directora de Catastro Estela Garc\u00eda me los reservaba y que eran parte de mis facultades, porque fue por cuestiones operativas dentro del \u00e1rea. Nunca la acus\u00e9 de cometer irregularidades\u201d.<\/em><\/strong><\/p>\n<p>&nbsp;<\/p>\n<blockquote><p>\u201cSiguen intentando ensuciarme, nunca ped\u00ed a la ex Directora de Catastro que ponga un terreno a mi nombre\u201d dijo. La acus\u00f3 de \u201cmala praxis profesional\u201d con menci\u00f3n a un juicio que perdi\u00f3 la Municipalidad, sin dar m\u00e1s datos.<\/p><\/blockquote>\n<p>&nbsp;<\/p>\n<p>Galli sigui\u00f3, ahora s\u00ed, con detalles:<strong> cit\u00f3 parte de la declaraci\u00f3n de Garc\u00eda en la UFI N\u00ba 4 en la causa que investiga la presunta venta ilegal de terrenos.<\/strong> Consultada sobre su despido de la Direcci\u00f3n de Catastro indic\u00f3 \u201cme dijo alg\u00fan conocido que fue porque el Municipio perdi\u00f3 un juicio culpa m\u00eda\u201d cit\u00f3 en el comunicado el intendente. Y luego refiri\u00f3 que la mujer neg\u00f3 conocer operatorias ilegales con terrenos en su declaraci\u00f3n: \u201cnunca me enter\u00e9 de nada, esto me sorprende\u201d.<\/p>\n<p>&nbsp;<\/p>\n<p>Galli se finalmente meti\u00f3 en el plano pol\u00edtico y apunt\u00f3 a Uni\u00f3n por la Patria<strong><em>: \u201chasta hace unos d\u00edas desde esa agrupaci\u00f3n pol\u00edtica denunciaban una campa\u00f1a violenta. Hoy volvemos a repetirles lo mismo: violencia es mentir y ensuciar de la manera que lo intentan hacer\u201d.<\/em><\/strong><\/p>\n<p>&nbsp;<\/p>\n<p>Hace tres semanas escuchamos al candidato <strong>Wesner decir que iba a la Justicia por \u201chostigamiento y persecuci\u00f3n\u201d. Ahora le\u00edmos al intendente y candidato Galli informar que va a la Justicia por \u201ccalumnias e injurias\u201d. No recordamos otra campa\u00f1a local con esos coletazos que se alejan de lo estrictamente pol\u00edtico.<\/strong><\/p>\n<p>&nbsp;<\/p>\n<p><strong>Del cansancio al inicio del final de la campa\u00f1a<\/strong><\/p>\n<p>&nbsp;<\/p>\n<p><img data-recalc-dims=\"1\" loading=\"lazy\" decoding=\"async\" class=\"alignnone size-large wp-image-99253\" src=\"https:\/\/i0.wp.com\/cdnoticias.com\/wp-content\/uploads\/2023\/10\/WhatsApp-Image-2023-10-14-at-20.17.17.jpeg?resize=800%2C532&#038;ssl=1\" alt=\"\" width=\"800\" height=\"532\" srcset=\"https:\/\/i0.wp.com\/cdnoticias.com\/wp-content\/uploads\/2023\/10\/WhatsApp-Image-2023-10-14-at-20.17.17.jpeg?resize=1024%2C681&amp;ssl=1 1024w, https:\/\/i0.wp.com\/cdnoticias.com\/wp-content\/uploads\/2023\/10\/WhatsApp-Image-2023-10-14-at-20.17.17.jpeg?resize=300%2C200&amp;ssl=1 300w, https:\/\/i0.wp.com\/cdnoticias.com\/wp-content\/uploads\/2023\/10\/WhatsApp-Image-2023-10-14-at-20.17.17.jpeg?resize=768%2C511&amp;ssl=1 768w, https:\/\/i0.wp.com\/cdnoticias.com\/wp-content\/uploads\/2023\/10\/WhatsApp-Image-2023-10-14-at-20.17.17.jpeg?resize=272%2C182&amp;ssl=1 272w, https:\/\/i0.wp.com\/cdnoticias.com\/wp-content\/uploads\/2023\/10\/WhatsApp-Image-2023-10-14-at-20.17.17.jpeg?w=1400&amp;ssl=1 1400w\" sizes=\"auto, (max-width: 800px) 100vw, 800px\" \/><\/p>\n<p>&nbsp;<\/p>\n<p><strong>El s\u00e1bado qued\u00f3 marcado por el principio del final.<\/strong> Aunque haya m\u00e1s actividades, para algunos candidatos, fue eso: el cierre de campa\u00f1a tuvo dos momentos bien simb\u00f3licos para Uni\u00f3n por la Patria y Juntos por el Cambio, que salieron a mostrar militancia y acompa\u00f1amiento de cara al 22 de octubre.<\/p>\n<p>&nbsp;<\/p>\n<p><strong>Maximiliano Wesner organiz\u00f3 una \u201cMaxi mateada\u201d muy similar al formato que impuls\u00f3 el gobernador Kicillof y que lo tuvo como protagonista excluyente<\/strong>. Fotos, abrazos, carteler\u00eda, discurso, en lo realizado se posaron todas las miradas en el candidato a Intendente de Uni\u00f3n por la Patria.<\/p>\n<p>&nbsp;<\/p>\n<p>Si bien adelantaron a este newsletter que habr\u00e1 m\u00e1s actividades en la corta semana (arranca el martes y terminar\u00e1 el jueves a \u00faltima hora con el inicio de la veda electoral) la mateada son\u00f3 al final de una campa\u00f1a que dej\u00f3 a todos agotados<strong><em>. \u201cHace mucho que venimos, caminaremos hasta el viernes a las 7 de la ma\u00f1ana y dejaremos todo, pero es cierto que fue una campa\u00f1a dif\u00edcil\u201d<\/em> <\/strong>a\u00f1adi\u00f3 un militante a este newsletter.<\/p>\n<p>&nbsp;<\/p>\n<p><img data-recalc-dims=\"1\" loading=\"lazy\" decoding=\"async\" class=\"alignnone size-large wp-image-99254\" src=\"https:\/\/i0.wp.com\/cdnoticias.com\/wp-content\/uploads\/2023\/10\/WhatsApp-Image-2023-10-14-at-20.17.19.jpeg?resize=800%2C474&#038;ssl=1\" alt=\"\" width=\"800\" height=\"474\" srcset=\"https:\/\/i0.wp.com\/cdnoticias.com\/wp-content\/uploads\/2023\/10\/WhatsApp-Image-2023-10-14-at-20.17.19.jpeg?resize=1024%2C607&amp;ssl=1 1024w, https:\/\/i0.wp.com\/cdnoticias.com\/wp-content\/uploads\/2023\/10\/WhatsApp-Image-2023-10-14-at-20.17.19.jpeg?resize=300%2C178&amp;ssl=1 300w, https:\/\/i0.wp.com\/cdnoticias.com\/wp-content\/uploads\/2023\/10\/WhatsApp-Image-2023-10-14-at-20.17.19.jpeg?resize=768%2C455&amp;ssl=1 768w, https:\/\/i0.wp.com\/cdnoticias.com\/wp-content\/uploads\/2023\/10\/WhatsApp-Image-2023-10-14-at-20.17.19.jpeg?w=1400&amp;ssl=1 1400w\" sizes=\"auto, (max-width: 800px) 100vw, 800px\" \/><\/p>\n<p>&nbsp;<\/p>\n<p>Presencias pol\u00edticas, de hist\u00f3ricos militantes y muchos que se sumaron en el \u00faltimo tiempo:<strong> fue un poco el resumen de lo realizado por el espacio en much\u00edsimos a\u00f1os, nos atrevemos a decir. \u201cEsta es la verdadera unidad, con los vecinos y vecinas\u201d dijo el propio candidato, \u00fanico orador de la actividad.<\/strong><\/p>\n<p>&nbsp;<\/p>\n<p>Mientras tanto, <strong>Ezequiel Galli sigui\u00f3 con los simbolismos: en otra foto de unidad por varias presencias, destac\u00f3 el \u00faltimo s\u00e1bado antes de la veda electoral con agradecimientos y una inyecci\u00f3n de energ\u00eda para lo que queda.<\/strong> Muchos de sus militantes, tambi\u00e9n, mostraron el desgaste propio de una campa\u00f1a extensa, de muchos meses. Pero se comprometieron, tambi\u00e9n, a caminar hasta el \u00faltimo d\u00eda con diversas actividades antes del cierre.<\/p>\n<p>&nbsp;<\/p>\n<p><img data-recalc-dims=\"1\" loading=\"lazy\" decoding=\"async\" class=\"alignnone size-large wp-image-99128\" src=\"https:\/\/i0.wp.com\/cdnoticias.com\/wp-content\/uploads\/2023\/10\/La-Isla-1.jpg?resize=800%2C535&#038;ssl=1\" alt=\"\" width=\"800\" height=\"535\" srcset=\"https:\/\/i0.wp.com\/cdnoticias.com\/wp-content\/uploads\/2023\/10\/La-Isla-1-scaled.jpg?resize=1024%2C685&amp;ssl=1 1024w, https:\/\/i0.wp.com\/cdnoticias.com\/wp-content\/uploads\/2023\/10\/La-Isla-1-scaled.jpg?resize=300%2C201&amp;ssl=1 300w, https:\/\/i0.wp.com\/cdnoticias.com\/wp-content\/uploads\/2023\/10\/La-Isla-1-scaled.jpg?resize=768%2C513&amp;ssl=1 768w, https:\/\/i0.wp.com\/cdnoticias.com\/wp-content\/uploads\/2023\/10\/La-Isla-1-scaled.jpg?resize=1536%2C1027&amp;ssl=1 1536w, https:\/\/i0.wp.com\/cdnoticias.com\/wp-content\/uploads\/2023\/10\/La-Isla-1-scaled.jpg?resize=2048%2C1369&amp;ssl=1 2048w, https:\/\/i0.wp.com\/cdnoticias.com\/wp-content\/uploads\/2023\/10\/La-Isla-1-scaled.jpg?resize=272%2C182&amp;ssl=1 272w, https:\/\/i0.wp.com\/cdnoticias.com\/wp-content\/uploads\/2023\/10\/La-Isla-1-scaled.jpg?w=1600&amp;ssl=1 1600w, https:\/\/i0.wp.com\/cdnoticias.com\/wp-content\/uploads\/2023\/10\/La-Isla-1-scaled.jpg?w=2400&amp;ssl=1 2400w\" sizes=\"auto, (max-width: 800px) 100vw, 800px\" \/><\/p>\n<p>&nbsp;<\/p>\n<p>El jefe comunal que va por la reelecci\u00f3n tambi\u00e9n agradeci\u00f3 a los vecinos y se mostr\u00f3<strong><em> &#8220;orgulloso del trabajo que hicimos porque trabajamos a conciencia, hablando cara a cara con cada olavarriense que visitamos y no tengo dudas que vamos a hacer una gran elecci\u00f3n&#8221;.<\/em><\/strong><\/p>\n<p>&nbsp;<\/p>\n<p>En paralelo, y como dato a se\u00f1alar<strong>, se vieron muchas boletas de Javier Milei (y Celeste Arouxet) en puerta a puerta de varios barrios de la ciudad.<\/strong> La propia Arouxet hab\u00eda anticipado que en su local partidario tuvo much\u00edsimas consultas sobre las boletas, que llegaron el pasado jueves. Hubo pr\u00e1cticamente una carrera en el local partidario para doblar las miles de boletas que llegaron, para entregar a militantes y poder iniciar el reparto cuanto antes.<\/p>\n<p>&nbsp;<\/p>\n<p>Y esa demanda comenz\u00f3 a verse en la ciudad: <strong>un puerta a puerta intenso en la zona de Pueblo Nuevo, entre los barrios m\u00e1s destacados, en un contrarreloj para acercar la propuesta del libertario y la concejal de Ahora Olavarr\u00eda.<\/strong><\/p>\n<p>&nbsp;<\/p>\n<p>Tras el debate, incluso, <strong>se vio a una Celeste Arouxet con m\u00e1s confianza y se tiene fe de cara al 22: una buena elecci\u00f3n de Milei en Olavarr\u00eda la podr\u00eda dejar a las puertas de una victoria. Al menos, esa es la sensaci\u00f3n general, consultado con propios\u2026y tambi\u00e9n con ajenos a La Libertad Avanza.<\/strong><\/p>\n<p>&nbsp;<\/p>\n<p><strong>\u00bfCu\u00e1nto le sobr\u00f3?<\/strong><\/p>\n<p>&nbsp;<\/p>\n<p><img data-recalc-dims=\"1\" loading=\"lazy\" decoding=\"async\" class=\"alignnone size-large wp-image-98116\" src=\"https:\/\/i0.wp.com\/cdnoticias.com\/wp-content\/uploads\/2023\/10\/debate-enape-1024x570.jpg?resize=800%2C445&#038;ssl=1\" alt=\"\" width=\"800\" height=\"445\" srcset=\"https:\/\/i0.wp.com\/cdnoticias.com\/wp-content\/uploads\/2023\/10\/debate-enape.jpg?resize=1024%2C570&amp;ssl=1 1024w, https:\/\/i0.wp.com\/cdnoticias.com\/wp-content\/uploads\/2023\/10\/debate-enape.jpg?resize=300%2C167&amp;ssl=1 300w, https:\/\/i0.wp.com\/cdnoticias.com\/wp-content\/uploads\/2023\/10\/debate-enape.jpg?resize=768%2C427&amp;ssl=1 768w, https:\/\/i0.wp.com\/cdnoticias.com\/wp-content\/uploads\/2023\/10\/debate-enape.jpg?resize=800%2C445&amp;ssl=1 800w, https:\/\/i0.wp.com\/cdnoticias.com\/wp-content\/uploads\/2023\/10\/debate-enape.jpg?w=1465&amp;ssl=1 1465w\" sizes=\"auto, (max-width: 800px) 100vw, 800px\" \/><\/p>\n<p>&nbsp;<\/p>\n<p>Hagamos un p\u00e1rrafo porque fueron tantos los comentarios relacionados a este tema que ameritan. <strong>A lo desgastante de la campa\u00f1a se le suma que, para muchos, \u201cle sobr\u00f3\u201d un mont\u00f3n. \u00bfHacemos una evaluaci\u00f3n?<\/strong><\/p>\n<p>&nbsp;<\/p>\n<p>Fue una campa\u00f1a m\u00e1s dura. Desde las acusaciones de todos lados hacia todos lados, hasta denuncias y \u201cjuego sucio\u201d. Donde las plataformas en su mayor\u00eda hab\u00edan sido presentadas antes de las PASO, y donde la situaci\u00f3n econ\u00f3mica at\u00f3 mucho las propuestas. <strong>Tal como vimos en el debate, la crisis en la comuna sumado al momento del pa\u00eds hizo que la prioridad est\u00e9 en otro lado.<\/strong><\/p>\n<p>&nbsp;<\/p>\n<p><strong>Eso le quit\u00f3 lugar a las propuestas, y le dio m\u00e1s lugar a las charlas con vecinos, al mano a mano y el di\u00e1logo en la calle.<\/strong> Las visitas si bien aparecieron fueron considerablemente menores a otros tiempos pol\u00edticos incluso fuera de campa\u00f1a, y mucho m\u00e1s si lo comparamos con 2021.<\/p>\n<p>&nbsp;<\/p>\n<p><strong><em>\u201cAl menos un mes sobr\u00f3\u201d; \u201cYa tendr\u00edamos que haber votado\u201d; \u201cFue muy largo\u201d; \u201cQue sea domingo ya y se termine esta incertidumbre\u201d<\/em> <\/strong>fueron algunas de las frases que se escucharon durante esta semana. Sin distinci\u00f3n de frente electoral.<\/p>\n<p>&nbsp;<\/p>\n<p>Es que adem\u00e1s del final abierto en las elecciones (tres con chances en Naci\u00f3n, tres con chances en Provincia y tres en Olavarr\u00eda)<strong> tambi\u00e9n se le suma la incertidumbre por el futuro: los tres proyectos nacionales son muy distintos entre s\u00ed y cualquiera sea el resultado habr\u00e1 un fuerte reacomodamiento, sobre todo de la econom\u00eda. Para bien o para mal.<\/strong><\/p>\n<p>&nbsp;<\/p>\n<p>Un importante dirigente pol\u00edtico olavarriense asever\u00f3 a este newsletter -en el marco de este cansancio generalizado de la campa\u00f1a-<strong> que los \u00faltimos eventos econ\u00f3micos adversos para el pa\u00eds pueden generar que no vaya m\u00e1s gente a votar que en las PASO. Que sea \u201csimilar\u201d o un poco m\u00e1s, pero no la cantidad que se esperaba en agosto. La encuesta que respondimos este fin de semana buscaba (entre otras cosas), medir justamente esto: participaci\u00f3n y corte para el domingo que viene.<\/strong><\/p>\n<p>&nbsp;<\/p>\n<p>Y adem\u00e1s, de agosto a octubre (pasaron dos meses)<strong> es directamente otro pa\u00eds.<\/strong><\/p>\n<p>&nbsp;<\/p>\n<p><strong>Las fotos de la unidad<\/strong><\/p>\n<p>&nbsp;<\/p>\n<p><img data-recalc-dims=\"1\" loading=\"lazy\" decoding=\"async\" class=\"alignnone size-large wp-image-98867\" src=\"https:\/\/i0.wp.com\/cdnoticias.com\/wp-content\/uploads\/2023\/10\/Juntos-por-el-Cambio-2.jpg?resize=800%2C535&#038;ssl=1\" alt=\"\" width=\"800\" height=\"535\" srcset=\"https:\/\/i0.wp.com\/cdnoticias.com\/wp-content\/uploads\/2023\/10\/Juntos-por-el-Cambio-2-scaled.jpg?resize=1024%2C685&amp;ssl=1 1024w, https:\/\/i0.wp.com\/cdnoticias.com\/wp-content\/uploads\/2023\/10\/Juntos-por-el-Cambio-2-scaled.jpg?resize=300%2C201&amp;ssl=1 300w, https:\/\/i0.wp.com\/cdnoticias.com\/wp-content\/uploads\/2023\/10\/Juntos-por-el-Cambio-2-scaled.jpg?resize=768%2C513&amp;ssl=1 768w, https:\/\/i0.wp.com\/cdnoticias.com\/wp-content\/uploads\/2023\/10\/Juntos-por-el-Cambio-2-scaled.jpg?resize=1536%2C1027&amp;ssl=1 1536w, https:\/\/i0.wp.com\/cdnoticias.com\/wp-content\/uploads\/2023\/10\/Juntos-por-el-Cambio-2-scaled.jpg?resize=2048%2C1369&amp;ssl=1 2048w, https:\/\/i0.wp.com\/cdnoticias.com\/wp-content\/uploads\/2023\/10\/Juntos-por-el-Cambio-2-scaled.jpg?resize=272%2C182&amp;ssl=1 272w, https:\/\/i0.wp.com\/cdnoticias.com\/wp-content\/uploads\/2023\/10\/Juntos-por-el-Cambio-2-scaled.jpg?w=1600&amp;ssl=1 1600w, https:\/\/i0.wp.com\/cdnoticias.com\/wp-content\/uploads\/2023\/10\/Juntos-por-el-Cambio-2-scaled.jpg?w=2400&amp;ssl=1 2400w\" sizes=\"auto, (max-width: 800px) 100vw, 800px\" \/><\/p>\n<p>&nbsp;<\/p>\n<p>En la etapa final de la campa\u00f1a<strong> Ezequiel Galli logr\u00f3 dos fotos importantes en su campa\u00f1a: la de la unidad con Dalton J\u00e1uregui y Marcelo Spina por un lado, y la que mostr\u00f3 junto a dirigentes con los que se hab\u00eda distanciado o no se mostr\u00f3 de forma expl\u00edcita por el otro.<\/strong><\/p>\n<p>&nbsp;<\/p>\n<p>Las escalinatas de la <strong>Casa del Bicentenario fueron testigo del primer -y \u00fanico- encuentro entre los tres candidatos de Juntos por el Cambio en Olavarr\u00eda.<\/strong> Tras varias gestiones -y contratiempos de agenda- J\u00e1uregui y Spina se tomaron una imagen con el jefe comunal. Los dos derrotados y el victorioso en la PASO de JxC finalmente llevaban el mensaje de unidad que requer\u00eda el espacio de cara al 22 de octubre.<\/p>\n<p>&nbsp;<\/p>\n<p>Tambi\u00e9n se mostraron juntos -aunque esto ya hab\u00eda sucedido en varias actividades-<strong> Alejandra Lorden (que estuvo en Olavarr\u00eda) y Mart\u00edn Endere, quienes tienen grandes posibilidades de ingresar a la C\u00e1mara de Diputados de la Provincia.<\/strong><\/p>\n<p>&nbsp;<\/p>\n<p><img data-recalc-dims=\"1\" loading=\"lazy\" decoding=\"async\" class=\"alignnone size-large wp-image-98866\" src=\"https:\/\/i0.wp.com\/cdnoticias.com\/wp-content\/uploads\/2023\/10\/Juntos-por-el-Cambio-1.jpg?resize=800%2C535&#038;ssl=1\" alt=\"\" width=\"800\" height=\"535\" srcset=\"https:\/\/i0.wp.com\/cdnoticias.com\/wp-content\/uploads\/2023\/10\/Juntos-por-el-Cambio-1-scaled.jpg?resize=1024%2C685&amp;ssl=1 1024w, https:\/\/i0.wp.com\/cdnoticias.com\/wp-content\/uploads\/2023\/10\/Juntos-por-el-Cambio-1-scaled.jpg?resize=300%2C201&amp;ssl=1 300w, https:\/\/i0.wp.com\/cdnoticias.com\/wp-content\/uploads\/2023\/10\/Juntos-por-el-Cambio-1-scaled.jpg?resize=768%2C513&amp;ssl=1 768w, https:\/\/i0.wp.com\/cdnoticias.com\/wp-content\/uploads\/2023\/10\/Juntos-por-el-Cambio-1-scaled.jpg?resize=1536%2C1027&amp;ssl=1 1536w, https:\/\/i0.wp.com\/cdnoticias.com\/wp-content\/uploads\/2023\/10\/Juntos-por-el-Cambio-1-scaled.jpg?resize=2048%2C1369&amp;ssl=1 2048w, https:\/\/i0.wp.com\/cdnoticias.com\/wp-content\/uploads\/2023\/10\/Juntos-por-el-Cambio-1-scaled.jpg?resize=272%2C182&amp;ssl=1 272w, https:\/\/i0.wp.com\/cdnoticias.com\/wp-content\/uploads\/2023\/10\/Juntos-por-el-Cambio-1-scaled.jpg?w=1600&amp;ssl=1 1600w, https:\/\/i0.wp.com\/cdnoticias.com\/wp-content\/uploads\/2023\/10\/Juntos-por-el-Cambio-1-scaled.jpg?w=2400&amp;ssl=1 2400w\" sizes=\"auto, (max-width: 800px) 100vw, 800px\" \/><\/p>\n<p>&nbsp;<\/p>\n<p>La foto, junto a decenas de dirigentes y militantes, <strong>mostr\u00f3 la esperada unidad del espacio en Olavarr\u00eda.<\/strong><\/p>\n<p>&nbsp;<\/p>\n<p>No fue casual, de hecho, que <strong>en las mismas horas Patricia Bullrich anunciara que Horacio Rodr\u00edguez Larreta sea anunciado como eventual jefe de gabinete en caso de ganar las elecciones<\/strong>: fue un refuerzo para sostener un voto que en la PASO tuvo marcadas diferencias y que, a esta altura, no parec\u00eda asegurado al 100%. No es autom\u00e1tico, pero veremos cu\u00e1nto arrastre habr\u00e1 para con el jefe comunal.<\/p>\n<p>&nbsp;<\/p>\n<p>Y hubo m\u00e1s muestras: quienes tambi\u00e9n estuvieron en la foto de unidad y se mostraron en otras actividades -como la del s\u00e1bado en La Isla- fueron Mario Cura, de Peronismo Republicano, quien ratific\u00f3 que acompa\u00f1a la candidatura de Galli luego de algunos chispazos en el cierre de listas, mientras que tambi\u00e9n comenz\u00f3 a mostrarse <strong>Franco Cominotto, aunque se resalta su presencia en particular dado que el espacio, Evoluci\u00f3n, ya se hab\u00eda mostrado junto a Galli con los concejales Bel\u00e9n Vergel y Sebasti\u00e1n Matrella, adem\u00e1s de Francisco Gonz\u00e1lez, tercer candidato de la lista que lleva el jefe comunal.<\/strong><\/p>\n<p>&nbsp;<\/p>\n<p>Veremos c\u00f3mo termina esta historia: no s\u00f3lo la del jefe comunal y la unidad, sino la de todo Juntos por el Cambio despu\u00e9s del 22 de octubre. <strong>Ya sea en la victoria o en la derrota.<\/strong><\/p>\n<p>&nbsp;<\/p>\n<p><strong>Cortitas<\/strong><\/p>\n<p>&nbsp;<\/p>\n<p><strong>D\u00eda de la Lealtad.<\/strong> El lunes se har\u00e1 un encuentro en Mariano Moreno, con entrada gratuita, organizado por el \u201cMovimiento Obrero de Olavarr\u00eda\u201d, la futura CGT.<\/p>\n<p>&nbsp;<\/p>\n<p><strong>Exenci\u00f3n impositiva para soldados continentales de Olavarr\u00eda.<\/strong> Se aprob\u00f3 en el HCD la ordenanza que fue impulsada por los veteranos continentales. Con ello desde el pr\u00f3ximo enero se eximir\u00e1 de la tasa de Servicios Urbanos en el inmueble que se encuentre habitando el beneficiario, independientemente de la cantidad de propiedades que posea. En ese sentido, el bloque Juntos adelant\u00f3 que se propondr\u00e1 modificar la ordenanza 1501\/92 a fin de equiparar este beneficio con el que incluye a los Veteranos y Ex Combatientes de Malvinas domiciliados en Olavarr\u00eda.<\/p>\n<p>&nbsp;<\/p>\n<p><strong>Un extracto<\/strong><\/p>\n<p>&nbsp;<\/p>\n<p>Esta publicaci\u00f3n es parte de la edici\u00f3n de este domingo del newsletter Volver a las Fuentes que escriben Alexis Grierson y Josefina Bargas. <a href=\"https:\/\/mailchi.mp\/dc033985214a\/un-final-abierto-para-la-pelcula-electoral?e=b6c762679c\">La edici\u00f3n completa est\u00e1 disponible aqu\u00ed<\/a> y tiene un sistema de<a href=\"https:\/\/linktr.ee\/nhdp_valf\"> suscripci\u00f3n econ\u00f3mica y aportes \u00fanicos<\/a> al que se puede acceder aqu\u00ed.<\/p>\n<p>&nbsp;<\/p>\n","protected":false},"excerpt":{"rendered":"<p>Todo lo que dej\u00f3 el debate, denuncia incluida. El inicio del final con actividades durante el s\u00e1bado. \u00bfCu\u00e1nto le sobr\u00f3<\/p>\n","protected":false},"author":2,"featured_media":98750,"comment_status":"closed","ping_status":"closed","sticky":false,"template":"","format":"standard","meta":{"_jetpack_memberships_contains_paid_content":false,"footnotes":""},"categories":[4,1],"tags":[],"class_list":["post-99252","post","type-post","status-publish","format-standard","has-post-thumbnail","hentry","category-politica","category-portada"],"jetpack_featured_media_url":"https:\/\/i0.wp.com\/cdnoticias.com\/wp-content\/uploads\/2023\/10\/DebateFIO2023-55.jpg?fit=1024%2C680&ssl=1","jetpack_sharing_enabled":true,"_links":{"self":[{"href":"https:\/\/cdnoticias.com\/index.php\/wp-json\/wp\/v2\/posts\/99252","targetHints":{"allow":["GET"]}}],"collection":[{"href":"https:\/\/cdnoticias.com\/index.php\/wp-json\/wp\/v2\/posts"}],"about":[{"href":"https:\/\/cdnoticias.com\/index.php\/wp-json\/wp\/v2\/types\/post"}],"author":[{"embeddable":true,"href":"https:\/\/cdnoticias.com\/index.php\/wp-json\/wp\/v2\/users\/2"}],"replies":[{"embeddable":true,"href":"https:\/\/cdnoticias.com\/index.php\/wp-json\/wp\/v2\/comments?post=99252"}],"version-history":[{"count":0,"href":"https:\/\/cdnoticias.com\/index.php\/wp-json\/wp\/v2\/posts\/99252\/revisions"}],"wp:featuredmedia":[{"embeddable":true,"href":"https:\/\/cdnoticias.com\/index.php\/wp-json\/wp\/v2\/media\/98750"}],"wp:attachment":[{"href":"https:\/\/cdnoticias.com\/index.php\/wp-json\/wp\/v2\/media?parent=99252"}],"wp:term":[{"taxonomy":"category","embeddable":true,"href":"https:\/\/cdnoticias.com\/index.php\/wp-json\/wp\/v2\/categories?post=99252"},{"taxonomy":"post_tag","embeddable":true,"href":"https:\/\/cdnoticias.com\/index.php\/wp-json\/wp\/v2\/tags?post=99252"}],"curies":[{"name":"wp","href":"https:\/\/api.w.org\/{rel}","templated":true}]}}