{"id":99247,"date":"2023-10-15T18:16:02","date_gmt":"2023-10-15T22:02:01","guid":{"rendered":"https:\/\/www.centraldenoticias.com.ar\/?p=99247"},"modified":"2025-02-12T22:28:03","modified_gmt":"2025-02-13T01:28:03","slug":"de-la-vega-cerro-otra-semana-de-entrenamientos-con-la-seleccion-sub-23","status":"publish","type":"post","link":"https:\/\/cdnoticias.com\/index.php\/2023\/10\/15\/de-la-vega-cerro-otra-semana-de-entrenamientos-con-la-seleccion-sub-23\/","title":{"rendered":"De la Vega cerr\u00f3 otra semana de entrenamientos con la Selecci\u00f3n Sub 23"},"content":{"rendered":"<p>\u201cPepo\u201d, a la par de los dem\u00e1s citados, trabaj\u00f3 durante los \u00faltimos d\u00edas a las \u00f3rdenes de Javier Mascherano y finaliz\u00f3 la convocatoria con los dos amistosos frente a Venezuela.<!--more--><\/p>\n<hr \/>\n<p>Este s\u00e1bado pasado, <strong>Pedro De la Vega<\/strong> culmin\u00f3 una nueva semana de entrenamientos con la <strong>Selecci\u00f3n Argentina Sub 23<\/strong> aprovechando la fecha FIFA y ya se incorpor\u00f3 a las filas \u201cGranates\u201d para el compromiso de este lunes contra Central C\u00f3rdoba en Santiago Del Estero.<\/p>\n<p>&nbsp;<\/p>\n<p>El atacante olavarriense, quien volvi\u00f3 a ser citado por <strong>Javier Mascherano<\/strong>, trabaj\u00f3 durante toda la semana junto con los restantes diecisiete convocados en el <strong>Predio de la AFA \u201cLionel Andr\u00e9s Messi\u201d<\/strong>.<\/p>\n<p>&nbsp;<\/p>\n<p>Adem\u00e1s de las pr\u00e1cticas, el combinado nacional disput\u00f3 dos amistosos contra Venezuela. En el primero, jugado el viernes, fue <strong>empate 0 a 0<\/strong> y en el segundo, la \u201cAlbiceleste\u201d <strong>igual\u00f3 1 a 1<\/strong> con gol de Bruno Zapelli. <strong>&#8220;Pepo&#8221; comenz\u00f3 en el banco de suplentes en ambos cotejos<\/strong>.<\/p>\n<p>&nbsp;<\/p>\n<p>Por otro lado, en las \u00faltimas horas la Confederaci\u00f3n Sudamericana de F\u00fatbol (CONMEBOL) dio a conocer fecha y sedes del<strong> Preol\u00edmpico de Venezuela 2024<\/strong>, el pr\u00f3ximo objetivo para el elenco comandado por \u201cEl Jefecito\u201d. <strong>La entidad confirm\u00f3 que el campeonato ser\u00e1 del 20 de enero al 11 de febrero y se jugar\u00e1 en las ciudades de Caracas, Valencia y Barquisimeto<\/strong>.<\/p>\n<p>&nbsp;<\/p>\n<p><em><strong>Foto: Club Lan\u00fas.<\/strong><\/em><\/p>\n","protected":false},"excerpt":{"rendered":"<p>\u201cPepo\u201d, a la par de los dem\u00e1s citados, trabaj\u00f3 durante los \u00faltimos d\u00edas a las \u00f3rdenes de Javier Mascherano y<\/p>\n","protected":false},"author":96739694,"featured_media":158198,"comment_status":"closed","ping_status":"closed","sticky":false,"template":"","format":"standard","meta":{"_jetpack_memberships_contains_paid_content":false,"footnotes":""},"categories":[37,1],"tags":[],"class_list":["post-99247","post","type-post","status-publish","format-standard","has-post-thumbnail","hentry","category-futbol-profesional","category-portada"],"jetpack_featured_media_url":"https:\/\/i0.wp.com\/cdnoticias.com\/wp-content\/uploads\/2023\/10\/Pedro-De-la-Vega-Seleccion-Argentina-Sub-23-e1697404529297.jpg?fit=1000%2C615&ssl=1","jetpack_sharing_enabled":true,"_links":{"self":[{"href":"https:\/\/cdnoticias.com\/index.php\/wp-json\/wp\/v2\/posts\/99247","targetHints":{"allow":["GET"]}}],"collection":[{"href":"https:\/\/cdnoticias.com\/index.php\/wp-json\/wp\/v2\/posts"}],"about":[{"href":"https:\/\/cdnoticias.com\/index.php\/wp-json\/wp\/v2\/types\/post"}],"author":[{"embeddable":true,"href":"https:\/\/cdnoticias.com\/index.php\/wp-json\/wp\/v2\/users\/96739694"}],"replies":[{"embeddable":true,"href":"https:\/\/cdnoticias.com\/index.php\/wp-json\/wp\/v2\/comments?post=99247"}],"version-history":[{"count":0,"href":"https:\/\/cdnoticias.com\/index.php\/wp-json\/wp\/v2\/posts\/99247\/revisions"}],"wp:featuredmedia":[{"embeddable":true,"href":"https:\/\/cdnoticias.com\/index.php\/wp-json\/wp\/v2\/media\/158198"}],"wp:attachment":[{"href":"https:\/\/cdnoticias.com\/index.php\/wp-json\/wp\/v2\/media?parent=99247"}],"wp:term":[{"taxonomy":"category","embeddable":true,"href":"https:\/\/cdnoticias.com\/index.php\/wp-json\/wp\/v2\/categories?post=99247"},{"taxonomy":"post_tag","embeddable":true,"href":"https:\/\/cdnoticias.com\/index.php\/wp-json\/wp\/v2\/tags?post=99247"}],"curies":[{"name":"wp","href":"https:\/\/api.w.org\/{rel}","templated":true}]}}