{"id":99174,"date":"2023-10-15T10:40:00","date_gmt":"2023-10-15T13:40:00","guid":{"rendered":"https:\/\/www.centraldenoticias.com.ar\/?p=99174"},"modified":"2023-10-15T11:54:45","modified_gmt":"2023-10-15T14:54:45","slug":"robaron-una-bicicleta-a-un-menor-el-celular-a-su-padre-e-intentaron-agredir-a-la-policia","status":"publish","type":"post","link":"https:\/\/cdnoticias.com\/index.php\/2023\/10\/15\/robaron-una-bicicleta-a-un-menor-el-celular-a-su-padre-e-intentaron-agredir-a-la-policia\/","title":{"rendered":"Robaron una bicicleta a un menor, el celular a su padre e intentaron agredir a la polic\u00eda"},"content":{"rendered":"<p>Hubo cuatro aprehendidos. Uno de los imputados intent\u00f3 sacarle la escopeta a un efectivo que intervino en el hecho. <!--more--><\/p>\n<hr \/>\n<p>Este s\u00e1bado, <strong>personal de Comando de Patrullas aprehendi\u00f3 a cuatro personas que le robaron la bicicleta a un menor de edad, en una pelea le arrebataron el celular a su padre, y cuando intervino personal policial uno de los imputados intent\u00f3 sacarle la escopeta a un efectivo.<\/strong><\/p>\n<p>&nbsp;<\/p>\n<p><strong>El hecho se produjo en Del Valle y Alsina.<\/strong> All\u00ed, un menor de edad denunci\u00f3 que personas le hab\u00edan robado la bicicleta. Al llegar su padre para socorrer a su hijo, reconocieron a los ladrones y los interceptaron.<\/p>\n<p>&nbsp;<\/p>\n<blockquote><p>All\u00ed, se produjo una pelea mientras que en dicho forcejeo un ladr\u00f3n le arrebat\u00f3 el celular al padre del menor. En ese momento intervino personal policial, que intent\u00f3 separar y dilucidar lo sucedido.<\/p><\/blockquote>\n<p>&nbsp;<\/p>\n<p>En ese intento de separar,<strong> uno de los imputados intent\u00f3 sacarle la escopeta a un efectivo policial, no logrando su cometido.<\/strong> De toda la situaci\u00f3n terminaron aprehendiendo a cuatro personas, tres mayores de edad y un menor.<\/p>\n<p>&nbsp;<\/p>\n<p><img data-recalc-dims=\"1\" loading=\"lazy\" decoding=\"async\" class=\"alignnone size-large wp-image-99175\" src=\"https:\/\/i0.wp.com\/cdnoticias.com\/wp-content\/uploads\/2023\/10\/WhatsApp-Image-2023-10-14-at-22.20.35.jpeg?resize=800%2C441&#038;ssl=1\" alt=\"\" width=\"800\" height=\"441\" srcset=\"https:\/\/i0.wp.com\/cdnoticias.com\/wp-content\/uploads\/2023\/10\/WhatsApp-Image-2023-10-14-at-22.20.35.jpeg?resize=1024%2C565&amp;ssl=1 1024w, https:\/\/i0.wp.com\/cdnoticias.com\/wp-content\/uploads\/2023\/10\/WhatsApp-Image-2023-10-14-at-22.20.35.jpeg?resize=300%2C166&amp;ssl=1 300w, https:\/\/i0.wp.com\/cdnoticias.com\/wp-content\/uploads\/2023\/10\/WhatsApp-Image-2023-10-14-at-22.20.35.jpeg?resize=768%2C424&amp;ssl=1 768w, https:\/\/i0.wp.com\/cdnoticias.com\/wp-content\/uploads\/2023\/10\/WhatsApp-Image-2023-10-14-at-22.20.35.jpeg?w=1381&amp;ssl=1 1381w\" sizes=\"auto, (max-width: 800px) 100vw, 800px\" \/><\/p>\n<p>&nbsp;<\/p>\n<p>Tras ser reducidos,<strong> encontraron en uno de los bolsillos un tel\u00e9fono Samsung, que fue reconocido por la v\u00edctima.<\/strong><\/p>\n<p>&nbsp;<\/p>\n<p><strong>Los apresados fueron trasladados a la Comisar\u00eda Primera: los tres mayores de edad quedaron a disposici\u00f3n de la fiscal que interviene en el hecho, mientras que el menor fue devuelto a sus padres.<\/strong><\/p>\n<p>&nbsp;<\/p>\n<p>Las causas fueron caratuladas como <em><strong>\u201cHurto en flagrancia\u201d \u201cLesiones en fragancia\u201d y \u201cAtentado y resistencia a la autoridad\u201d<\/strong> <\/em>e interviene la UFI N\u00b017, a cargo de la doctora Viceconte.<\/p>\n","protected":false},"excerpt":{"rendered":"<p>Hubo cuatro aprehendidos. Uno de los imputados intent\u00f3 sacarle la escopeta a un efectivo que intervino en el hecho.<\/p>\n","protected":false},"author":2,"featured_media":99176,"comment_status":"closed","ping_status":"closed","sticky":false,"template":"","format":"standard","meta":{"_jetpack_memberships_contains_paid_content":false,"footnotes":""},"categories":[14,1],"tags":[],"class_list":["post-99174","post","type-post","status-publish","format-standard","has-post-thumbnail","hentry","category-policiales","category-portada"],"jetpack_featured_media_url":"https:\/\/i0.wp.com\/cdnoticias.com\/wp-content\/uploads\/2023\/10\/WhatsApp-Image-2023-10-14-at-22.20.35-1.jpeg?fit=1365%2C749&ssl=1","jetpack_sharing_enabled":true,"_links":{"self":[{"href":"https:\/\/cdnoticias.com\/index.php\/wp-json\/wp\/v2\/posts\/99174","targetHints":{"allow":["GET"]}}],"collection":[{"href":"https:\/\/cdnoticias.com\/index.php\/wp-json\/wp\/v2\/posts"}],"about":[{"href":"https:\/\/cdnoticias.com\/index.php\/wp-json\/wp\/v2\/types\/post"}],"author":[{"embeddable":true,"href":"https:\/\/cdnoticias.com\/index.php\/wp-json\/wp\/v2\/users\/2"}],"replies":[{"embeddable":true,"href":"https:\/\/cdnoticias.com\/index.php\/wp-json\/wp\/v2\/comments?post=99174"}],"version-history":[{"count":0,"href":"https:\/\/cdnoticias.com\/index.php\/wp-json\/wp\/v2\/posts\/99174\/revisions"}],"wp:featuredmedia":[{"embeddable":true,"href":"https:\/\/cdnoticias.com\/index.php\/wp-json\/wp\/v2\/media\/99176"}],"wp:attachment":[{"href":"https:\/\/cdnoticias.com\/index.php\/wp-json\/wp\/v2\/media?parent=99174"}],"wp:term":[{"taxonomy":"category","embeddable":true,"href":"https:\/\/cdnoticias.com\/index.php\/wp-json\/wp\/v2\/categories?post=99174"},{"taxonomy":"post_tag","embeddable":true,"href":"https:\/\/cdnoticias.com\/index.php\/wp-json\/wp\/v2\/tags?post=99174"}],"curies":[{"name":"wp","href":"https:\/\/api.w.org\/{rel}","templated":true}]}}