{"id":99162,"date":"2023-10-15T08:44:58","date_gmt":"2023-10-15T11:44:58","guid":{"rendered":"https:\/\/www.centraldenoticias.com.ar\/?p=99162"},"modified":"2023-10-15T08:44:58","modified_gmt":"2023-10-15T11:44:58","slug":"rosa-analia-vecchi-q-e-p-d","status":"publish","type":"post","link":"https:\/\/cdnoticias.com\/index.php\/2023\/10\/15\/rosa-analia-vecchi-q-e-p-d\/","title":{"rendered":"Rosa Anal\u00eda Vecchi (Q.E.P.D)"},"content":{"rendered":"<p>Falleci\u00f3 en Olavarr\u00eda el 14 de octubre de 2023 a los 64 a\u00f1os. Su hermano V\u00edctor Hugo Vecchi. Su hermana pol\u00edtica Mirta Barone. Sus sobrinos Cesar y Mauricio Vecchi. Sus sobrinas pol\u00edticas Karina G\u00f3mez y Romina de Oliveira. Sus sobrinos nietos Mauro, Valent\u00edn y Santiago Vecchi.\u00a0Sus amigos y dem\u00e1s deudos participan su fallecimiento.<\/p>\n<p>&nbsp;<\/p>\n<p>Sus restos ser\u00e1n cremados en el Crematorio Pinos de Paz, en d\u00eda y horario a confirmar. Servicio adherido a Coopelectric.<\/p>\n<p>&nbsp;<\/p>\n<p>Nacida en Olavarr\u00eda, vecina de barrio Pueblo Nuevo, bibliotecaria de la Facultad de Ingenier\u00eda y la Facultad de Medicina de Unicen.<\/p>\n","protected":false},"excerpt":{"rendered":"<p>Falleci\u00f3 en Olavarr\u00eda el 14 de octubre de 2023 a los 64 a\u00f1os. Su hermano V\u00edctor Hugo Vecchi. Su hermana<\/p>\n","protected":false},"author":2,"featured_media":67646,"comment_status":"closed","ping_status":"closed","sticky":false,"template":"","format":"standard","meta":{"_jetpack_memberships_contains_paid_content":false,"footnotes":""},"categories":[10],"tags":[],"class_list":["post-99162","post","type-post","status-publish","format-standard","has-post-thumbnail","hentry","category-necrologicas"],"jetpack_featured_media_url":"https:\/\/i0.wp.com\/cdnoticias.com\/wp-content\/uploads\/2022\/10\/necrologicas-390-x-240.jpg?fit=390%2C240&ssl=1","jetpack_sharing_enabled":true,"_links":{"self":[{"href":"https:\/\/cdnoticias.com\/index.php\/wp-json\/wp\/v2\/posts\/99162","targetHints":{"allow":["GET"]}}],"collection":[{"href":"https:\/\/cdnoticias.com\/index.php\/wp-json\/wp\/v2\/posts"}],"about":[{"href":"https:\/\/cdnoticias.com\/index.php\/wp-json\/wp\/v2\/types\/post"}],"author":[{"embeddable":true,"href":"https:\/\/cdnoticias.com\/index.php\/wp-json\/wp\/v2\/users\/2"}],"replies":[{"embeddable":true,"href":"https:\/\/cdnoticias.com\/index.php\/wp-json\/wp\/v2\/comments?post=99162"}],"version-history":[{"count":0,"href":"https:\/\/cdnoticias.com\/index.php\/wp-json\/wp\/v2\/posts\/99162\/revisions"}],"wp:featuredmedia":[{"embeddable":true,"href":"https:\/\/cdnoticias.com\/index.php\/wp-json\/wp\/v2\/media\/67646"}],"wp:attachment":[{"href":"https:\/\/cdnoticias.com\/index.php\/wp-json\/wp\/v2\/media?parent=99162"}],"wp:term":[{"taxonomy":"category","embeddable":true,"href":"https:\/\/cdnoticias.com\/index.php\/wp-json\/wp\/v2\/categories?post=99162"},{"taxonomy":"post_tag","embeddable":true,"href":"https:\/\/cdnoticias.com\/index.php\/wp-json\/wp\/v2\/tags?post=99162"}],"curies":[{"name":"wp","href":"https:\/\/api.w.org\/{rel}","templated":true}]}}