{"id":99156,"date":"2023-10-14T20:54:30","date_gmt":"2023-10-14T23:54:30","guid":{"rendered":"https:\/\/www.centraldenoticias.com.ar\/?p=99156"},"modified":"2023-10-15T10:40:13","modified_gmt":"2023-10-15T13:40:13","slug":"aprehendieron-a-un-joven-por-circular-con-una-moto-con-chasis-limado","status":"publish","type":"post","link":"https:\/\/cdnoticias.com\/index.php\/2023\/10\/14\/aprehendieron-a-un-joven-por-circular-con-una-moto-con-chasis-limado\/","title":{"rendered":"Aprehendieron a un joven por circular con una moto con chasis limado"},"content":{"rendered":"<p>Fue en un control en Del Valle entre Moreno y Lamadrid.<!--more--><\/p>\n<hr \/>\n<p>En la jornada de este s\u00e1bado, <strong>un joven de 20 a\u00f1os fue aprehendido por personal policial luego de que, en un control de rutina, detectaran que ten\u00eda el chasis y la numeraci\u00f3n del motor limadas sin poder identificarla.<\/strong><\/p>\n<p>&nbsp;<\/p>\n<p>El control, realizado por personal de motopolic\u00eda, fue realizado en <strong>Del Valle entre Moreno y Lamadrid. All\u00ed, interceptaron al joven a bordo de una Zanella 110cc, y al solicitar la documentaci\u00f3n detectaron que no ten\u00eda dominio y, adem\u00e1s, ten\u00eda la numeraci\u00f3n de motor y chasis limadas.<\/strong><\/p>\n<p>&nbsp;<\/p>\n<blockquote><p>Es por ello que la moto fue secuestrada, y el joven aprehendido. Tras ser trasladado a la Comisar\u00eda Primera, fue puesto en libertad.<\/p><\/blockquote>\n<p>&nbsp;<\/p>\n<p>La causa fue caratulada como<strong><em> \u201cInfracci\u00f3n al art. 289 inciso 3 del C\u00f3digo Penal\u201d<\/em> <\/strong>y est\u00e1 a cargo del doctor Christian Url\u00e9zaga, titular de la UFI N\u00b07.<\/p>\n","protected":false},"excerpt":{"rendered":"<p>Fue en un control en Del Valle entre Moreno y Lamadrid.<\/p>\n","protected":false},"author":2,"featured_media":99157,"comment_status":"closed","ping_status":"closed","sticky":false,"template":"","format":"standard","meta":{"_jetpack_memberships_contains_paid_content":false,"footnotes":""},"categories":[14,1],"tags":[],"class_list":["post-99156","post","type-post","status-publish","format-standard","has-post-thumbnail","hentry","category-policiales","category-portada"],"jetpack_featured_media_url":"https:\/\/i0.wp.com\/cdnoticias.com\/wp-content\/uploads\/2023\/10\/WhatsApp-Image-2023-10-14-at-18.15.03.jpeg?fit=963%2C598&ssl=1","jetpack_sharing_enabled":true,"_links":{"self":[{"href":"https:\/\/cdnoticias.com\/index.php\/wp-json\/wp\/v2\/posts\/99156","targetHints":{"allow":["GET"]}}],"collection":[{"href":"https:\/\/cdnoticias.com\/index.php\/wp-json\/wp\/v2\/posts"}],"about":[{"href":"https:\/\/cdnoticias.com\/index.php\/wp-json\/wp\/v2\/types\/post"}],"author":[{"embeddable":true,"href":"https:\/\/cdnoticias.com\/index.php\/wp-json\/wp\/v2\/users\/2"}],"replies":[{"embeddable":true,"href":"https:\/\/cdnoticias.com\/index.php\/wp-json\/wp\/v2\/comments?post=99156"}],"version-history":[{"count":0,"href":"https:\/\/cdnoticias.com\/index.php\/wp-json\/wp\/v2\/posts\/99156\/revisions"}],"wp:featuredmedia":[{"embeddable":true,"href":"https:\/\/cdnoticias.com\/index.php\/wp-json\/wp\/v2\/media\/99157"}],"wp:attachment":[{"href":"https:\/\/cdnoticias.com\/index.php\/wp-json\/wp\/v2\/media?parent=99156"}],"wp:term":[{"taxonomy":"category","embeddable":true,"href":"https:\/\/cdnoticias.com\/index.php\/wp-json\/wp\/v2\/categories?post=99156"},{"taxonomy":"post_tag","embeddable":true,"href":"https:\/\/cdnoticias.com\/index.php\/wp-json\/wp\/v2\/tags?post=99156"}],"curies":[{"name":"wp","href":"https:\/\/api.w.org\/{rel}","templated":true}]}}