{"id":99103,"date":"2023-10-15T20:13:45","date_gmt":"2023-10-15T23:13:45","guid":{"rendered":"https:\/\/www.centraldenoticias.com.ar\/?p=99103"},"modified":"2023-10-15T20:13:46","modified_gmt":"2023-10-15T23:13:46","slug":"santilli-y-espert-estuvieron-en-el-local-partidario-de-encuentro-republicano-federal","status":"publish","type":"post","link":"https:\/\/cdnoticias.com\/index.php\/2023\/10\/15\/santilli-y-espert-estuvieron-en-el-local-partidario-de-encuentro-republicano-federal\/","title":{"rendered":"Santilli y Espert estuvieron en el local partidario de Encuentro Republicano Federal"},"content":{"rendered":"<p>Fue durante la visita a Olavarr\u00eda y fueron acompa\u00f1ados por el intendente Galli.<!--more--><\/p>\n<hr \/>\n<p>Encuentro Republicano Federal de Olavarr\u00eda, espacio liderado por Mario Cura a nivel local y a nivel nacional por Miguel \u00c1ngel Pichetto,<a href=\"https:\/\/cdnoticias.com\/index.php\/2023\/10\/12\/diego-santilli-y-jose-luis-espert-visitaron-olavarria-y-acompanaron-a-ezequiel-galli\/\" target=\"_blank\" rel=\"noopener\"> recibi\u00f3 el jueves por la tarde en su sede partidaria a los diputados nacionales Diego Santilli y Jos\u00e9 Luis Espert, as\u00ed como al intendente Ezequiel Galli, junto a la militancia.<\/a><\/p>\n<p>&nbsp;<\/p>\n<p><strong>Mario Cura<\/strong>, agradeci\u00f3 la visita y afirm\u00f3 que \u201c<strong>es necesario trabajar con mayor esfuerzo de cara al 22 de octubre para que Juntos por el Cambio asuma el gobierno el 10 de diciembre.<\/strong> Esto incluye a nivel nacional con Patricia Bullrich, en lo provincial con N\u00e9stor Grindetti, y para que Ezequiel Galli contin\u00fae siendo el intendente del partido de Olavarr\u00eda\u201d.<\/p>\n<p>&nbsp;<\/p>\n<p>Desde el espacio, indicaron que, en medio del doble de boletas para las elecciones generales del pr\u00f3ximo fin de semana, <strong>Jos\u00e9 Luis Espert<\/strong> \u201canaliz\u00f3 la compleja situaci\u00f3n econ\u00f3mica que atraviesa el pa\u00eds. Mencion\u00f3 la constante lucha contra incumplimientos, inflaci\u00f3n y problemas con la moneda. Adem\u00e1s, se\u00f1al\u00f3 al actual ministro de Econom\u00eda y aspirante a la Presidencia por Uni\u00f3n por la Patria, Sergio Massa, como &#8216;<strong>el principal responsable de esta problem\u00e1tica&#8217;<\/strong>\u201d.<\/p>\n<p>&nbsp;<\/p>\n<p>Tambi\u00e9n hizo referencia al<strong> &#8220;plan econ\u00f3mico de Juntos por el Cambio&#8221;,<\/strong> especificando que &#8220;Argentina debe expandir sus intercambios comerciales a nivel internacional&#8221; y &#8220;posteriormente debe lograr una estabilidad fiscal, leyes laborales equitativas, educaci\u00f3n y seguridad&#8221;.<\/p>\n<p>&nbsp;<\/p>\n<p>Por otra parte, se\u00f1alaron que \u201cluego, tom\u00f3 la palabra <strong>Diego Santilli<\/strong>, quien agradeci\u00f3 la presencia y el esfuerzo de toda la militancia, e hizo un reconocimiento a su amigo Miguel \u00c1ngel Pichetto, destac\u00e1ndolo como un gran dirigente y, sobre todo, como una gran persona\u201d.<\/p>\n<p>&nbsp;<\/p>\n<p><img data-recalc-dims=\"1\" loading=\"lazy\" decoding=\"async\" class=\"aligncenter size-full wp-image-99105\" src=\"https:\/\/i0.wp.com\/cdnoticias.com\/wp-content\/uploads\/2023\/10\/encuentro-republicano-01.jpg?resize=800%2C445&#038;ssl=1\" alt=\"\" width=\"800\" height=\"445\" srcset=\"https:\/\/i0.wp.com\/cdnoticias.com\/wp-content\/uploads\/2023\/10\/encuentro-republicano-01.jpg?w=800&amp;ssl=1 800w, https:\/\/i0.wp.com\/cdnoticias.com\/wp-content\/uploads\/2023\/10\/encuentro-republicano-01.jpg?resize=300%2C167&amp;ssl=1 300w, https:\/\/i0.wp.com\/cdnoticias.com\/wp-content\/uploads\/2023\/10\/encuentro-republicano-01.jpg?resize=768%2C427&amp;ssl=1 768w\" sizes=\"auto, (max-width: 800px) 100vw, 800px\" \/><\/p>\n<p>&nbsp;<\/p>\n<p>Posteriormente, dio su perspectiva sobre la Provincia de Buenos Aires, indicando que &#8220;los cambios necesarios ocurren tanto desde las autoridades centrales como desde la base, con la colaboraci\u00f3n de figuras como <strong>Patricia Bullrich y de N\u00e9stor Grindetti<\/strong> en la Provincia&#8221;.<\/p>\n<p>&nbsp;<\/p>\n<p>\u201c<strong>Santilli respald\u00f3 a intendentes competentes como Ezequiel Galli<\/strong> y expres\u00f3 la importancia de evitar que La C\u00e1mpora busque controlar municipalidades para impulsar iniciativas ajenas a la educaci\u00f3n, salud, infraestructura y empleo privado\u201d, relataron desde el espacio local.<\/p>\n<p>&nbsp;<\/p>\n<p>Asimismo, Santilli resalt\u00f3 la relevancia de <strong>\u201cmantener un equilibrio fiscal, priorizando inversiones en \u00e1reas clave como educaci\u00f3n, ciencia y desarrollo\u201d.<\/strong><\/p>\n<p>&nbsp;<\/p>\n<p>Al finalizar, <strong>Ezequiel Galli<\/strong> \u201c<strong>destac\u00f3 la labor de la militancia de Encuentro Republicano Federal<\/strong>, enfoc\u00e1ndose especialmente en quien lidera este espacio, Mario Cura, por el arduo esfuerzo de cara al 22 de octubre\u201d.<\/p>\n<p>&nbsp;<\/p>\n<p>&#8220;Los d\u00edas previos a las elecciones estar\u00e1n dedicados a un esfuerzo intenso, logrando un equilibrio entre la campa\u00f1a, las responsabilidades de gesti\u00f3n y lograr que Juntos por el Cambio sea el gobierno de los argentinos\u201d, indic\u00f3 Galli.<\/p>\n<p>&nbsp;<\/p>\n","protected":false},"excerpt":{"rendered":"<p>Fue durante la visita a Olavarr\u00eda y fueron acompa\u00f1ados por el intendente Galli.<\/p>\n","protected":false},"author":5,"featured_media":99104,"comment_status":"closed","ping_status":"closed","sticky":false,"template":"","format":"standard","meta":{"_jetpack_memberships_contains_paid_content":false,"footnotes":""},"categories":[1],"tags":[],"class_list":["post-99103","post","type-post","status-publish","format-standard","has-post-thumbnail","hentry","category-portada"],"jetpack_featured_media_url":"https:\/\/i0.wp.com\/cdnoticias.com\/wp-content\/uploads\/2023\/10\/encuentro-republicano-02.jpg?fit=800%2C445&ssl=1","jetpack_sharing_enabled":true,"_links":{"self":[{"href":"https:\/\/cdnoticias.com\/index.php\/wp-json\/wp\/v2\/posts\/99103","targetHints":{"allow":["GET"]}}],"collection":[{"href":"https:\/\/cdnoticias.com\/index.php\/wp-json\/wp\/v2\/posts"}],"about":[{"href":"https:\/\/cdnoticias.com\/index.php\/wp-json\/wp\/v2\/types\/post"}],"author":[{"embeddable":true,"href":"https:\/\/cdnoticias.com\/index.php\/wp-json\/wp\/v2\/users\/5"}],"replies":[{"embeddable":true,"href":"https:\/\/cdnoticias.com\/index.php\/wp-json\/wp\/v2\/comments?post=99103"}],"version-history":[{"count":0,"href":"https:\/\/cdnoticias.com\/index.php\/wp-json\/wp\/v2\/posts\/99103\/revisions"}],"wp:featuredmedia":[{"embeddable":true,"href":"https:\/\/cdnoticias.com\/index.php\/wp-json\/wp\/v2\/media\/99104"}],"wp:attachment":[{"href":"https:\/\/cdnoticias.com\/index.php\/wp-json\/wp\/v2\/media?parent=99103"}],"wp:term":[{"taxonomy":"category","embeddable":true,"href":"https:\/\/cdnoticias.com\/index.php\/wp-json\/wp\/v2\/categories?post=99103"},{"taxonomy":"post_tag","embeddable":true,"href":"https:\/\/cdnoticias.com\/index.php\/wp-json\/wp\/v2\/tags?post=99103"}],"curies":[{"name":"wp","href":"https:\/\/api.w.org\/{rel}","templated":true}]}}