{"id":99100,"date":"2023-10-14T16:02:56","date_gmt":"2023-10-14T19:02:56","guid":{"rendered":"https:\/\/www.centraldenoticias.com.ar\/?p=99100"},"modified":"2023-10-14T18:18:36","modified_gmt":"2023-10-14T21:18:36","slug":"olavarria-incluida-en-un-operativo-provincial-sobre-difusion-de-derechos-laborales","status":"publish","type":"post","link":"https:\/\/cdnoticias.com\/index.php\/2023\/10\/14\/olavarria-incluida-en-un-operativo-provincial-sobre-difusion-de-derechos-laborales\/","title":{"rendered":"Olavarr\u00eda incluida en un operativo provincial sobre difusi\u00f3n de Derechos Laborales"},"content":{"rendered":"<p>Comienza este fin de semana largo en ciudades tur\u00edsticas y se extender\u00e1 a otros municipios durante los d\u00edas 18 y 19 con el objetivo de alcanzar a 100 mil bonaerenses. <!--more--><\/p>\n<hr \/>\n<p>El Ministerio de Trabajo de la Provincia, que conduce Walter Correa, pone en marcha una serie de <strong>jornadas de difusi\u00f3n sobre Derechos Laborales<\/strong> que se desarrollar\u00e1n en <strong>154 puntos de la Provincia de Buenos Aires<\/strong> en forma simult\u00e1nea<strong> durante este fin de semana largo y los d\u00edas 18 y 19 del corriente mes.<\/strong><\/p>\n<p>&nbsp;<\/p>\n<blockquote><p>El objetivo de esta iniciativa es poner en conocimiento de los trabajadores y trabajadoras todos los derechos laborales de los que gozan, y al mismo tiempo, informar y facilitar el acceso a todos los beneficios que poseen por desarrollar sus labores en el territorio bonaerense.<\/p><\/blockquote>\n<p>&nbsp;<\/p>\n<p>De acuerdo a lo proyectado, <strong>el objetivo de esta propuesta es alcanzar a 100 mil trabajadores y trabadoras<\/strong> capacitadas y para ello, comenzar\u00e1n este viernes y s\u00e1bado en los siguientes puntos: Mar del Plata, Pinamar, Santa Teresita, Villa Gesell, Ostende, Tandil, Necochea, Claromec\u00f3 y Coronel Rosales.<\/p>\n<p>&nbsp;<\/p>\n<p>Asimismo, los d\u00edas<strong> mi\u00e9rcoles 18 y jueves 19 de octubre,<\/strong> los puntos de difusi\u00f3n ser\u00e1n los siguientes: Almirante Brown, Avellaneda, Lan\u00fas, Lomas de Zamora, Quilmes, Chascom\u00fas, Chivilcoy, La Plata, Lobos, Saladillo, Tres de febrero, Tigre, La Matanza, San Martin, San Isidro, Mor\u00f3n, 9 de julio, Bragado, Lincoln, Pehuaj\u00f3, Trenque Lauquen, Campana, Jos\u00e9 C Paz, Luj\u00e1n, Mercedes, Pilar, San Miguel, Baradero, Chacabuco, Jun\u00edn, Pergamino, San Nicol\u00e1s, Zarate, Exaltaci\u00f3n de la Cruz, SanPedro, Dolores, Partido de la Costa, Tandil, Mar del Plata, <strong>Olavarr\u00eda<\/strong>, Necochea, Balcarce, Azul, Bah\u00eda Blanca, Punta Alta, Mayor Buratovich, Patagones, Coronel Suarez, Pig\u00fc\u00e9 y Tres Arroyos.<\/p>\n","protected":false},"excerpt":{"rendered":"<p>Comienza este fin de semana largo en ciudades tur\u00edsticas y se extender\u00e1 a otros municipios durante los d\u00edas 18 y<\/p>\n","protected":false},"author":5,"featured_media":99101,"comment_status":"closed","ping_status":"closed","sticky":false,"template":"","format":"standard","meta":{"_jetpack_memberships_contains_paid_content":false,"footnotes":""},"categories":[5,1],"tags":[],"class_list":["post-99100","post","type-post","status-publish","format-standard","has-post-thumbnail","hentry","category-informacion-general","category-portada"],"jetpack_featured_media_url":"https:\/\/i0.wp.com\/cdnoticias.com\/wp-content\/uploads\/2023\/10\/derechos-laborales.jpeg?fit=800%2C450&ssl=1","jetpack_sharing_enabled":true,"_links":{"self":[{"href":"https:\/\/cdnoticias.com\/index.php\/wp-json\/wp\/v2\/posts\/99100","targetHints":{"allow":["GET"]}}],"collection":[{"href":"https:\/\/cdnoticias.com\/index.php\/wp-json\/wp\/v2\/posts"}],"about":[{"href":"https:\/\/cdnoticias.com\/index.php\/wp-json\/wp\/v2\/types\/post"}],"author":[{"embeddable":true,"href":"https:\/\/cdnoticias.com\/index.php\/wp-json\/wp\/v2\/users\/5"}],"replies":[{"embeddable":true,"href":"https:\/\/cdnoticias.com\/index.php\/wp-json\/wp\/v2\/comments?post=99100"}],"version-history":[{"count":0,"href":"https:\/\/cdnoticias.com\/index.php\/wp-json\/wp\/v2\/posts\/99100\/revisions"}],"wp:featuredmedia":[{"embeddable":true,"href":"https:\/\/cdnoticias.com\/index.php\/wp-json\/wp\/v2\/media\/99101"}],"wp:attachment":[{"href":"https:\/\/cdnoticias.com\/index.php\/wp-json\/wp\/v2\/media?parent=99100"}],"wp:term":[{"taxonomy":"category","embeddable":true,"href":"https:\/\/cdnoticias.com\/index.php\/wp-json\/wp\/v2\/categories?post=99100"},{"taxonomy":"post_tag","embeddable":true,"href":"https:\/\/cdnoticias.com\/index.php\/wp-json\/wp\/v2\/tags?post=99100"}],"curies":[{"name":"wp","href":"https:\/\/api.w.org\/{rel}","templated":true}]}}