{"id":99097,"date":"2023-10-15T17:24:07","date_gmt":"2023-10-15T20:24:07","guid":{"rendered":"https:\/\/www.centraldenoticias.com.ar\/?p=99097"},"modified":"2023-10-15T19:14:36","modified_gmt":"2023-10-15T22:14:36","slug":"nuevos-trajes-de-gala-para-el-personal-del-cuerpo-activo-de-bomberos-voluntarios","status":"publish","type":"post","link":"https:\/\/cdnoticias.com\/index.php\/2023\/10\/15\/nuevos-trajes-de-gala-para-el-personal-del-cuerpo-activo-de-bomberos-voluntarios\/","title":{"rendered":"Nuevos trajes de gala para el personal del Cuerpo Activo de Bomberos Voluntarios"},"content":{"rendered":"<p>Fueron gestionados por la subcomisi\u00f3n de Damas para el personal femenino de la instituci\u00f3n.<!--more--><\/p>\n<hr \/>\n<p>La subcomisi\u00f3n de Damas entreg\u00f3 trajes de gala para el personal femenino del Cuerpo Activo. Los mismos ser\u00e1n presentados en el <strong>Acto Oficial por el 74 aniversario de la Asociaci\u00f3n.<\/strong><\/p>\n<p>&nbsp;<\/p>\n<p>Se trata de <strong>cinco nuevos trajes<\/strong> que fueron gestionados por la subcomisi\u00f3n presidida por Marisa Jauregui.<\/p>\n<p>&nbsp;<\/p>\n<p>Los trajes ser\u00e1n lucidos el pr\u00f3ximo <strong>14 de octubre<\/strong> en el marco de las celebraciones por los 74 a\u00f1os de Bomberos.<\/p>\n","protected":false},"excerpt":{"rendered":"<p>Fueron gestionados por la subcomisi\u00f3n de Damas para el personal femenino de la instituci\u00f3n.<\/p>\n","protected":false},"author":5,"featured_media":99098,"comment_status":"closed","ping_status":"closed","sticky":false,"template":"","format":"standard","meta":{"_jetpack_memberships_contains_paid_content":false,"footnotes":""},"categories":[5,1],"tags":[],"class_list":["post-99097","post","type-post","status-publish","format-standard","has-post-thumbnail","hentry","category-informacion-general","category-portada"],"jetpack_featured_media_url":"https:\/\/i0.wp.com\/cdnoticias.com\/wp-content\/uploads\/2023\/10\/bomberos-trajes.jpg?fit=800%2C445&ssl=1","jetpack_sharing_enabled":true,"_links":{"self":[{"href":"https:\/\/cdnoticias.com\/index.php\/wp-json\/wp\/v2\/posts\/99097","targetHints":{"allow":["GET"]}}],"collection":[{"href":"https:\/\/cdnoticias.com\/index.php\/wp-json\/wp\/v2\/posts"}],"about":[{"href":"https:\/\/cdnoticias.com\/index.php\/wp-json\/wp\/v2\/types\/post"}],"author":[{"embeddable":true,"href":"https:\/\/cdnoticias.com\/index.php\/wp-json\/wp\/v2\/users\/5"}],"replies":[{"embeddable":true,"href":"https:\/\/cdnoticias.com\/index.php\/wp-json\/wp\/v2\/comments?post=99097"}],"version-history":[{"count":0,"href":"https:\/\/cdnoticias.com\/index.php\/wp-json\/wp\/v2\/posts\/99097\/revisions"}],"wp:featuredmedia":[{"embeddable":true,"href":"https:\/\/cdnoticias.com\/index.php\/wp-json\/wp\/v2\/media\/99098"}],"wp:attachment":[{"href":"https:\/\/cdnoticias.com\/index.php\/wp-json\/wp\/v2\/media?parent=99097"}],"wp:term":[{"taxonomy":"category","embeddable":true,"href":"https:\/\/cdnoticias.com\/index.php\/wp-json\/wp\/v2\/categories?post=99097"},{"taxonomy":"post_tag","embeddable":true,"href":"https:\/\/cdnoticias.com\/index.php\/wp-json\/wp\/v2\/tags?post=99097"}],"curies":[{"name":"wp","href":"https:\/\/api.w.org\/{rel}","templated":true}]}}