{"id":9901,"date":"2020-12-24T17:43:27","date_gmt":"2020-12-24T20:43:27","guid":{"rendered":"http:\/\/www.centraldenoticias.com.ar\/?p=9901"},"modified":"2020-12-24T17:43:27","modified_gmt":"2020-12-24T20:43:27","slug":"facundo-gaston-barrionuevo-facu-melli-q-e-p-d","status":"publish","type":"post","link":"https:\/\/cdnoticias.com\/index.php\/2020\/12\/24\/facundo-gaston-barrionuevo-facu-melli-q-e-p-d\/","title":{"rendered":"Facundo Gast\u00f3n Barrionuevo \u201cFacu \u2013 Melli\u201d (Q.E.P.D.)"},"content":{"rendered":"<p>Falleci\u00f3 en Olavarr\u00eda el d\u00eda 24 de diciembre a los 26 a\u00f1os de edad. Tus padres Luis Alberto y Julia Eva; tus hermanos Sergio Gabriel, Mar\u00eda Soledad, Pablo Nicol\u00e1s, Natalia Julieta y Federico Luis junto a su abuela, t\u00edos, primos, sobrinos y amigos ruegan por tu eterno descanso. Vivir\u00e1s por siempre en nuestros corazones<\/p>\n<p>&nbsp;<\/p>\n<p>Sus restos ser\u00e1n velados en sala \u201cD\u201d de Espa\u00f1a 2942 (de 18:00 a 20:00) y ser\u00e1n cremados en Crematorio Pinos de Paz, el s\u00e1bado 26 de diciembre a las 12:00.<\/p>\n","protected":false},"excerpt":{"rendered":"<p>Falleci\u00f3 en Olavarr\u00eda el d\u00eda 24 de diciembre a los 26 a\u00f1os de edad. Tus padres Luis Alberto y Julia<\/p>\n","protected":false},"author":5,"featured_media":0,"comment_status":"closed","ping_status":"closed","sticky":false,"template":"","format":"standard","meta":{"_jetpack_memberships_contains_paid_content":false,"footnotes":""},"categories":[10],"tags":[],"class_list":["post-9901","post","type-post","status-publish","format-standard","hentry","category-necrologicas"],"jetpack_featured_media_url":"","jetpack_sharing_enabled":true,"_links":{"self":[{"href":"https:\/\/cdnoticias.com\/index.php\/wp-json\/wp\/v2\/posts\/9901","targetHints":{"allow":["GET"]}}],"collection":[{"href":"https:\/\/cdnoticias.com\/index.php\/wp-json\/wp\/v2\/posts"}],"about":[{"href":"https:\/\/cdnoticias.com\/index.php\/wp-json\/wp\/v2\/types\/post"}],"author":[{"embeddable":true,"href":"https:\/\/cdnoticias.com\/index.php\/wp-json\/wp\/v2\/users\/5"}],"replies":[{"embeddable":true,"href":"https:\/\/cdnoticias.com\/index.php\/wp-json\/wp\/v2\/comments?post=9901"}],"version-history":[{"count":0,"href":"https:\/\/cdnoticias.com\/index.php\/wp-json\/wp\/v2\/posts\/9901\/revisions"}],"wp:attachment":[{"href":"https:\/\/cdnoticias.com\/index.php\/wp-json\/wp\/v2\/media?parent=9901"}],"wp:term":[{"taxonomy":"category","embeddable":true,"href":"https:\/\/cdnoticias.com\/index.php\/wp-json\/wp\/v2\/categories?post=9901"},{"taxonomy":"post_tag","embeddable":true,"href":"https:\/\/cdnoticias.com\/index.php\/wp-json\/wp\/v2\/tags?post=9901"}],"curies":[{"name":"wp","href":"https:\/\/api.w.org\/{rel}","templated":true}]}}