{"id":98997,"date":"2023-10-12T21:53:35","date_gmt":"2023-10-13T00:53:35","guid":{"rendered":"https:\/\/www.centraldenoticias.com.ar\/?p=98997"},"modified":"2023-10-14T10:34:31","modified_gmt":"2023-10-14T13:34:31","slug":"diego-santilli-y-jose-luis-espert-visitaron-olavarria-y-acompanaron-a-ezequiel-galli","status":"publish","type":"post","link":"https:\/\/cdnoticias.com\/index.php\/2023\/10\/12\/diego-santilli-y-jose-luis-espert-visitaron-olavarria-y-acompanaron-a-ezequiel-galli\/","title":{"rendered":"Diego Santilli y Jos\u00e9 Luis Espert visitaron Olavarr\u00eda y acompa\u00f1aron a Ezequiel Galli"},"content":{"rendered":"<p>Fue durante este jueves por la tarde. Hubo varias actividades y charla con los medios: Espert se\u00f1al\u00f3 \u201cel problema nacional\u201d mientras que Santilli hizo referencia al caso Insaurralde y Chocolate. Mensaje de unidad de Juntos por el Cambio. <!--more--><\/p>\n<hr \/>\n<p>Este jueves por la tarde<strong>, el diputado nacional Diego Santilli y Jos\u00e9 Luis Espert visitaron Olavarr\u00eda para acompa\u00f1ar la candidatura del Intendente Ezequiel Galli en Juntos por el Cambio, que busca la re-reelecci\u00f3n.<\/strong> Con un diagn\u00f3stico de lo sucedido en los \u00faltimos d\u00edas y pidiendo el voto para Bullrich, Grindetti y Galli, pasaron con reuniones y di\u00e1logo con los medios.<\/p>\n<blockquote><p>Estuvieron en Azul en principio, para luego llegar a Olavarr\u00eda y realizar varias actividades: encuentro con la militancia, una reuni\u00f3n con vecinos en Barrio Lourdes, otro encuentro con integrantes de Peronismo Republicano y finalmente, una cena con referentes de toda la Secci\u00f3n.<\/p><\/blockquote>\n<p>En di\u00e1logo con los medios, Santilli dijo que ve bien y creciendo al espacio a nivel nacional, <em>\u201clo veo tambi\u00e9n creciendo N\u00e9stor (Grindetti) y obviamente a nuestros intendentes, lo que estamos haciendo con Jos\u00e9 Luis Espert es recorrer todos los distritos, acompa\u00f1ar a nuestros candidatos sobre todo Olavarr\u00eda que es el centro de la provincia de Buenos Aires, un eje productivo para nosotros muy importante y un intendente muy importante, uno de los referentes destacados es Ezequiel Galli, as\u00ed que acompa\u00f1arlo y yo veo creciendo a Juntos por el Cambio\u201d.<\/em><\/p>\n<p><img data-recalc-dims=\"1\" loading=\"lazy\" decoding=\"async\" class=\"alignnone size-large wp-image-98992\" src=\"https:\/\/i0.wp.com\/cdnoticias.com\/wp-content\/uploads\/2023\/10\/santilli-confe2.jpg?resize=800%2C445&#038;ssl=1\" alt=\"\" width=\"800\" height=\"445\" srcset=\"https:\/\/i0.wp.com\/cdnoticias.com\/wp-content\/uploads\/2023\/10\/santilli-confe2-scaled.jpg?resize=1024%2C570&amp;ssl=1 1024w, https:\/\/i0.wp.com\/cdnoticias.com\/wp-content\/uploads\/2023\/10\/santilli-confe2-scaled.jpg?resize=300%2C167&amp;ssl=1 300w, https:\/\/i0.wp.com\/cdnoticias.com\/wp-content\/uploads\/2023\/10\/santilli-confe2-scaled.jpg?resize=768%2C427&amp;ssl=1 768w, https:\/\/i0.wp.com\/cdnoticias.com\/wp-content\/uploads\/2023\/10\/santilli-confe2-scaled.jpg?resize=1536%2C855&amp;ssl=1 1536w, https:\/\/i0.wp.com\/cdnoticias.com\/wp-content\/uploads\/2023\/10\/santilli-confe2-scaled.jpg?resize=2048%2C1140&amp;ssl=1 2048w, https:\/\/i0.wp.com\/cdnoticias.com\/wp-content\/uploads\/2023\/10\/santilli-confe2-scaled.jpg?resize=800%2C445&amp;ssl=1 800w, https:\/\/i0.wp.com\/cdnoticias.com\/wp-content\/uploads\/2023\/10\/santilli-confe2-scaled.jpg?w=1600&amp;ssl=1 1600w, https:\/\/i0.wp.com\/cdnoticias.com\/wp-content\/uploads\/2023\/10\/santilli-confe2-scaled.jpg?w=2400&amp;ssl=1 2400w\" sizes=\"auto, (max-width: 800px) 100vw, 800px\" \/><\/p>\n<p>Espert hizo un extenso diagn\u00f3stico de la situaci\u00f3n nacional, por su parte: <em>\u201cHace sesenta a\u00f1os. Sesenta eh. Ni un a\u00f1o el error, que<strong> tenemos un Estado que gasta m\u00e1s de lo que recauda. Todos y cada uno de los \u00faltimos sesenta a\u00f1os el Estado Argentino al gastar m\u00e1s de lo que recauda ha tenido y tiene d\u00e9ficit fiscal.<\/strong> Los d\u00e9ficit fiscales se financian de dos maneras. O con emisi\u00f3n o con deuda. El primero trae problemas con la inflaci\u00f3n y con el d\u00f3lar. El segundo trae m\u00e1s deuda&#8221;.<\/em><\/p>\n<blockquote><p>\u201cArgentina, en los \u00faltimos sesenta a\u00f1os, vive con problemas con el d\u00f3lar, vive con problemas de inflaci\u00f3n, vive con problemas que est\u00e1n ocurriendo hoy, viene ocurriendo todos y cada uno en los \u00faltimos sesenta a\u00f1os, es lo mismo\u201d.<\/p><\/blockquote>\n<p>Se\u00f1al\u00f3 que la sociedad \u201cvota mal\u201d porque de los 60,<em> \u201c40 fueron sociedades en democracia. Afortunadamente, por cierto, pero el grueso del tiempo, estando en democracia, evidentemente estamos votando mal porque el 100% del tiempo estamos con este problema de hoy\u201d.<\/em><\/p>\n<p><img data-recalc-dims=\"1\" loading=\"lazy\" decoding=\"async\" class=\"alignnone size-large wp-image-98985\" src=\"https:\/\/i0.wp.com\/cdnoticias.com\/wp-content\/uploads\/2023\/10\/espert-confe1.jpg?resize=800%2C445&#038;ssl=1\" alt=\"\" width=\"800\" height=\"445\" srcset=\"https:\/\/i0.wp.com\/cdnoticias.com\/wp-content\/uploads\/2023\/10\/espert-confe1-scaled.jpg?resize=1024%2C570&amp;ssl=1 1024w, https:\/\/i0.wp.com\/cdnoticias.com\/wp-content\/uploads\/2023\/10\/espert-confe1-scaled.jpg?resize=300%2C167&amp;ssl=1 300w, https:\/\/i0.wp.com\/cdnoticias.com\/wp-content\/uploads\/2023\/10\/espert-confe1-scaled.jpg?resize=768%2C427&amp;ssl=1 768w, https:\/\/i0.wp.com\/cdnoticias.com\/wp-content\/uploads\/2023\/10\/espert-confe1-scaled.jpg?resize=1536%2C855&amp;ssl=1 1536w, https:\/\/i0.wp.com\/cdnoticias.com\/wp-content\/uploads\/2023\/10\/espert-confe1-scaled.jpg?resize=2048%2C1140&amp;ssl=1 2048w, https:\/\/i0.wp.com\/cdnoticias.com\/wp-content\/uploads\/2023\/10\/espert-confe1-scaled.jpg?resize=800%2C445&amp;ssl=1 800w, https:\/\/i0.wp.com\/cdnoticias.com\/wp-content\/uploads\/2023\/10\/espert-confe1-scaled.jpg?w=1600&amp;ssl=1 1600w, https:\/\/i0.wp.com\/cdnoticias.com\/wp-content\/uploads\/2023\/10\/espert-confe1-scaled.jpg?w=2400&amp;ssl=1 2400w\" sizes=\"auto, (max-width: 800px) 100vw, 800px\" \/><\/p>\n<p>A partir de all\u00ed, acus\u00f3 con dureza a Sergio Massa, ministro de Econom\u00eda y candidato de Uni\u00f3n por la Patria: <strong><em>\u201cMassa recibi\u00f3 la econom\u00eda con un d\u00f3lar a 280, el d\u00f3lar est\u00e1 en 1000. Massa ha recibido una econom\u00eda creciendo al 7%, hoy cae 3%. Recibi\u00f3 la econom\u00eda con 70% de inflaci\u00f3n. Hoy es el doble, 140%. Alberto Fern\u00e1ndez, antes hab\u00eda generado 500 mil nuevos pobres. Massa en 14 meses gener\u00f3 un mill\u00f3n ochocientos mil m\u00e1s pobres. O sea, esto es Massa\u201d.<\/em><\/strong><\/p>\n<p>Y adem\u00e1s acus\u00f3 en \u201cmenor responsabilidad\u201d a La Libertad Avanza <em>\u201cque le ha votado todos los cap\u00edtulos en el Congreso por ley, <strong>los que agrandan el d\u00e9ficit fiscal, el problema de inflaci\u00f3n y el problema del d\u00f3lar. Cuando Milei ayer dijo en conferencia de prensa, que le parec\u00eda hip\u00f3crita a los pol\u00edticos que bajan impuestos sin bajar el gasto<\/strong>. \u00c9l vota eso, en es un gran hip\u00f3crita Milei\u201d.<\/em><\/p>\n<p><img data-recalc-dims=\"1\" loading=\"lazy\" decoding=\"async\" class=\"alignnone size-large wp-image-98986\" src=\"https:\/\/i0.wp.com\/cdnoticias.com\/wp-content\/uploads\/2023\/10\/espert-confe2.jpg?resize=800%2C445&#038;ssl=1\" alt=\"\" width=\"800\" height=\"445\" srcset=\"https:\/\/i0.wp.com\/cdnoticias.com\/wp-content\/uploads\/2023\/10\/espert-confe2-scaled.jpg?resize=1024%2C570&amp;ssl=1 1024w, https:\/\/i0.wp.com\/cdnoticias.com\/wp-content\/uploads\/2023\/10\/espert-confe2-scaled.jpg?resize=300%2C167&amp;ssl=1 300w, https:\/\/i0.wp.com\/cdnoticias.com\/wp-content\/uploads\/2023\/10\/espert-confe2-scaled.jpg?resize=768%2C427&amp;ssl=1 768w, https:\/\/i0.wp.com\/cdnoticias.com\/wp-content\/uploads\/2023\/10\/espert-confe2-scaled.jpg?resize=1536%2C855&amp;ssl=1 1536w, https:\/\/i0.wp.com\/cdnoticias.com\/wp-content\/uploads\/2023\/10\/espert-confe2-scaled.jpg?resize=2048%2C1140&amp;ssl=1 2048w, https:\/\/i0.wp.com\/cdnoticias.com\/wp-content\/uploads\/2023\/10\/espert-confe2-scaled.jpg?resize=800%2C445&amp;ssl=1 800w, https:\/\/i0.wp.com\/cdnoticias.com\/wp-content\/uploads\/2023\/10\/espert-confe2-scaled.jpg?w=1600&amp;ssl=1 1600w, https:\/\/i0.wp.com\/cdnoticias.com\/wp-content\/uploads\/2023\/10\/espert-confe2-scaled.jpg?w=2400&amp;ssl=1 2400w\" sizes=\"auto, (max-width: 800px) 100vw, 800px\" \/><\/p>\n<p>Dijo que Juntos por el Cambio <em>\u201ctiene las ideas correctas y el m\u00fasculo adecuado de intendentes, legisladores, concejales, senadores, diputados, entonces el programa econ\u00f3mico de Juntos por el Cambio, el que la propone a la sociedad desde las Paso y le vuelve a proponer para el 22 de octubre es un programa donde le proponemos a la gente que se haga en Argentina lo que se hace en los pa\u00edses donde la gente vive bien. Argentina tiene que comerciar para el mundo. Argentina tiene todo para venderle al mundo\u201d.<\/em><\/p>\n<blockquote><p>\u201cNi el delirio decadente kirchnerista nos lleva a Venezuela o Nicaragua, Maduro y Ortega o este salto al vac\u00edo que yo dir\u00eda es un precipicio que nos propone Javier Milei\u201d.<\/p><\/blockquote>\n<p><strong>Santilli catalog\u00f3 los \u00faltimos casos bonaerenses (como el de \u201cChocolate\u201d en la Legislatura y el de Insaurralde en Marbella) como <em>\u201cun esc\u00e1ndalo inadmisible, insoportable, intolerable, donde hay que ir a fondo.<\/em><\/strong><em> Juzgamiento a aquellos que est\u00e1n prendidos en esta operaci\u00f3n de este Chocolate. Avanzar hacia una c\u00e1mara unicameral como tienen muchas provincias: C\u00f3rdoba, la ciudad de Buenos Aires, la bicameralidad que hace que se reduzca el gasto\u201d.<\/em> De todas maneras, aclar\u00f3 que si no se juzgan los casos de corrupci\u00f3n <strong><em>\u201cpor m\u00e1s que lo tengas unicameral sigue habiendo otro Chocolate pero las cosas pueden pasar con una sola c\u00e1mara. As\u00ed que hay que ir a fondo con eso\u201d.<\/em><\/strong><\/p>\n<p><img data-recalc-dims=\"1\" loading=\"lazy\" decoding=\"async\" class=\"alignnone size-large wp-image-98993\" src=\"https:\/\/i0.wp.com\/cdnoticias.com\/wp-content\/uploads\/2023\/10\/santilli-confe3.jpg?resize=800%2C445&#038;ssl=1\" alt=\"\" width=\"800\" height=\"445\" srcset=\"https:\/\/i0.wp.com\/cdnoticias.com\/wp-content\/uploads\/2023\/10\/santilli-confe3-scaled.jpg?resize=1024%2C570&amp;ssl=1 1024w, https:\/\/i0.wp.com\/cdnoticias.com\/wp-content\/uploads\/2023\/10\/santilli-confe3-scaled.jpg?resize=300%2C167&amp;ssl=1 300w, https:\/\/i0.wp.com\/cdnoticias.com\/wp-content\/uploads\/2023\/10\/santilli-confe3-scaled.jpg?resize=768%2C427&amp;ssl=1 768w, https:\/\/i0.wp.com\/cdnoticias.com\/wp-content\/uploads\/2023\/10\/santilli-confe3-scaled.jpg?resize=1536%2C855&amp;ssl=1 1536w, https:\/\/i0.wp.com\/cdnoticias.com\/wp-content\/uploads\/2023\/10\/santilli-confe3-scaled.jpg?resize=2048%2C1140&amp;ssl=1 2048w, https:\/\/i0.wp.com\/cdnoticias.com\/wp-content\/uploads\/2023\/10\/santilli-confe3-scaled.jpg?resize=800%2C445&amp;ssl=1 800w, https:\/\/i0.wp.com\/cdnoticias.com\/wp-content\/uploads\/2023\/10\/santilli-confe3-scaled.jpg?w=1600&amp;ssl=1 1600w, https:\/\/i0.wp.com\/cdnoticias.com\/wp-content\/uploads\/2023\/10\/santilli-confe3-scaled.jpg?w=2400&amp;ssl=1 2400w\" sizes=\"auto, (max-width: 800px) 100vw, 800px\" \/><\/p>\n<blockquote><p>\u201cLos chicos no tienen todos los d\u00edas clases. And\u00e1 al conurbano. No tienen todos los d\u00edas cl\u00e1sicos porque no hay ventilador, o porque no hay estufa, o porque no hay gas, o porque o porque o porque\u2026falta uno, falt\u00f3 el otro no hay clase. Entonces \u00bfCu\u00e1l es el aprendizaje? Para salir adelante debemos entrar en una sociedad con educaci\u00f3n\u201d agreg\u00f3 el \u201cColo\u201d.<\/p><\/blockquote>\n<p>Tambi\u00e9n habl\u00f3 de la Salud y dijo que <em><strong>\u201cno hay atenci\u00f3n en los hospitales. Ac\u00e1 ten\u00e9s un ejemplo, un intendente que tiene un trabajo en el Hospital\u201d<\/strong><\/em> dijo por Galli y compar\u00f3: <strong><em>\u201cestuvimos en Azul con Jos\u00e9 Luis. El vecino de Azul nos dec\u00eda \u2018quisi\u00e9ramos tener un intendente como el Olavarr\u00eda que nos permit\u00eda atendernos a nosotros en el Hospital\u2019\u201d.<\/em><\/strong><\/p>\n<p><img data-recalc-dims=\"1\" loading=\"lazy\" decoding=\"async\" class=\"alignnone size-large wp-image-98991\" src=\"https:\/\/i0.wp.com\/cdnoticias.com\/wp-content\/uploads\/2023\/10\/santilli-confe1.jpg?resize=800%2C445&#038;ssl=1\" alt=\"\" width=\"800\" height=\"445\" srcset=\"https:\/\/i0.wp.com\/cdnoticias.com\/wp-content\/uploads\/2023\/10\/santilli-confe1-scaled.jpg?resize=1024%2C570&amp;ssl=1 1024w, https:\/\/i0.wp.com\/cdnoticias.com\/wp-content\/uploads\/2023\/10\/santilli-confe1-scaled.jpg?resize=300%2C167&amp;ssl=1 300w, https:\/\/i0.wp.com\/cdnoticias.com\/wp-content\/uploads\/2023\/10\/santilli-confe1-scaled.jpg?resize=768%2C427&amp;ssl=1 768w, https:\/\/i0.wp.com\/cdnoticias.com\/wp-content\/uploads\/2023\/10\/santilli-confe1-scaled.jpg?resize=1536%2C855&amp;ssl=1 1536w, https:\/\/i0.wp.com\/cdnoticias.com\/wp-content\/uploads\/2023\/10\/santilli-confe1-scaled.jpg?resize=2048%2C1140&amp;ssl=1 2048w, https:\/\/i0.wp.com\/cdnoticias.com\/wp-content\/uploads\/2023\/10\/santilli-confe1-scaled.jpg?resize=800%2C445&amp;ssl=1 800w, https:\/\/i0.wp.com\/cdnoticias.com\/wp-content\/uploads\/2023\/10\/santilli-confe1-scaled.jpg?w=1600&amp;ssl=1 1600w, https:\/\/i0.wp.com\/cdnoticias.com\/wp-content\/uploads\/2023\/10\/santilli-confe1-scaled.jpg?w=2400&amp;ssl=1 2400w\" sizes=\"auto, (max-width: 800px) 100vw, 800px\" \/><\/p>\n<blockquote><p>\u201cEl trabajo es atender los problemas que tiene hoy la inflaci\u00f3n, los insumos que los Intendentes que necesitan para hacer crecer ese Hospital, que lo desarrolla, que lo lleva adelante\u201d dijo tambi\u00e9n.<\/p><\/blockquote>\n<p>Sobre la inseguridad, Santilli destac\u00f3 que <em>\u201cdej\u00f3 de ser un patrimonio solo del conurbano y se extiende por toda la provincia de Buenos Aires\u201d. Y sobre los tres puntos mencionados, dijo que \u201cson responsabilidades primarias y centrales de un gobernador\u201d.<\/em><\/p>\n<p>\u201c<em>Aqu\u00ed esto se cambia de arriba hacia abajo y de abajo hacia arriba. Con Patricia, con N\u00e9stor en la provincia y de abajo hacia arriba sosteniendo con los intendentes: la calidad de Ezequiel Galli que tiene laburo, que forma, crece y est\u00e1 evitando que La C\u00e1mpora trate de tomar reductos o municipios para llevar adelante cosas que no tienen que ver con la Educaci\u00f3n, con la Salud, con la Infraestructura, con el trabajo privado que es el comerciante desarroll\u00e1ndose, la pyme creciendo, hay que avanzar en ese camino\u201d<\/em> dijo, en otro de sus pasajes.<\/p>\n","protected":false},"excerpt":{"rendered":"<p>Fue durante este jueves por la tarde. Hubo varias actividades y charla con los medios: Espert se\u00f1al\u00f3 \u201cel problema nacional\u201d<\/p>\n","protected":false},"author":2,"featured_media":98988,"comment_status":"closed","ping_status":"closed","sticky":false,"template":"","format":"standard","meta":{"_jetpack_memberships_contains_paid_content":false,"footnotes":""},"categories":[4,1],"tags":[],"class_list":["post-98997","post","type-post","status-publish","format-standard","has-post-thumbnail","hentry","category-politica","category-portada"],"jetpack_featured_media_url":"https:\/\/i0.wp.com\/cdnoticias.com\/wp-content\/uploads\/2023\/10\/espertgalli-confe2-scaled.jpg?fit=2560%2C1424&ssl=1","jetpack_sharing_enabled":true,"_links":{"self":[{"href":"https:\/\/cdnoticias.com\/index.php\/wp-json\/wp\/v2\/posts\/98997","targetHints":{"allow":["GET"]}}],"collection":[{"href":"https:\/\/cdnoticias.com\/index.php\/wp-json\/wp\/v2\/posts"}],"about":[{"href":"https:\/\/cdnoticias.com\/index.php\/wp-json\/wp\/v2\/types\/post"}],"author":[{"embeddable":true,"href":"https:\/\/cdnoticias.com\/index.php\/wp-json\/wp\/v2\/users\/2"}],"replies":[{"embeddable":true,"href":"https:\/\/cdnoticias.com\/index.php\/wp-json\/wp\/v2\/comments?post=98997"}],"version-history":[{"count":0,"href":"https:\/\/cdnoticias.com\/index.php\/wp-json\/wp\/v2\/posts\/98997\/revisions"}],"wp:featuredmedia":[{"embeddable":true,"href":"https:\/\/cdnoticias.com\/index.php\/wp-json\/wp\/v2\/media\/98988"}],"wp:attachment":[{"href":"https:\/\/cdnoticias.com\/index.php\/wp-json\/wp\/v2\/media?parent=98997"}],"wp:term":[{"taxonomy":"category","embeddable":true,"href":"https:\/\/cdnoticias.com\/index.php\/wp-json\/wp\/v2\/categories?post=98997"},{"taxonomy":"post_tag","embeddable":true,"href":"https:\/\/cdnoticias.com\/index.php\/wp-json\/wp\/v2\/tags?post=98997"}],"curies":[{"name":"wp","href":"https:\/\/api.w.org\/{rel}","templated":true}]}}