{"id":9899,"date":"2020-12-24T17:42:48","date_gmt":"2020-12-24T20:42:48","guid":{"rendered":"http:\/\/www.centraldenoticias.com.ar\/?p=9899"},"modified":"2020-12-24T17:42:48","modified_gmt":"2020-12-24T20:42:48","slug":"andres-azzatto-choty-q-e-p-d","status":"publish","type":"post","link":"https:\/\/cdnoticias.com\/index.php\/2020\/12\/24\/andres-azzatto-choty-q-e-p-d\/","title":{"rendered":"Andr\u00e9s Azzatto \u201cChoty\u201d (Q.E.P.D.)"},"content":{"rendered":"<p>Falleci\u00f3 en Olavarr\u00eda el d\u00eda 24 de diciembre a los 81 a\u00f1os de edad. Su esposa Esther Saida Sos; sus hijos C\u00e9sar Daniel y M\u00f3nica Graciela Azzatto; sus hijos pol\u00edticos Daniel Ottaviano y Miriam Elisabeth Pagano; sus nietos Nicol\u00e1s y Facundo Ottaviano; Cristian Ezequiel y Franco Emanuel Azzatto; sus hermanos Omar e Irma Azzatto y dem\u00e1s deudos participan su fallecimiento.<\/p>\n<p>&nbsp;<\/p>\n<p>Sus restos ser\u00e1n velados en Espa\u00f1a 2942 sala \u201cD\u201d (comienza el lunes a las 6:30) y ser\u00e1n cremados en Crematorio Pinos de Paz, el lunes 28 de diciembre a las 8:30, previo responso en la capilla ardiente. Vecino de Microcentro. Jubilado de la f\u00e1brica Loma Negra.<\/p>\n","protected":false},"excerpt":{"rendered":"<p>Falleci\u00f3 en Olavarr\u00eda el d\u00eda 24 de diciembre a los 81 a\u00f1os de edad. Su esposa Esther Saida Sos; sus<\/p>\n","protected":false},"author":5,"featured_media":0,"comment_status":"closed","ping_status":"closed","sticky":false,"template":"","format":"standard","meta":{"_jetpack_memberships_contains_paid_content":false,"footnotes":""},"categories":[10],"tags":[],"class_list":["post-9899","post","type-post","status-publish","format-standard","hentry","category-necrologicas"],"jetpack_featured_media_url":"","jetpack_sharing_enabled":true,"_links":{"self":[{"href":"https:\/\/cdnoticias.com\/index.php\/wp-json\/wp\/v2\/posts\/9899","targetHints":{"allow":["GET"]}}],"collection":[{"href":"https:\/\/cdnoticias.com\/index.php\/wp-json\/wp\/v2\/posts"}],"about":[{"href":"https:\/\/cdnoticias.com\/index.php\/wp-json\/wp\/v2\/types\/post"}],"author":[{"embeddable":true,"href":"https:\/\/cdnoticias.com\/index.php\/wp-json\/wp\/v2\/users\/5"}],"replies":[{"embeddable":true,"href":"https:\/\/cdnoticias.com\/index.php\/wp-json\/wp\/v2\/comments?post=9899"}],"version-history":[{"count":0,"href":"https:\/\/cdnoticias.com\/index.php\/wp-json\/wp\/v2\/posts\/9899\/revisions"}],"wp:attachment":[{"href":"https:\/\/cdnoticias.com\/index.php\/wp-json\/wp\/v2\/media?parent=9899"}],"wp:term":[{"taxonomy":"category","embeddable":true,"href":"https:\/\/cdnoticias.com\/index.php\/wp-json\/wp\/v2\/categories?post=9899"},{"taxonomy":"post_tag","embeddable":true,"href":"https:\/\/cdnoticias.com\/index.php\/wp-json\/wp\/v2\/tags?post=9899"}],"curies":[{"name":"wp","href":"https:\/\/api.w.org\/{rel}","templated":true}]}}