{"id":98956,"date":"2023-10-12T18:38:50","date_gmt":"2023-10-12T21:38:50","guid":{"rendered":"https:\/\/www.centraldenoticias.com.ar\/?p=98956"},"modified":"2023-10-13T09:31:21","modified_gmt":"2023-10-13T12:31:21","slug":"lanzaron-la-campana-todos-por-thiago","status":"publish","type":"post","link":"https:\/\/cdnoticias.com\/index.php\/2023\/10\/12\/lanzaron-la-campana-todos-por-thiago\/","title":{"rendered":"Lanzaron la campa\u00f1a \u201cTodos por Thiago\u201d"},"content":{"rendered":"<p>Sufre una enfermedad que requiere una importante operaci\u00f3n en el Hospital Garrahan y piden colaborar para sostener los gastos log\u00edsticos de su rehabilitaci\u00f3n en Capital Federal.<!--more--><\/p>\n<hr \/>\n<p><strong>Thiago Almeida tiene 15 a\u00f1os y sufre una enfermedad denominada neurofibromatosis tipo I.<\/strong> Ya tuvo una operaci\u00f3n y deber\u00e1 realizar una segunda intervenci\u00f3n quir\u00fargica en su columna en el Hospital Garrahan. <strong>Familiares y amigos lanzaron la campa\u00f1a \u201cTodos por Thiago\u201d para solventar su rehabilitaci\u00f3n en Capital Federal.<\/strong><\/p>\n<p>&nbsp;<\/p>\n<blockquote><p>La enfermedad es un trastorno hereditario en el cual se forman tumores de tejidos nerviosos en las capas superior e inferior de la piel que se manifiestan como &#8220;manchas de caf\u00e9 con leche&#8221; de distintos tama\u00f1os.<\/p><\/blockquote>\n<p>&nbsp;<\/p>\n<p>Si bien la obra social cubre la cirug\u00eda (que es la colocaci\u00f3n de una pr\u00f3tesis) y el hospedaje, <strong>se apela a la solidaridad de los vecinos de la ciudad para solventar otros gastos (alimentos, traslados, entre lo m\u00e1s destacado) dado que Thiago deber\u00e1 continuar el tratamiento en Buenos Aires.<\/strong><\/p>\n<p>&nbsp;<\/p>\n<blockquote><p>Es por ello que pusieron a disposici\u00f3n una cuenta de Mercado Pago, cuyo alias es ThiagoAlmeida1 y el CBU es 0000003100079522450565.<\/p><\/blockquote>\n<p>&nbsp;<\/p>\n<p>Por cualquier detalle u otro tipo de aporte, brindaron el tel\u00e9fono de<strong> la mam\u00e1 de Thiago, Valeria Molina: 2284 15680217.<\/strong><\/p>\n","protected":false},"excerpt":{"rendered":"<p>Sufre una enfermedad que requiere una importante operaci\u00f3n en el Hospital Garrahan y piden colaborar para sostener los gastos log\u00edsticos<\/p>\n","protected":false},"author":2,"featured_media":98957,"comment_status":"closed","ping_status":"closed","sticky":false,"template":"","format":"standard","meta":{"_jetpack_memberships_contains_paid_content":false,"footnotes":""},"categories":[5,1],"tags":[],"class_list":["post-98956","post","type-post","status-publish","format-standard","has-post-thumbnail","hentry","category-informacion-general","category-portada"],"jetpack_featured_media_url":"https:\/\/i0.wp.com\/cdnoticias.com\/wp-content\/uploads\/2023\/10\/Diseno-sin-titulo.png?fit=900%2C600&ssl=1","jetpack_sharing_enabled":true,"_links":{"self":[{"href":"https:\/\/cdnoticias.com\/index.php\/wp-json\/wp\/v2\/posts\/98956","targetHints":{"allow":["GET"]}}],"collection":[{"href":"https:\/\/cdnoticias.com\/index.php\/wp-json\/wp\/v2\/posts"}],"about":[{"href":"https:\/\/cdnoticias.com\/index.php\/wp-json\/wp\/v2\/types\/post"}],"author":[{"embeddable":true,"href":"https:\/\/cdnoticias.com\/index.php\/wp-json\/wp\/v2\/users\/2"}],"replies":[{"embeddable":true,"href":"https:\/\/cdnoticias.com\/index.php\/wp-json\/wp\/v2\/comments?post=98956"}],"version-history":[{"count":0,"href":"https:\/\/cdnoticias.com\/index.php\/wp-json\/wp\/v2\/posts\/98956\/revisions"}],"wp:featuredmedia":[{"embeddable":true,"href":"https:\/\/cdnoticias.com\/index.php\/wp-json\/wp\/v2\/media\/98957"}],"wp:attachment":[{"href":"https:\/\/cdnoticias.com\/index.php\/wp-json\/wp\/v2\/media?parent=98956"}],"wp:term":[{"taxonomy":"category","embeddable":true,"href":"https:\/\/cdnoticias.com\/index.php\/wp-json\/wp\/v2\/categories?post=98956"},{"taxonomy":"post_tag","embeddable":true,"href":"https:\/\/cdnoticias.com\/index.php\/wp-json\/wp\/v2\/tags?post=98956"}],"curies":[{"name":"wp","href":"https:\/\/api.w.org\/{rel}","templated":true}]}}